{"id":268242,"date":"2025-07-23T14:47:09","date_gmt":"2025-07-23T14:47:09","guid":{"rendered":"https:\/\/www.europesays.com\/fr\/268242\/"},"modified":"2025-07-23T14:47:09","modified_gmt":"2025-07-23T14:47:09","slug":"la-chambre-dappel-de-la-ffbb-valide-le-maintien-de-lasvel-en-ligue-feminine","status":"publish","type":"post","link":"https:\/\/www.europesays.com\/fr\/268242\/","title":{"rendered":"la chambre d\u2019appel de la FFBB valide le maintien de l\u2019Asvel en Ligue f\u00e9minine"},"content":{"rendered":"<p>R\u00e9trograd\u00e9 en championnat r\u00e9gional \u00e0 cause de sa situation financi\u00e8re difficile il y a un mois, le club lyonnais a finalement \u00e9t\u00e9 maintenu dans l\u2019\u00e9lite.<\/p>\n<p class=\"fig-paragraph\">L\u2019Asvel a annonc\u00e9 mercredi avoir \u00e9t\u00e9 maintenu en Ligue f\u00e9minine de basket-ball pour la saison 2025-2026 par la chambre d&rsquo;appel de la F\u00e9d\u00e9ration fran\u00e7aise de Basketball. Le 23 juin, le club pr\u00e9sid\u00e9 par Tony Parker avait \u00e9t\u00e9\u00a0<a href=\"http:\/\/www.lefigaro.fr\/sports\/basket\/basket-f-l-asvel-feminin-retrograde-en-regionale-le-club-fait-appel-et-reste-pleinement-mobilise-pour-le-maintien-20250623\" data-fig-type=\"NewsFlash\" data-gtm-custom-categorie=\"navigation\" data-gtm-custom-action=\"crossclick\" data-gtm-custom-label=\"Contextuel\" data-gtm-event=\"customEventSPE\" data-fig-domain=\"LEFIGARO\" target=\"_blank\" rel=\"noopener\">r\u00e9trograd\u00e9 en championnat r\u00e9gional<\/a>\u00a0par la commission de contr\u00f4le de gestion (CCG) en raison d&rsquo;une situation financi\u00e8re difficile. \u00abCette d\u00e9cision fait suite \u00e0 l&rsquo;appel interjet\u00e9 par le club et \u00e0 la mobilisation exemplaire de l&rsquo;ensemble des parties prenantes qui ont su r\u00e9unir dans les temps les garanties n\u00e9cessaires \u00e0 la continuit\u00e9 du projet\u00bb, pr\u00e9cise\u00a0<a href=\"http:\/\/www.lefigaro.fr\/sports\/basket\/basket-aulas-vers-un-investissement-dans-l-asvel-en-soutien-a-tony-parker-20250707\" data-fig-type=\"NewsFlash\" data-gtm-custom-categorie=\"navigation\" data-gtm-custom-action=\"crossclick\" data-gtm-custom-label=\"Contextuel\" data-gtm-event=\"customEventSPE\" data-fig-domain=\"LEFIGARO\" target=\"_blank\" rel=\"noopener\">Lyon Asvel f\u00e9minin<\/a>\u00a0dans un communiqu\u00e9.<\/p>\n<p class=\"fig-paragraph\">\u00abConfront\u00e9 au d\u00e9sengagement brutal d&rsquo;un partenaire financier majeur\u00bb, la plateforme de streaming Skweek, \u00able club a d\u00fb faire le choix difficile de ne pas engager d&rsquo;\u00e9quipe en Eurocoupe pour la saison \u00e0 venir\u00bb, rappelle-t-il, laissant entendre avoir eu \u00e9galement recours \u00e0 un apport d&rsquo;actionnaires qu&rsquo;il \u00abremercie chaleureusement\u00bb. Pour l&rsquo;Asvel Villeurbanne, l&rsquo;\u00e9quipe masculine,\u00a0<a href=\"http:\/\/www.lefigaro.fr\/sports\/basket\/basket-tony-parker-annonce-un-apport-des-actionnaires-pour-combler-le-deficit-de-l-asvel-20250624\" data-fig-type=\"NewsFlash\" data-gtm-custom-categorie=\"navigation\" data-gtm-custom-action=\"crossclick\" data-gtm-custom-label=\"Contextuel\" data-gtm-event=\"customEventSPE\" data-fig-domain=\"LEFIGARO\" target=\"_blank\" rel=\"noopener\">un apport d&rsquo;actionnaires avait \u00e9galement \u00e9t\u00e9 n\u00e9cessaire<\/a>\u00a0pour combler son d\u00e9ficit et satisfaire aux demandes de la Commission de contr\u00f4le de gestion.<\/p>\n<p>                                    <a class=\"fig-a11y-skip a11y-hidden\" href=\"#fig-a11y-skip-main-inarticle\"><br \/>\n        Passer la publicit\u00e9<br \/>\n    <\/a><\/p>\n<p class=\"fig-paragraph\">En avril, Tony Parker avait annonc\u00e9 avoir\u00a0<a href=\"http:\/\/www.lefigaro.fr\/sports\/basket\/basket-tony-parker-menace-d-attaquer-la-plateforme-skweek-en-justice-si-elle-ne-respecte-pas-le-contrat-avec-l-asvel-20250320\" data-fig-type=\"NewsFlash\" data-gtm-custom-categorie=\"navigation\" data-gtm-custom-action=\"crossclick\" data-gtm-custom-label=\"Contextuel\" data-gtm-event=\"customEventSPE\" data-fig-domain=\"LEFIGARO\" target=\"_blank\" rel=\"noopener\">mis en demeure Skweek<\/a>, un de ses principaux sponsors, pour non-respect de son contrat. La plateforme de streaming appartient \u00e0 Fedcom dirig\u00e9 par l&rsquo;homme d&rsquo;affaires Aleksej Fedoricsev, par ailleurs pr\u00e9sident de l&rsquo;AS Monaco basket. Lyon Asvel F\u00e9minin a \u00e9t\u00e9 deux fois champion de France (2019, 2023), vainqueur de la Coupe de France (2023) et a remport\u00e9 l&rsquo;Eurocoupe en 2023. Cette saison, l&rsquo;\u00e9quipe lyonnaise s&rsquo;est class\u00e9e 7e de la Ligue f\u00e9minine et a ensuite \u00e9t\u00e9 \u00e9limin\u00e9e d\u00e8s les quarts de finale.<\/p>\n","protected":false},"excerpt":{"rendered":"R\u00e9trograd\u00e9 en championnat r\u00e9gional \u00e0 cause de sa situation financi\u00e8re difficile il y a un mois, le club&hellip;\n","protected":false},"author":2,"featured_media":268243,"comment_status":"","ping_status":"","sticky":false,"template":"","format":"standard","meta":{"footnotes":""},"categories":[1414],"tags":[2190,1465,1464,1011,27,60,19370],"class_list":{"0":"post-268242","1":"post","2":"type-post","3":"status-publish","4":"format-standard","5":"has-post-thumbnail","7":"category-basket","8":"tag-asvel","9":"tag-basket","10":"tag-basketball","11":"tag-fr","12":"tag-france","13":"tag-sports","14":"tag-tony-parker"},"share_on_mastodon":{"url":"https:\/\/pubeurope.com\/@fr\/114903098603378724","error":""},"_links":{"self":[{"href":"https:\/\/www.europesays.com\/fr\/wp-json\/wp\/v2\/posts\/268242","targetHints":{"allow":["GET"]}}],"collection":[{"href":"https:\/\/www.europesays.com\/fr\/wp-json\/wp\/v2\/posts"}],"about":[{"href":"https:\/\/www.europesays.com\/fr\/wp-json\/wp\/v2\/types\/post"}],"author":[{"embeddable":true,"href":"https:\/\/www.europesays.com\/fr\/wp-json\/wp\/v2\/users\/2"}],"replies":[{"embeddable":true,"href":"https:\/\/www.europesays.com\/fr\/wp-json\/wp\/v2\/comments?post=268242"}],"version-history":[{"count":0,"href":"https:\/\/www.europesays.com\/fr\/wp-json\/wp\/v2\/posts\/268242\/revisions"}],"wp:featuredmedia":[{"embeddable":true,"href":"https:\/\/www.europesays.com\/fr\/wp-json\/wp\/v2\/media\/268243"}],"wp:attachment":[{"href":"https:\/\/www.europesays.com\/fr\/wp-json\/wp\/v2\/media?parent=268242"}],"wp:term":[{"taxonomy":"category","embeddable":true,"href":"https:\/\/www.europesays.com\/fr\/wp-json\/wp\/v2\/categories?post=268242"},{"taxonomy":"post_tag","embeddable":true,"href":"https:\/\/www.europesays.com\/fr\/wp-json\/wp\/v2\/tags?post=268242"}],"curies":[{"name":"wp","href":"https:\/\/api.w.org\/{rel}","templated":true}]}}