{"id":268244,"date":"2025-07-23T14:48:12","date_gmt":"2025-07-23T14:48:12","guid":{"rendered":"https:\/\/www.europesays.com\/fr\/268244\/"},"modified":"2025-07-23T14:48:12","modified_gmt":"2025-07-23T14:48:12","slug":"une-petite-erreur-nentache-pas-le-grand-prix-reussi-de-bastianini","status":"publish","type":"post","link":"https:\/\/www.europesays.com\/fr\/268244\/","title":{"rendered":"Une \u00ab\u00a0petite erreur\u00a0\u00bb n&rsquo;entache pas le Grand Prix r\u00e9ussi de Bastianini"},"content":{"rendered":"<p>Le r\u00eave \u00e9veill\u00e9 qu&rsquo;a v\u00e9cu <a href=\"https:\/\/fr.motorsport.com\/driver\/enea-bastianini\/109398\/\" target=\"_blank\" rel=\"noopener\">Enea Bastianini<\/a> en d\u00e9crochant la troisi\u00e8me place du sprint de Brno s&rsquo;est termin\u00e9 brutalement, dans un bac \u00e0 gravier du circuit, o\u00f9 il est tomb\u00e9 dans le septi\u00e8me tour du Grand Prix. Il occupait alors une belle quatri\u00e8me position, tr\u00e8s au-dessus de ce qu&rsquo;il a r\u00e9alis\u00e9 jusqu&rsquo;\u00e0 pr\u00e9sent cette ann\u00e9e.<\/p>\n<p>Il venait de prendre cette place \u00e0 <a href=\"https:\/\/fr.motorsport.com\/driver\/pecco-bagnaia\/109394\/\" target=\"_blank\" rel=\"noopener\">Pecco Bagnaia<\/a>, apr\u00e8s s&rsquo;\u00eatre d\u00e9j\u00e0 d\u00e9fait de <a href=\"https:\/\/fr.motorsport.com\/driver\/fabio-quartararo\/109400\/\" target=\"_blank\" rel=\"noopener\">Fabio Quartararo<\/a>, <a href=\"https:\/\/fr.motorsport.com\/driver\/raul-fernandez\/443094\/\" target=\"_blank\" rel=\"noopener\">Ra\u00fal Fern\u00e1ndez<\/a> et <a href=\"https:\/\/fr.motorsport.com\/driver\/jack-miller\/96423\/\" target=\"_blank\" rel=\"noopener\">Jack Miller<\/a> pr\u00e9c\u00e9demment, dans un d\u00e9but de course agressif, o\u00f9 il a pu d\u00e9passer \u00ab\u00a0ais\u00e9ment\u00a0\u00bb. Cette prestation qu&rsquo;\u00e9tait en train de r\u00e9aliser le pilote Tech3 s&rsquo;inscrivait dans la continuit\u00e9 d&rsquo;un week-end tout de suite bien embarqu\u00e9.<\/p>\n<p>Content de ses sensations d\u00e8s les premiers essais, il a r\u00e9alis\u00e9 son meilleur vendredi avec KTM, s&rsquo;est qualifi\u00e9 directement en Q2 avant de d\u00e9crocher la 11e place sur la grille apr\u00e8s des qualifications quelque peu perturb\u00e9es.\u00a0Puis, samedi, il y eut l&rsquo;\u00e9motion de son premier \u00ab\u00a0podium\u00a0\u00bb avec la marque.<\/p>\n<p>Lire aussi :<\/p>\n<p>\u00ab\u00a0[Vendredi] j&rsquo;ai vu qu&rsquo;on allait pouvoir faire quelque chose de bien ce week-end. Je me suis tout de suite senti \u00e0 l&rsquo;aise avec la moto, ce qui n&rsquo;\u00e9tait pratiquement jamais arriv\u00e9, et j&rsquo;en ai donc profit\u00e9\u00a0\u00bb, a expliqu\u00e9 l&rsquo;Italien dans le courant du week-end. \u00ab\u00a0\u00catre pour la premi\u00e8re fois sur une nouvelle piste avec la MotoGP a \u00e9t\u00e9 un avantage pour moi, parce que je n&rsquo;ai aucune r\u00e9f\u00e9rence du pass\u00e9. Sur tous les circuits, j&rsquo;ai les r\u00e9f\u00e9rences de ma moto pr\u00e9c\u00e9dente, mais pas ici\u00a0\u00bb, a-t-il estim\u00e9, saluant aussi le travail de KTM et de Tech3 pour en arriver \u00e0 ce r\u00e9sultat.<\/p>\n<p>Dimanche, donc, ces quelques tours parfaitement r\u00e9ussis ont \u00ab\u00a0confirm\u00e9\u00a0\u00bb ce que Bastianini avait per\u00e7u la veille.\u00a0\u00ab\u00a0J&rsquo;en \u00e9tais conscient, je savais que je pourrais faire une belle course\u00a0\u00bb, a-t-il assur\u00e9. Sauf qu&rsquo;il n&rsquo;a pas eu le loisir de profiter bien longtemps de son potentiel :\u00a0\u00ab\u00a0Le d\u00e9part a \u00e9t\u00e9 moins bon qu&rsquo;hier, par contre il m&rsquo;a \u00e9t\u00e9 plus facile de d\u00e9passer les autres pilotes. J&rsquo;\u00e9tais d\u00e9j\u00e0 quatri\u00e8me mais je suis arriv\u00e9 au virage 3 o\u00f9, pour la premi\u00e8re fois, je n&rsquo;avais pas d&rsquo;aspiration et la moto a eu une forte glissade quand j&rsquo;ai frein\u00e9, [la roue arri\u00e8re] n&rsquo;a pas recommenc\u00e9 \u00e0 tourner et j&rsquo;ai fait cette petite erreur.\u00a0\u00bb<\/p>\n<p>\u00a0<\/p>\n<p>\u00ab\u00a0La course s&rsquo;est termin\u00e9e trop t\u00f4t pour moi, mais jusqu&rsquo;\u00e0 ce moment-l\u00e0, j&rsquo;ai \u00e9t\u00e9 rapide et je suis satisfait de ce que j&rsquo;ai fait\u00a0\u00bb, a-t-il soulign\u00e9.\u00a0\u00ab\u00a0J&rsquo;\u00e9tais plus relax sur la moto, sa stabilit\u00e9 \u00e9tait tr\u00e8s bonne ici, avec le grip. Je pense que ce nouvel asphalte nous a beaucoup aid\u00e9s, parce que ma moto est parfois instable, on a des mouvements, mais pas ici. Pedro [Acosta] et moi, on a \u00e9t\u00e9 tr\u00e8s rapides tout au long du week-end et j&rsquo;esp\u00e8re me revoir \u00e0 cette position \u00e0 l&rsquo;avenir.\u00a0\u00bb<\/p>\n<p>Un Grand Prix qui fait du bien<\/p>\n<p>Le passage \u00e0 Brno a en effet souri au clan KTM dans son ensemble, et Bastianini n&rsquo;a eu que peu de vibrations par rapport \u00e0 d&rsquo;autres circuits.\u00a0Physiquement, il a tenu, m\u00eame si la reprise a \u00e9t\u00e9 un peu \u00e9prouvante pour lui apr\u00e8s <a href=\"https:\/\/fr.motorsport.com\/motogp\/news\/bastianini-retour-affaibli-crise-appendicite\/10742826\/\" target=\"_self\" rel=\"noopener\">la forte intoxication bact\u00e9rienne qu&rsquo;il a subie quelques jours plus t\u00f4t<\/a>.<\/p>\n<p>\u00ab\u00a0[Jeudi] je n&rsquo;\u00e9tais pas \u00e0 100%. Apr\u00e8s mon hospitalisation, j&rsquo;ai pass\u00e9 du temps \u00e0 la maison, et apr\u00e8s \u00eatre venu ici et avoir fait plein de choses, j&rsquo;\u00e9tais un peu fatigu\u00e9\u00a0\u00bb, avait-il expliqu\u00e9, avant de ressentir une petite fatigue musculaire au lancement des essais puis de voir son \u00e9tat s&rsquo;am\u00e9liorer progressivement.<\/p>\n<p>Ce qui ressort finalement de ce week-end, c&rsquo;est le plaisir qu&rsquo;a pris le pilote Tech3.\u00a0\u00ab\u00a0Dans ces quelques tours que j&rsquo;ai faits aujourd&rsquo;hui, et aussi au sprint, je me suis amus\u00e9\u00a0\u00bb, soulignait-il dimanche soir.<\/p>\n<p>   <img decoding=\"async\" draggable=\"false\" src=\"https:\/\/www.europesays.com\/fr\/wp-content\/uploads\/2025\/07\/1753282092_660_enea-bastianini-red-bull-ktm-t.jpg\" alt=\"Enea Bastianini, Red Bull KTM Tech 3\" width=\"1200\" height=\"800\" loading=\"lazy\"\/> <\/p>\n<p class=\"title\">Enea Bastianini \u00e9tait quatri\u00e8me avant de tomber.<\/p>\n<p class=\"photographer\">Photo de : Gold and Goose Photography \/ LAT Images \/ via Getty Images<\/p>\n<p>\u00ab\u00a0\u00c7a faisait longtemps que je n&rsquo;arrivais pas \u00e0 d\u00e9passer, ou en tout cas \u00e0 bien terminer un d\u00e9passement. Dans les derni\u00e8res courses, je devais tout le temps d\u00e9passer en \u00e9tant \u00e0 la limite, toujours avec la moto assez &lsquo;\u00e9nerv\u00e9e&rsquo; et j&rsquo;avais du mal \u00e0 bien refermer la trajectoire. Par contre, ce week-end, \u00e7a a \u00e9t\u00e9 diff\u00e9rent, j&rsquo;ai r\u00e9ussi \u00e0 piloter proprement, \u00e0 faire de beaux d\u00e9passements, et j&rsquo;esp\u00e8re que le peu de tours que j&rsquo;ai faits ont \u00e9t\u00e9 amusants \u00e0 voir.\u00a0\u00bb<\/p>\n<p>Quelle impression ce Grand Prix lui laisse-t-il \u00e0 la pause\u00a0?\u00a0\u00ab\u00a0Je pense que \u00e7a n&rsquo;a pas \u00e9t\u00e9 un hasard. \u00catre rapide sur un circuit comme celui de Brno signifie qu&rsquo;un step a \u00e9t\u00e9 fait parce que c&rsquo;est une piste tr\u00e8s difficile\u00a0\u00bb, a-t-il voulu retenir.<\/p>\n<p>\u00ab\u00a0Pedro et moi, on a tout de suite \u00e9t\u00e9 rapides alors le fait que la piste ait eu tellement de grip nous a aid\u00e9s, j&rsquo;en suis s\u00fbr, mais il y en aura d&rsquo;autres qui auront une adh\u00e9rence similaire et il y en aura aussi sur lesquelles on souffrira beaucoup. Il va donc falloir rester concentr\u00e9s. Il va aussi y avoir des nouveaut\u00e9s qui vont arriver, je ne sais pas quand mais je pense que quelque chose pourrait arriver d\u00e8s l&rsquo;Autriche. Je suis certain que KTM pousse fort pour nous permettre d&rsquo;\u00eatre comp\u00e9titifs.\u00a0\u00bb<\/p>\n<p>Lire aussi :<\/p>\n<\/p>\n<p>Dans cet article<\/p>\n<p>Soyez le premier inform\u00e9 et souscrivez aux alertes mails pour recevoir les infos en temps r\u00e9el<\/p>\n<p>    S&rsquo;abonner aux alertes de news<\/p>\n","protected":false},"excerpt":{"rendered":"Le r\u00eave \u00e9veill\u00e9 qu&rsquo;a v\u00e9cu Enea Bastianini en d\u00e9crochant la troisi\u00e8me place du sprint de Brno s&rsquo;est termin\u00e9&hellip;\n","protected":false},"author":2,"featured_media":268245,"comment_status":"","ping_status":"","sticky":false,"template":"","format":"standard","meta":{"footnotes":""},"categories":[1413],"tags":[37813,3377,1011,27,37812,1457,1456,1458,60,3374],"class_list":{"0":"post-268244","1":"post","2":"type-post","3":"status-publish","4":"format-standard","5":"has-post-thumbnail","7":"category-moto","8":"tag-brno-circuit","9":"tag-enea-bastianini","10":"tag-fr","11":"tag-france","12":"tag-gp-de-ru00e9publique-tchu00e8que","13":"tag-moto","14":"tag-motocycle","15":"tag-motogp","16":"tag-sports","17":"tag-tech-3"},"share_on_mastodon":{"url":"https:\/\/pubeurope.com\/@fr\/114903102701133505","error":""},"_links":{"self":[{"href":"https:\/\/www.europesays.com\/fr\/wp-json\/wp\/v2\/posts\/268244","targetHints":{"allow":["GET"]}}],"collection":[{"href":"https:\/\/www.europesays.com\/fr\/wp-json\/wp\/v2\/posts"}],"about":[{"href":"https:\/\/www.europesays.com\/fr\/wp-json\/wp\/v2\/types\/post"}],"author":[{"embeddable":true,"href":"https:\/\/www.europesays.com\/fr\/wp-json\/wp\/v2\/users\/2"}],"replies":[{"embeddable":true,"href":"https:\/\/www.europesays.com\/fr\/wp-json\/wp\/v2\/comments?post=268244"}],"version-history":[{"count":0,"href":"https:\/\/www.europesays.com\/fr\/wp-json\/wp\/v2\/posts\/268244\/revisions"}],"wp:featuredmedia":[{"embeddable":true,"href":"https:\/\/www.europesays.com\/fr\/wp-json\/wp\/v2\/media\/268245"}],"wp:attachment":[{"href":"https:\/\/www.europesays.com\/fr\/wp-json\/wp\/v2\/media?parent=268244"}],"wp:term":[{"taxonomy":"category","embeddable":true,"href":"https:\/\/www.europesays.com\/fr\/wp-json\/wp\/v2\/categories?post=268244"},{"taxonomy":"post_tag","embeddable":true,"href":"https:\/\/www.europesays.com\/fr\/wp-json\/wp\/v2\/tags?post=268244"}],"curies":[{"name":"wp","href":"https:\/\/api.w.org\/{rel}","templated":true}]}}