{"id":268256,"date":"2025-07-23T14:54:10","date_gmt":"2025-07-23T14:54:10","guid":{"rendered":"https:\/\/www.europesays.com\/fr\/268256\/"},"modified":"2025-07-23T14:54:10","modified_gmt":"2025-07-23T14:54:10","slug":"decouvrez-cet-ete-5-livres-pour-vous-mettre-en-marche-en-compagnie-decrivains-voyageurs","status":"publish","type":"post","link":"https:\/\/www.europesays.com\/fr\/268256\/","title":{"rendered":"D\u00e9couvrez cet \u00e9t\u00e9 5\u00a0livres pour vous mettre en marche en compagnie d\u2019\u00e9crivains voyageurs"},"content":{"rendered":"<p>Le Temps des offrandes, de Patrick Leigh Fermor<\/p>\n<p>D\u00e9cembre\u00a01933. \u00c0 l\u2019\u00e2ge de 18\u00a0ans, Patrick Leigh Fermor part seul pour traverser l\u2019Europe \u00e0 pied, de Rotterdam \u00e0 Constantinople. Quarante ans plus tard, l\u2019\u00e9crivain d\u00e9sormais confirm\u00e9, aur\u00e9ol\u00e9 du statut de h\u00e9ros de guerre, plonge dans ses m\u00e9moires et alterne souvenirs de jeune marcheur avide de d\u00e9couvertes et r\u00e9flexions \u00e9rudites, donnant \u00e0 cette longue marche une ampleur d\u2019\u00e9pop\u00e9e. Son but\u00a0: faire ressentir comment l\u2019Europe d\u2019avant la Seconde Guerre mondiale a pu \u00eatre balay\u00e9e par les totalitarismes. \u00ab\u00a0Je m\u2019\u00e9tais engag\u00e9 dans cette marche sans autre raison que le go\u00fbt de l\u2019aventure, \u00e9crit l\u2019adolescent instable, orphelin de p\u00e8re, dans le premier volume, mais tr\u00e8s vite la solitude et le rythme des pas avaient pris une autre signification\u00a0: c\u2019\u00e9tait un apprentissage de la libert\u00e9 et de l\u2019attention au monde.\u00a0\u00bb Dans le second volume, Entre fleuve et for\u00eat (1986), il approfondit sa d\u00e9marche\u00a0: \u00ab\u00a0Marcher seul, c\u2019est entrer dans une conversation continue avec soi-m\u00eame et avec ce qui nous entoure. Chaque pas est une pri\u00e8re silencieuse, un accord tacite avec le monde.\u00a0\u00bb Il pr\u00e9cise encore la dimension verticale de son p\u00e9riple dans La Route interrompue (2013), dernier volume de cette trilogie\u00a0: \u00ab\u00a0Il y a quelque chose dans la r\u00e9gularit\u00e9 des pas qui apaise l\u2019\u00e2me et ouvre la porte aux pens\u00e9es les plus profondes. Peut-\u00eatre est-ce l\u00e0 la vraie raison de mon d\u00e9part.\u00a0\u00bb Le souffle de la langue de Leigh Fermor, l\u2019ampleur de son r\u00e9cit et la joie d\u2019une \u00e9rudition toujours \u00e0 propos imposent cette trilogie au sommet de la litt\u00e9rature de marche du XXe\u00a0si\u00e8cle.<\/p>\n<p>Cet article est r\u00e9serv\u00e9 aux abonn\u00e9s<\/p>\n<p>\n                    Vous souhaitez lire la suite\u00a0? Abonnez-vous sans engagement \u00e0 notre offre num\u00e9rique\n                <\/p>\n<p>                <a href=\"https:\/\/www.la-croix.com\/abonnement\" class=\"default-paywall__subscribe-button\" data-tracking=\"cta_click\" data-tracking-action=\"voir la page abonnement\" data-tracking-category=\"abonnement\" rel=\"nofollow noopener\" target=\"_blank\">Je m&rsquo;abonne<\/a><\/p>\n","protected":false},"excerpt":{"rendered":"Le Temps des offrandes, de Patrick Leigh Fermor D\u00e9cembre\u00a01933. \u00c0 l\u2019\u00e2ge de 18\u00a0ans, Patrick Leigh Fermor part seul&hellip;\n","protected":false},"author":2,"featured_media":268257,"comment_status":"","ping_status":"","sticky":false,"template":"","format":"standard","meta":{"footnotes":""},"categories":[1357],"tags":[1379,58,59,1011,27,1380],"class_list":{"0":"post-268256","1":"post","2":"type-post","3":"status-publish","4":"format-standard","5":"has-post-thumbnail","7":"category-livres","8":"tag-books","9":"tag-divertissement","10":"tag-entertainment","11":"tag-fr","12":"tag-france","13":"tag-livres"},"share_on_mastodon":{"url":"https:\/\/pubeurope.com\/@fr\/114903126415678498","error":""},"_links":{"self":[{"href":"https:\/\/www.europesays.com\/fr\/wp-json\/wp\/v2\/posts\/268256","targetHints":{"allow":["GET"]}}],"collection":[{"href":"https:\/\/www.europesays.com\/fr\/wp-json\/wp\/v2\/posts"}],"about":[{"href":"https:\/\/www.europesays.com\/fr\/wp-json\/wp\/v2\/types\/post"}],"author":[{"embeddable":true,"href":"https:\/\/www.europesays.com\/fr\/wp-json\/wp\/v2\/users\/2"}],"replies":[{"embeddable":true,"href":"https:\/\/www.europesays.com\/fr\/wp-json\/wp\/v2\/comments?post=268256"}],"version-history":[{"count":0,"href":"https:\/\/www.europesays.com\/fr\/wp-json\/wp\/v2\/posts\/268256\/revisions"}],"wp:featuredmedia":[{"embeddable":true,"href":"https:\/\/www.europesays.com\/fr\/wp-json\/wp\/v2\/media\/268257"}],"wp:attachment":[{"href":"https:\/\/www.europesays.com\/fr\/wp-json\/wp\/v2\/media?parent=268256"}],"wp:term":[{"taxonomy":"category","embeddable":true,"href":"https:\/\/www.europesays.com\/fr\/wp-json\/wp\/v2\/categories?post=268256"},{"taxonomy":"post_tag","embeddable":true,"href":"https:\/\/www.europesays.com\/fr\/wp-json\/wp\/v2\/tags?post=268256"}],"curies":[{"name":"wp","href":"https:\/\/api.w.org\/{rel}","templated":true}]}}