{"id":268258,"date":"2025-07-23T14:55:19","date_gmt":"2025-07-23T14:55:19","guid":{"rendered":"https:\/\/www.europesays.com\/fr\/268258\/"},"modified":"2025-07-23T14:55:19","modified_gmt":"2025-07-23T14:55:19","slug":"scenes-de-menages-une-actrice-se-lache-sur-le-comportement-de-jean-benguigui-tres-capricieux","status":"publish","type":"post","link":"https:\/\/www.europesays.com\/fr\/268258\/","title":{"rendered":"Sc\u00e8nes de m\u00e9nages\u00a0\u00bb\u00a0: une actrice se l\u00e2che sur le comportement de Jean Benguigui, \u00ab\u00a0tr\u00e8s capricieux"},"content":{"rendered":"<p>      R\u00e9sum\u00e9<\/p>\n<p>Une actrice de \u00ab\u00a0Sc\u00e8nes de m\u00e9nages\u00a0\u00bb clashe son ex partenaire dans les colonnes de T\u00e9l\u00e9 Star cette semaine. L&rsquo;acteur Jean Benguigui se serait mal comport\u00e9 sur le tournage de la s\u00e9rie \u00e0 succ\u00e8s de M6<\/p>\n<p>        Sommaire<\/p>\n<p>Il y a des s\u00e9ries qui ne se d\u00e9modent pas. C&rsquo;est le cas, notamment, de <strong>\u00ab\u00a0Sc\u00e8nes de m\u00e9nages\u00a0\u00bb<\/strong> sur M6. C&rsquo;est le 9\u00a0novembre 2009 que les t\u00e9l\u00e9spectateurs ont pu d\u00e9couvrir <a href=\"https:\/\/www.public.fr\/scenes-de-menages-deux-ans-apres-la-mort-de-marion-game-la-serie-de-nouveau-endeuillee\" target=\"_blank\" rel=\"noopener\">les aventures de plusieurs couples \u00e0 l&rsquo;\u00e9cran<\/a>. Certains sont toujours l\u00e0 alors que d&rsquo;autres ont disparu mais <strong>leur passage dans le programme a \u00e9t\u00e9 un v\u00e9ritable tremplin<\/strong>. Actuellement, <strong>six couples<\/strong> sont toujours \u00e0 l&rsquo;\u00e9cran et sont incarn\u00e9s par des personnages diam\u00e9tralement oppos\u00e9s. Ainsi, chaque soir, on retrouve \u00e0 l&rsquo;\u00e9cran\u00a0:<\/p>\n<ul class=\"wp-block-list\">\n<li><strong>Jos\u00e9 et Liliane<\/strong> qui incarnent<strong> depuis la premi\u00e8re saison<\/strong> un couple de quinquag\u00e9naires.<\/li>\n<li><strong><a href=\"https:\/\/www.public.fr\/ca-durera-trois-ou-quatre-mois-gerard-hernandez-sa-grosse-boulette-sur-scenes-de-menages\" target=\"_blank\" rel=\"noopener\">Raymond <\/a><\/strong>est \u00e9galement l\u00e0 <strong>depuis les d\u00e9buts de la s\u00e9rie<\/strong>. En revanche, depuis la mort de sa partenaire <a href=\"https:\/\/www.public.fr\/je-lui-reponds-ta-gueule-cette-scene-de-scenes-de-menages-avec-marion-game-que-gerard-hernandez-na-jamais-oubliee\" target=\"_blank\" rel=\"noopener\">Marion Game<\/a> (alias Huguette), il donne maintenant la r\u00e9plique \u00e0 <strong>Wendy Nieto<\/strong> son aide \u00e0 domicile.<\/li>\n<li><strong>Emma et Fabien<\/strong>, eux, incarnent un couple de jeunes parents depuis la<strong> troisi\u00e8me saison<\/strong>.<\/li>\n<li><strong>L\u00e9o et Leslie<\/strong> sont les deux jeunes de la bande, arriv\u00e9s lors de la <strong>saison 10.<\/strong><\/li>\n<li><strong>Camille et Philippe<\/strong>, eux, ont pour particularit\u00e9 d&rsquo;avoir pr\u00e8s de vingt ans d&rsquo;\u00e9cart. Ils forment un couple \u00e0 l&rsquo;\u00e9cran <strong>depuis la saison 7<\/strong>.<\/li>\n<li>Derniers arriv\u00e9s dans la bande (en saison 16), <strong>Alice et Sofiane<\/strong> sont en couple depuis 18 ans et ont une fille, In\u00e8s. Ensemble, ils tiennent une \u00e9picerie de moyenne montagne.<\/li>\n<\/ul>\n<p>Si les couples sont sur le devant de la sc\u00e8ne, \u00e0 noter que <strong>d&rsquo;autres personnalit\u00e9s ont pass\u00e9 une t\u00eate dans le programme <\/strong>par le pass\u00e9 en tant qu&rsquo;invit\u00e9. Parmi eux, il y a eu <a href=\"https:\/\/www.public.fr\/jai-perdu-un-frere-jamel-debbouze-effondre-apres-la-mort-de-bun-hay-mean\" target=\"_blank\" rel=\"noopener\">Jamel Debbouze<\/a>, Booder, <a href=\"https:\/\/www.public.fr\/scenes-de-menages-karine-le-marchand-va-jouer-dans-la-saison-3\" target=\"_blank\" rel=\"noopener\">Karine Le\u00a0Marchand<\/a>, Ariane Brodier, <a href=\"https:\/\/www.public.fr\/adriana-karembeu-intimidee-dans-plus-belle-la-vie-la-star-fait-des-revelations-sur-ces-scenes-romantiques-tournee-avec-le-beau-gosse-de-la-serie\" target=\"_blank\" rel=\"noopener\">Adriana Karembeu<\/a> ou encore <strong>Jean Benguigui<\/strong>. Si sur le plateau l&rsquo;ambiance se veut essentiellement bon enfant, ce dernier <strong>ne semble pas avoir laiss\u00e9 un excellent souvenir<\/strong> \u00e0 certains de ses camarades.<\/p>\n<p><img loading=\"lazy\" decoding=\"async\" width=\"1024\" height=\"682\" src=\"https:\/\/www.europesays.com\/fr\/wp-content\/uploads\/2025\/07\/Capture-decran-2025-07-23-122554-1024x682.png\" alt=\"&quot;Sc\u00e8nes de m\u00e9nages&quot; : une actrice se l\u00e2che sur le comportement de Jean Benguigui, &quot;tr\u00e8s capricieux&quot;\"  \/><\/p>\n<p>M6<\/p>\n<p>\u00ab\u00a0Sc\u00e8nes de m\u00e9nages\u00a0\u00bb\u00a0: qu&rsquo;est-il reproch\u00e9 \u00e0 Jean Benguigui\u00a0?<\/p>\n<p>Dans la s\u00e9rie, Jean Benguigui est apparu sous les traits de Norbert. Avec Martine, jou\u00e9e par <a href=\"https:\/\/www.google.com\/url?sa=t&amp;source=web&amp;rct=j&amp;opi=89978449&amp;url=https:\/\/www.public.fr\/grace-de-capitani-le-confinement-a-consolide-mon-couple&amp;ved=2ahUKEwiFlrnA5NKOAxU7NPsDHVF4AMUQFnoECDEQAQ&amp;usg=AOvVaw1JesTb-mltdtzCy68OdYCP\" target=\"_blank\" rel=\"noopener\">Grace de Capitani<\/a>, le couple \u00e9tait les<strong> voisins de <a href=\"https:\/\/www.google.com\/url?sa=t&amp;source=web&amp;rct=j&amp;opi=89978449&amp;url=https:\/\/vsd.fr\/44617-scenes-de-menages-le-deces-de-huguette-integre-dans-la-serie\/&amp;ved=2ahUKEwj3hIm05NKOAxUnT6QEHYvtDKYQFnoECBwQAQ&amp;usg=AOvVaw318NHEGwc_uWLXLxu8g5Xa\" target=\"_blank\" rel=\"noopener\">Raymond et Huguette<\/a> pendant leurs vacances au camping<\/strong> de Plestin-les-Gr\u00e8ves (C\u00f4tes-d&rsquo;Armor). L&rsquo;actrice qui, ce 21\u00a0juillet, s&rsquo;est confi\u00e9e \u00e0 nos confr\u00e8res de T\u00e9l\u00e9 Star et n&rsquo;y est pas all\u00e9e de main morte lorsqu&rsquo;il a \u00e9t\u00e9 question de parler de<strong> son ancien partenaire de jeu<\/strong>. Selon elle, si leur duo a disparu, c&rsquo;est \u00e0 cause du comportement de <a href=\"https:\/\/www.google.com\/url?sa=t&amp;source=web&amp;rct=j&amp;opi=89978449&amp;url=https:\/\/vsd.fr\/76263-jean-benguigui-revele-avoir-perdu-ses-reins-et-etre-sous-dialyse\/&amp;ved=2ahUKEwi62-bU5NKOAxU1TaQEHdwfAJEQFnoECBgQAQ&amp;usg=AOvVaw2m-lYSWdoExCvyNOGwpaFu\" target=\"_blank\" rel=\"noopener\">l&rsquo;acteur de 81 ans<\/a>.<\/p>\n<p>\u00ab\u00a0<strong>ll ne se comportait pas tr\u00e8s bien avec l\u2019\u00e9quipe et on n\u2019a pas renouvel\u00e9 notre couple \u00e0 l\u2019\u00e9cran<\/strong>\u00ab\u00a0, a-t-elle l\u00e2ch\u00e9 ajoutant, tout de m\u00eame avec une pointe d&rsquo;humour\u00a0: \u00ab\u00a0Quel dommage\u00a0! Ils auraient d\u00fb me faire divorcer et me mettre avec un jeune\u00a0! C\u2019est \u00e0 la mode, les cougars\u00a0\u00bb. D\u00e9j\u00e0, en 2023, <a href=\"https:\/\/www.google.com\/url?sa=t&amp;source=web&amp;rct=j&amp;opi=89978449&amp;url=https:\/\/www.public.fr\/ca-a-dure-1-an-et-demi-cette-liaison-incroyable-avec-une-celebrite-que-grace-de-capitani-revele-en-direct-a-matthieu-delormeau&amp;ved=2ahUKEwiFlrnA5NKOAxU7NPsDHVF4AMUQFnoECC4QAQ&amp;usg=AOvVaw31Ax8z2sYlXYOtE2uJ-jbn\" target=\"_blank\" rel=\"noopener\">Grace de Capitani<\/a> s&rsquo;\u00e9tait confi\u00e9e \u00e0 T\u00e9l\u00e9 7 Jours. \u00ab\u00a0Je crois qu\u2019il y a eu une m\u00e9sentente avec l\u2019\u00e9quipe et Jean Benguigui. C\u2019est ce qu\u2019on m\u2019a dit. <strong>Ils ne veulent plus de Jean Benguigui. Il \u00e9tait tr\u00e8s capricieux<\/strong>\u00a0\u00bb a-t-elle conclu alors que <a href=\"https:\/\/www.google.com\/url?sa=t&amp;source=web&amp;rct=j&amp;opi=89978449&amp;url=https:\/\/www.public.fr\/plus-rien-ne-fonctionne-la-sante-de-jean-benguigui-inquiete&amp;ved=2ahUKEwi62-bU5NKOAxU1TaQEHdwfAJEQFnoECEEQAQ&amp;usg=AOvVaw3BXc_62rEUakkaeHvTCT6q\" target=\"_blank\" rel=\"noopener\">les deux acteurs<\/a> ne sont d\u00e9sormais <strong>plus en contact<\/strong>.<\/p>\n<p>      Mentionn\u00e9s dans cet article<\/p>\n<p>\u00c0 lire aussi<\/p>\n","protected":false},"excerpt":{"rendered":"R\u00e9sum\u00e9 Une actrice de \u00ab\u00a0Sc\u00e8nes de m\u00e9nages\u00a0\u00bb clashe son ex partenaire dans les colonnes de T\u00e9l\u00e9 Star cette&hellip;\n","protected":false},"author":2,"featured_media":268259,"comment_status":"","ping_status":"","sticky":false,"template":"","format":"standard","meta":{"footnotes":""},"categories":[1356],"tags":[18616,1193,58,12610,59,1011,27,494,40759,31854,17398,252,1364],"class_list":{"0":"post-268258","1":"post","2":"type-post","3":"status-publish","4":"format-standard","5":"has-post-thumbnail","7":"category-television","8":"tag-comportement","9":"tag-couple","10":"tag-divertissement","11":"tag-duo","12":"tag-entertainment","13":"tag-fr","14":"tag-france","15":"tag-m6","16":"tag-mini-serie","17":"tag-scenes-de-menages","18":"tag-serie-televisee","19":"tag-television","20":"tag-tv"},"share_on_mastodon":{"url":"https:\/\/pubeurope.com\/@fr\/114903130145639627","error":""},"_links":{"self":[{"href":"https:\/\/www.europesays.com\/fr\/wp-json\/wp\/v2\/posts\/268258","targetHints":{"allow":["GET"]}}],"collection":[{"href":"https:\/\/www.europesays.com\/fr\/wp-json\/wp\/v2\/posts"}],"about":[{"href":"https:\/\/www.europesays.com\/fr\/wp-json\/wp\/v2\/types\/post"}],"author":[{"embeddable":true,"href":"https:\/\/www.europesays.com\/fr\/wp-json\/wp\/v2\/users\/2"}],"replies":[{"embeddable":true,"href":"https:\/\/www.europesays.com\/fr\/wp-json\/wp\/v2\/comments?post=268258"}],"version-history":[{"count":0,"href":"https:\/\/www.europesays.com\/fr\/wp-json\/wp\/v2\/posts\/268258\/revisions"}],"wp:featuredmedia":[{"embeddable":true,"href":"https:\/\/www.europesays.com\/fr\/wp-json\/wp\/v2\/media\/268259"}],"wp:attachment":[{"href":"https:\/\/www.europesays.com\/fr\/wp-json\/wp\/v2\/media?parent=268258"}],"wp:term":[{"taxonomy":"category","embeddable":true,"href":"https:\/\/www.europesays.com\/fr\/wp-json\/wp\/v2\/categories?post=268258"},{"taxonomy":"post_tag","embeddable":true,"href":"https:\/\/www.europesays.com\/fr\/wp-json\/wp\/v2\/tags?post=268258"}],"curies":[{"name":"wp","href":"https:\/\/api.w.org\/{rel}","templated":true}]}}