{"id":268264,"date":"2025-07-23T14:58:11","date_gmt":"2025-07-23T14:58:11","guid":{"rendered":"https:\/\/www.europesays.com\/fr\/268264\/"},"modified":"2025-07-23T14:58:11","modified_gmt":"2025-07-23T14:58:11","slug":"du-dioxyde-de-titane-cancerigene-potentiel-pour-lhumain-detecte-dans-le-lait-selon-une-etude-23-07-2025-a-1312","status":"publish","type":"post","link":"https:\/\/www.europesays.com\/fr\/268264\/","title":{"rendered":"Du dioxyde de titane, canc\u00e9rig\u00e8ne potentiel pour l&rsquo;humain, d\u00e9tect\u00e9 dans le lait, selon une \u00e9tude &#8211; 23\/07\/2025 \u00e0 13:12"},"content":{"rendered":"<p>        <img fetchpriority=\"high\" decoding=\"async\" src=\"https:\/\/www.europesays.com\/fr\/wp-content\/uploads\/2025\/07\/138f504c5236ed6cc30ea28f55ee63fd-760x507.jpg\" alt=\"&quot;100% des laits animaux (frais ou en poudre, issus de vaches, d'\u00e2nesses ou de ch\u00e8vres)&quot;, issus de l'agriculture biologique ou conventionnelle, et 83% des laits infantiles (du 1er\u00a0au 3e\u00a0\u00e2ge, bio ou pas) analys\u00e9s contiennent du dioxyde de titane ( AFP \/ Fred DUFOUR )\" loading=\"eager\" width=\"760\" height=\"507\" style=\"max-width: 100%!important; height: auto;\"\/><\/p>\n<p class=\"c-image-news__legend\">\u00ab\u00a0100% des laits animaux (frais ou en poudre, issus de vaches, d&rsquo;\u00e2nesses ou de ch\u00e8vres)\u00a0\u00bb, issus de l&rsquo;agriculture biologique ou conventionnelle, et 83% des laits infantiles (du 1er\u00a0au 3e\u00a0\u00e2ge, bio ou pas) analys\u00e9s contiennent du dioxyde de titane ( AFP \/ Fred DUFOUR )<\/p>\n<p>\n Des particules de dioxyde de titane, un canc\u00e9rig\u00e8ne potentiel chez l&rsquo;\u00eatre humain, pourtant interdit dans l&rsquo;alimentation, ont \u00e9t\u00e9 retrouv\u00e9es dans le lait maternel, des laits maternis\u00e9s et du lait vendu dans le commerce, r\u00e9v\u00e8lent des travaux de scientfiques de l&rsquo;INRAE, de l&rsquo;AP-HP et du CNRS publi\u00e9s mercredi.\n<\/p>\n<p>\n \u00ab\u00a0Massivement employ\u00e9 dans une multitude de produits du quotidien\u00a0\u00bb (dentifrices, cr\u00e8mes solaires, m\u00e9dicaments, plastiques, maquillage, papier, peintures&#8230;) et utilis\u00e9 comme colorant blanc et opacifiant dans l&rsquo;alimentation (E171), le dioxyde de titane a \u00e9t\u00e9 interdit par mesure de pr\u00e9caution en France en 2020 puis dans l&rsquo;Union europ\u00e9enne en 2022, rappellent les chercheurs.\n<\/p>\n<p>\n Leurs travaux, publi\u00e9s dans la revue Science of the Total Environment, montrent pourtant que ce compos\u00e9 a \u00e9t\u00e9 d\u00e9tect\u00e9 \u00ab\u00a0dans des laits humains, animaux et infantiles, notamment sous forme de nanoparticules\u00a0\u00bb.\n<\/p>\n<p>\n Des particules de dioxyde de titane ont \u00e9t\u00e9 retrouv\u00e9es dans \u00ab\u00a0les laits maternels de dix femmes volontaires vivant \u00e0 Paris ou en proche banlieue, \u00e0 des taux variables, certaines femmes pr\u00e9sentant jusqu&rsquo;\u00e0 15 fois plus de particules que d&rsquo;autres\u00a0\u00bb, ce qui prouve que cette substance \u00ab\u00a0peut passer la barri\u00e8re de la glande mammaire\u00a0\u00bb.\n<\/p>\n<p>\n \u00ab\u00a0100% des laits animaux (frais ou en poudre, issus de vaches, d&rsquo;\u00e2nesses ou de ch\u00e8vres)\u00a0\u00bb, tant issus de l&rsquo;agriculture biologique que conventionnelle, et 83% des laits infantiles (issus du commerce, du 1er au 3e \u00e2ge, bio ou pas) analys\u00e9s en contenaient.\n<\/p>\n<p>\n Dans le d\u00e9tail, 6 millions \u00e0 3,9 milliards de particules de titane ont \u00e9t\u00e9 d\u00e9tect\u00e9es par litre de lait infantile, et 16 \u00e0 348 millions par litre dans les laits animaux.\n<\/p>\n<p>\n \u00ab\u00a0Cet \u00e9tat des lieux de la contamination actuelle des laits refl\u00e8te le niveau d&rsquo;exposition des nouveaux-n\u00e9s et des m\u00e8res, mais \u00e9galement des consommateurs adultes de lait\u00a0\u00bb, pr\u00e9cisent les chercheurs. Et ce, en d\u00e9pit de l&rsquo;interdiction du E171 dans l&rsquo;alimentation, laissant supposer \u00ab\u00a0l&rsquo;existence d&rsquo;une contamination autre\u00a0\u00bb qu&rsquo;alimentaire, soulignent-ils.\n<\/p>\n<p>\n Le dioxyde de titane a \u00e9t\u00e9 class\u00e9 canc\u00e9rig\u00e8ne potentiel chez l&rsquo;\u00eatre humain par inhalation depuis 2006, rappellent les scientifiques de l&rsquo;INRAE (Institut national de recherche pour l&rsquo;agriculture, l&rsquo;alimentation et l&rsquo;environnement), de l&rsquo;AP-HP (Assistance publique-H\u00f4pitaux de Paris), du synchrotron SOLEIL et du CNRS, le Centre national de la recherche scientifique.\n<\/p>\n<p>\n Les auteurs de cette \u00e9tude ont voulu mieux \u00e9valuer \u00ab\u00a0l&rsquo;impact de ce relargage massif du dioxyde de titane sur les \u00eatres vivants\u00a0\u00bb et \u00ab\u00a0l&rsquo;exposition r\u00e9elle des animaux et humains\u00a0\u00bb.\n<\/p>\n<p>\n Il avait d\u00e9j\u00e0 \u00e9t\u00e9 d\u00e9montr\u00e9 que les nanoparticules pr\u00e9sentes dans l&rsquo;additif E171 traversaient le placenta.\n<\/p>\n<p>\n Ce travail pourra servir de base \u00e0 de futures \u00e9tudes de toxicit\u00e9.<\/p>\n","protected":false},"excerpt":{"rendered":"\u00ab\u00a0100% des laits animaux (frais ou en poudre, issus de vaches, d&rsquo;\u00e2nesses ou de ch\u00e8vres)\u00a0\u00bb, issus de l&rsquo;agriculture&hellip;\n","protected":false},"author":2,"featured_media":268265,"comment_status":"","ping_status":"","sticky":false,"template":"","format":"standard","meta":{"footnotes":""},"categories":[10],"tags":[400,398,408,405,1011,27,72,403,402,399,404,71,401,406,407],"class_list":{"0":"post-268264","1":"post","2":"type-post","3":"status-publish","4":"format-standard","5":"has-post-thumbnail","7":"category-sante","8":"tag-action-cac-40","9":"tag-bourse-de-paris","10":"tag-boursorama","11":"tag-cotations","12":"tag-fr","13":"tag-france","14":"tag-health","15":"tag-indices-devises","16":"tag-investir","17":"tag-investissement","18":"tag-marche-boursier","19":"tag-sante","20":"tag-sicav","21":"tag-trackers","22":"tag-warrants"},"share_on_mastodon":{"url":"https:\/\/pubeurope.com\/@fr\/114903141812872045","error":""},"_links":{"self":[{"href":"https:\/\/www.europesays.com\/fr\/wp-json\/wp\/v2\/posts\/268264","targetHints":{"allow":["GET"]}}],"collection":[{"href":"https:\/\/www.europesays.com\/fr\/wp-json\/wp\/v2\/posts"}],"about":[{"href":"https:\/\/www.europesays.com\/fr\/wp-json\/wp\/v2\/types\/post"}],"author":[{"embeddable":true,"href":"https:\/\/www.europesays.com\/fr\/wp-json\/wp\/v2\/users\/2"}],"replies":[{"embeddable":true,"href":"https:\/\/www.europesays.com\/fr\/wp-json\/wp\/v2\/comments?post=268264"}],"version-history":[{"count":0,"href":"https:\/\/www.europesays.com\/fr\/wp-json\/wp\/v2\/posts\/268264\/revisions"}],"wp:featuredmedia":[{"embeddable":true,"href":"https:\/\/www.europesays.com\/fr\/wp-json\/wp\/v2\/media\/268265"}],"wp:attachment":[{"href":"https:\/\/www.europesays.com\/fr\/wp-json\/wp\/v2\/media?parent=268264"}],"wp:term":[{"taxonomy":"category","embeddable":true,"href":"https:\/\/www.europesays.com\/fr\/wp-json\/wp\/v2\/categories?post=268264"},{"taxonomy":"post_tag","embeddable":true,"href":"https:\/\/www.europesays.com\/fr\/wp-json\/wp\/v2\/tags?post=268264"}],"curies":[{"name":"wp","href":"https:\/\/api.w.org\/{rel}","templated":true}]}}