{"id":268270,"date":"2025-07-23T15:01:14","date_gmt":"2025-07-23T15:01:14","guid":{"rendered":"https:\/\/www.europesays.com\/fr\/268270\/"},"modified":"2025-07-23T15:01:14","modified_gmt":"2025-07-23T15:01:14","slug":"que-propose-le-tout-nouvel-abonnement-dapple","status":"publish","type":"post","link":"https:\/\/www.europesays.com\/fr\/268270\/","title":{"rendered":"que propose le tout nouvel abonnement d&rsquo;Apple ?"},"content":{"rendered":"<p>Apr\u00e8s Apple Care et Apple Care+, Apple lance un abonnement haut de gamme tout en un : AppleCare One.<\/p>\n<p><a target=\"_blank\" href=\"https:\/\/images.frandroid.com\/wp-content\/uploads\/2025\/07\/apple-applecare-one-hero-resized.jpeg\" class=\"article-content__figure\" rel=\"nofollow noopener\"><img fetchpriority=\"high\" decoding=\"async\" loading=\"eager\" width=\"1200\" height=\"676\" src=\"https:\/\/www.europesays.com\/fr\/wp-content\/uploads\/2025\/07\/apple-applecare-one-hero-resized.jpeg\" alt=\"\" class=\"wp-image-2742577 wp-image wp-image\"  \/><\/a><\/p>\n<p>Apple est connu depuis longtemps pour la qualit\u00e9 de son service apr\u00e8s-vente. Cela vaut en particulier si vous \u00eates un client AppleCare, le syst\u00e8me d\u2019extension de garantie de la marque.<\/p>\n<p>Ces derni\u00e8res ann\u00e9es, Apple a fait \u00e9voluer son service pour le passer \u00e0 un syst\u00e8me d\u2019abonnement avec Apple Care+ et int\u00e9grer la notion de protection contre le vol \u00e0 sa garantie.<\/p>\n<p>Mais voil\u00e0, l\u2019\u00e9cosyst\u00e8me d\u2019Apple grandit, et les clients ont d\u00e9sormais plusieurs appareils de la marque autour d\u2019eux. Apple a donc une nouvelle solution : AppleCare One.<\/p>\n<p>Prot\u00e9grer trois appareils d\u2019un coup<\/p>\n<p>La formule AppleCare One propose de r\u00e9unir plusieurs de vos appareils dans une seule formule d\u2019abonnement.<\/p>\n<p>Pour 19,99 dollars par mois, l\u2019abonnement englobe la protection AppleCare+ pour trois appareils, contre 9,99 dollars par mois pour l\u2019abonnement individuel.<\/p>\n<p><a target=\"_blank\" href=\"https:\/\/images.frandroid.com\/wp-content\/uploads\/2025\/07\/capture-decran-2025-07-23-a-143143.jpg\" class=\"article-content__figure\" rel=\"nofollow noopener\"><img loading=\"lazy\" decoding=\"async\" width=\"1200\" height=\"846\" src=\"https:\/\/www.europesays.com\/fr\/wp-content\/uploads\/2025\/07\/capture-decran-2025-07-23-a-143143-1200x846.jpg\" alt=\"\" class=\"wp-image-2742623 wp-image\"  \/><\/a>Screenshot<\/p>\n<p>Attention, la protection contre le vol ou la perte n\u2019est valable que pour <a href=\"https:\/\/www.frandroid.com\/guide-dachat\/smartphones\/705312_meilleur-iphone\" rel=\"nofollow noopener\" target=\"_blank\">l\u2019iPhone<\/a>, l\u2019iPad et l\u2019Apple Watch. Les <a href=\"https:\/\/www.frandroid.com\/guide-dachat\/1995260_quels-modele-dairpods-choisir-notre-selection\" rel=\"nofollow noopener\" target=\"_blank\">Airpods<\/a> et le Macbook ne sont pas inclus.<\/p>\n<p>Au del\u00e0 de trois appareils, Apple propose une option \u00e0 5,99 dollars par mois par appareil en plus.<\/p>\n<p>Une mauvaise nouvelle<\/p>\n<p>L\u2019offre AppleCare One arrive aux Etats-Unis d\u00e8s le 24 juillet 2025. En revanche, rien n\u2019est annonc\u00e9 pour les autres pays dans le monde.<\/p>\n<p>On imagine que le d\u00e9ploiement sera progressif. L\u2019int\u00e9gration de la protection contre le vol et la perte \u00e9tait \u00e9galement arriv\u00e9e plus tardivement en France par rapport aux Etats-Unis.<\/p>\n<p>Rejoignez-nous de 17 \u00e0 19h, un mercredi sur deux, pour l\u2019\u00e9mission <strong>UNLOCK<\/strong> produite par <strong>Frandroid<\/strong> et <strong>Numerama<\/strong> ! Actus tech, interviews, astuces et analyses\u2026 On se retrouve <a href=\"https:\/\/www.twitch.tv\/frandroidlive\" target=\"_blank\" rel=\"noopener nofollow\">en direct sur Twitch<\/a> ou en rediffusion <a href=\"https:\/\/www.youtube.com\/@unlocktalk\" target=\"_blank\" rel=\"noopener nofollow\">sur YouTube<\/a> !<\/p>\n","protected":false},"excerpt":{"rendered":"Apr\u00e8s Apple Care et Apple Care+, Apple lance un abonnement haut de gamme tout en un : AppleCare&hellip;\n","protected":false},"author":2,"featured_media":268271,"comment_status":"","ping_status":"","sticky":false,"template":"","format":"standard","meta":{"footnotes":""},"categories":[7],"tags":[270,1011,27,43,40,41,39,42,44],"class_list":{"0":"post-268270","1":"post","2":"type-post","3":"status-publish","4":"format-standard","5":"has-post-thumbnail","7":"category-sciences-et-technologies","8":"tag-breaking","9":"tag-fr","10":"tag-france","11":"tag-science","12":"tag-science-and-technology","13":"tag-sciences","14":"tag-sciences-et-technologies","15":"tag-technologies","16":"tag-technology"},"share_on_mastodon":{"url":"https:\/\/pubeurope.com\/@fr\/114903153678117083","error":""},"_links":{"self":[{"href":"https:\/\/www.europesays.com\/fr\/wp-json\/wp\/v2\/posts\/268270","targetHints":{"allow":["GET"]}}],"collection":[{"href":"https:\/\/www.europesays.com\/fr\/wp-json\/wp\/v2\/posts"}],"about":[{"href":"https:\/\/www.europesays.com\/fr\/wp-json\/wp\/v2\/types\/post"}],"author":[{"embeddable":true,"href":"https:\/\/www.europesays.com\/fr\/wp-json\/wp\/v2\/users\/2"}],"replies":[{"embeddable":true,"href":"https:\/\/www.europesays.com\/fr\/wp-json\/wp\/v2\/comments?post=268270"}],"version-history":[{"count":0,"href":"https:\/\/www.europesays.com\/fr\/wp-json\/wp\/v2\/posts\/268270\/revisions"}],"wp:featuredmedia":[{"embeddable":true,"href":"https:\/\/www.europesays.com\/fr\/wp-json\/wp\/v2\/media\/268271"}],"wp:attachment":[{"href":"https:\/\/www.europesays.com\/fr\/wp-json\/wp\/v2\/media?parent=268270"}],"wp:term":[{"taxonomy":"category","embeddable":true,"href":"https:\/\/www.europesays.com\/fr\/wp-json\/wp\/v2\/categories?post=268270"},{"taxonomy":"post_tag","embeddable":true,"href":"https:\/\/www.europesays.com\/fr\/wp-json\/wp\/v2\/tags?post=268270"}],"curies":[{"name":"wp","href":"https:\/\/api.w.org\/{rel}","templated":true}]}}