{"id":268280,"date":"2025-07-23T15:06:09","date_gmt":"2025-07-23T15:06:09","guid":{"rendered":"https:\/\/www.europesays.com\/fr\/268280\/"},"modified":"2025-07-23T15:06:09","modified_gmt":"2025-07-23T15:06:09","slug":"pres-de-saint-etienne-le-rodeo-en-trottinette-tourne-mal-un-adolescent-dans-un-etat-grave","status":"publish","type":"post","link":"https:\/\/www.europesays.com\/fr\/268280\/","title":{"rendered":"Pr\u00e8s de Saint-\u00c9tienne. Le rod\u00e9o en trottinette tourne mal, un adolescent dans un \u00e9tat grave"},"content":{"rendered":"<p>            Par<br \/>\n        <strong><br \/>\n            <a href=\"https:\/\/actu.fr\/auteur\/redaction-saint-etienne\" title=\"Consulter tous les articles de R\u00e9daction Saint-\u00c9tienne\" rel=\"nofollow noopener\" target=\"_blank\">R\u00e9daction Saint-\u00c9tienne<\/a><br \/>\n        <\/strong><\/p>\n<p>        Publi\u00e9 le<\/p>\n<p>            23 juil. 2025 \u00e0 16h03        <\/p>\n<p>La soir\u00e9e de ce samedi 19 juillet s\u2019est tr\u00e8s mal termin\u00e9e pour cet adolescent de Firminy (<a href=\"https:\/\/actu.fr\/auvergne-rhone-alpes\/loire_42\" rel=\"nofollow noopener\" target=\"_blank\">Loire<\/a>). Alors qu\u2019il circulait en trottinette \u00e9lectrique sur la rue Jean-Jaur\u00e8s, le jeune homme a perdu le <strong>contr\u00f4le de son deux-roues<\/strong>, chutant lourdement sur la t\u00eate, apprend <a href=\"https:\/\/actu.fr\/saint-etienne\/\" rel=\"nofollow noopener\" target=\"_blank\">actu Saint-\u00c9tienne<\/a>, confirmant une information du <a href=\"https:\/\/www.leprogres.fr\/faits-divers-justice\/2025\/07\/22\/un-adolescent-gravement-blesse-lors-d-un-rodeo-en-trottinette\" rel=\"nofollow noopener\" target=\"_blank\">Progr\u00e8s<\/a>.<\/p>\n<p>Une enqu\u00eate ouverte<\/p>\n<p class=\" wall-content\">Selon nos confr\u00e8res, l\u2019adolescent, qui ne portait pas de casque, prenait part \u00e0 un <strong>rod\u00e9o<\/strong> au moment de son accident.<\/p>\n<p>    <a href=\"https:\/\/www.google.com\/maps\/embed?pb=!1m18!1m12!1m3!1d2801.9620306228553!2d4.28546297479202!3d45.38993673839283!2m3!1f0!2f0!3f0!3m2!1i1024!2i768!4f13.1!3m3!1m2!1s0x47f5b03ddc0d799d%3A0x7724ae9dd6bfd3ac!2sRue%20Jean%20Jaur%C3%A8s%2C%2042700%20Firminy!5e0!3m2!1sfr!2sfr!4v1753277838287!5m2!1sfr!2sfr\" title=\"Ouvrie le lien\" rel=\"nofollow noopener\" target=\"_blank\">Cliquez ici pour visualiser le contenu<\/a><\/p>\n<p class=\" wall-content\">\u00c0 l\u2019arriv\u00e9e des sapeurs-pompiers et du Samu, l\u2019adolescent \u00e9tait dans un \u00e9tat grave. Souffrant d\u2019un traumatisme cr\u00e2nien, il a \u00e9t\u00e9 transport\u00e9 en urgence \u00e0 l\u2019h\u00f4pital Nord de Saint-Etienne. Pour l\u2019heure, les circonstances exactes de l\u2019accident demeurent toujours inconnues.<\/p>\n<p class=\" wall-content\">En ce sens, une<strong> enqu\u00eate a \u00e9t\u00e9 ouverte<\/strong> et confi\u00e9e \u00e0 la police de l\u2019Ondaine.<\/p>\n<p class=\" wall-content\">Suivez toute l\u2019actualit\u00e9 de vos villes et m\u00e9dias favoris en vous inscrivant \u00e0 <a href=\"https:\/\/moncompte.actu.fr\" title=\"D\u00e9couvez Mon Actu\" rel=\"nofollow noopener\" data-trk=\"{&quot;cta&quot;:{&quot;action&quot;:&quot;https:\\\/\\\/moncompte.actu.fr&quot;,&quot;category&quot;:&quot;mon compte&quot;,&quot;from&quot;:&quot;article footer&quot;,&quot;name&quot;:&quot;Mon actu&quot;,&quot;type&quot;:&quot;cta&quot;}}\" target=\"_blank\">Mon Actu<\/a>.<\/p>\n","protected":false},"excerpt":{"rendered":"Par R\u00e9daction Saint-\u00c9tienne Publi\u00e9 le 23 juil. 2025 \u00e0 16h03 La soir\u00e9e de ce samedi 19 juillet s\u2019est&hellip;\n","protected":false},"author":2,"featured_media":268281,"comment_status":"","ping_status":"","sticky":false,"template":"","format":"standard","meta":{"footnotes":""},"categories":[9653],"tags":[119,1111,11,2430,1777,674,118,1011,27,12,1072,1311,25,4001],"class_list":{"0":"post-268280","1":"post","2":"type-post","3":"status-publish","4":"format-standard","5":"has-post-thumbnail","7":"category-saint-etienne","8":"tag-accident","9":"tag-actu","10":"tag-actualites","11":"tag-auvergne-rhone-alpes","12":"tag-eu","13":"tag-europe","14":"tag-faits-divers","15":"tag-fr","16":"tag-france","17":"tag-news","18":"tag-police","19":"tag-pompiers","20":"tag-republique-francaise","21":"tag-saint-etienne"},"share_on_mastodon":{"url":"https:\/\/pubeurope.com\/@fr\/114903173282514295","error":""},"_links":{"self":[{"href":"https:\/\/www.europesays.com\/fr\/wp-json\/wp\/v2\/posts\/268280","targetHints":{"allow":["GET"]}}],"collection":[{"href":"https:\/\/www.europesays.com\/fr\/wp-json\/wp\/v2\/posts"}],"about":[{"href":"https:\/\/www.europesays.com\/fr\/wp-json\/wp\/v2\/types\/post"}],"author":[{"embeddable":true,"href":"https:\/\/www.europesays.com\/fr\/wp-json\/wp\/v2\/users\/2"}],"replies":[{"embeddable":true,"href":"https:\/\/www.europesays.com\/fr\/wp-json\/wp\/v2\/comments?post=268280"}],"version-history":[{"count":0,"href":"https:\/\/www.europesays.com\/fr\/wp-json\/wp\/v2\/posts\/268280\/revisions"}],"wp:featuredmedia":[{"embeddable":true,"href":"https:\/\/www.europesays.com\/fr\/wp-json\/wp\/v2\/media\/268281"}],"wp:attachment":[{"href":"https:\/\/www.europesays.com\/fr\/wp-json\/wp\/v2\/media?parent=268280"}],"wp:term":[{"taxonomy":"category","embeddable":true,"href":"https:\/\/www.europesays.com\/fr\/wp-json\/wp\/v2\/categories?post=268280"},{"taxonomy":"post_tag","embeddable":true,"href":"https:\/\/www.europesays.com\/fr\/wp-json\/wp\/v2\/tags?post=268280"}],"curies":[{"name":"wp","href":"https:\/\/api.w.org\/{rel}","templated":true}]}}