{"id":268290,"date":"2025-07-23T15:11:13","date_gmt":"2025-07-23T15:11:13","guid":{"rendered":"https:\/\/www.europesays.com\/fr\/268290\/"},"modified":"2025-07-23T15:11:13","modified_gmt":"2025-07-23T15:11:13","slug":"cette-chapelle-consacre-une-exposition-au-mobilier-atypique-a-toulon","status":"publish","type":"post","link":"https:\/\/www.europesays.com\/fr\/268290\/","title":{"rendered":"Cette chapelle consacre une exposition au mobilier atypique \u00e0 Toulon"},"content":{"rendered":"<p>Cet \u00e9t\u00e9 \u00e0 Toulon, le design se d\u00e9cline \u00e0 l\u2019envi, dans une grande diversit\u00e9, \u00e0 l\u2019ancien \u00e9v\u00each\u00e9, \u00e0 <strong>l\u2019H\u00f4tel des Arts<\/strong>, au Port des Cr\u00e9ateurs, et aussi \u00e0 la Chapelle de la m\u00e9diath\u00e8que Chalucet.<\/p>\n<p><strong>Nawal Bakouri,<\/strong> directrice de l\u2019<strong>\u00c9cole Sup\u00e9rieure d\u2019Art et Design,<\/strong> a propos\u00e9 aux affaires culturelles de la Ville de renouer pour un temps avec son ancien m\u00e9tier de commissaire d\u2019exposition et de mettre en sc\u00e8ne les objets d\u2019un designer reconnu \u00e0 l\u2019intention de ses \u00e9tudiants et de tous les visiteurs piqu\u00e9s de curiosit\u00e9.<\/p>\n<p>Ainsi, la chapelle de style n\u00e9o-classique accueille avec modernit\u00e9 des \u0153uvres du <strong>designer Romain Guillet<\/strong>, dans une <strong>exposition intitul\u00e9e \u00ab\u00a0Les intrus\u00a0\u00bb,<\/strong> les objets de mobilier design ayant d\u00fb s\u2019immiscer dans ce lieu atypique.<\/p>\n<p>Nawal Bakouri commente: \u00ab\u00a0J\u2019ai choisi Romain Guillet pour le sens qu\u2019il donne \u00e0 sa pratique en utilisant des \u00e9l\u00e9ments existants, notamment des composants industriels et du mat\u00e9riel de rebut, mais aussi en se posant la question d\u2019une future r\u00e9utilisation de ces mat\u00e9riaux, du produit lui-m\u00eame, de sa r\u00e9versibilit\u00e9. De plus, il r\u00e9alise des produits \u00e0 la fois originaux, \u00e9pur\u00e9s, esth\u00e9tiques tout en \u00e9tant pratiques et confortables\u00a0\u00bb.<\/p>\n<p>Ainsi, une chaise est r\u00e9glable en hauteur par le biais d\u2019un tabouret \u00e0 vis, une autre int\u00e8gre un sur-si\u00e8ge chauffant ou un moteur massant, des cagettes plastiques se font si\u00e8ges, des profil\u00e9s industriels pieds de table, un m\u00eame support \u00e0 l\u2019horizontal ou \u00e0 la verticale chevalet, banc ou table&#8230;<\/p>\n<p>              <img ci-src=\"https:\/\/www.varmatin.com\/expos\/9bd9a865cb7867fd933e9av_01211977-a6mRl0kK.jpg?vh=f0d5af&amp;ci_seal=861ab169f3\" alt=\"\"\/><br \/>\n        R\u00e9versibilit\u00e9 du chevalet d\u00e9montr\u00e9 par Samuel, \u00e9tudiant m\u00e9diateur.&#13;<br \/>\n <strong>Photo Pascale Maes.<\/strong> <\/p>\n<p>\u00c9galement sc\u00e9nographe, Romain Guillet pr\u00e9cise:\u00a0\u00ab\u00a0d\u2019habitude, je mets en sc\u00e8ne des artistes et l\u00e0, pour la premi\u00e8re fois, je suis le sujet d\u2019une exposition. Cela a \u00e9t\u00e9 un challenge d\u2019extraire certains objets de d\u2019autres contextes et de les positionner dans ce lieu tr\u00e8s particulier, il a fallu de l\u2019ing\u00e9niosit\u00e9. Je cherche toujours \u00e0 donner une nouvelle vie \u00e0 mes productions \u00e0 la fin d\u2019un \u00e9v\u00e8nement, tout comme en amont une fonction la plus large possible. Au-del\u00e0 du choix des mat\u00e9riaux, principalement des \u00e9l\u00e9ments emprunt\u00e9s \u00e0 l\u2019industrie, je r\u00e9fl\u00e9chis \u00e0 la r\u00e9versibilit\u00e9 de chaque cr\u00e9ation, \u00e0 faire des projets \u00e9cologiquement viables\u00a0\u00bb.<\/p>\n<p><strong>Savoir+<\/strong><\/p>\n<p>Jusqu\u2019au 23 septembre \u00e0 la Chapelle de la m\u00e9diath\u00e8que Chalucet du 15 juillet au 31 ao\u00fbt, mardi, mercredi, vendredi et samedi 9h30 &#8211; 17h30 &#8211; du 2 au 13 septembre, mardi au samedi 10h &#8211; 18h30.<\/p>\n","protected":false},"excerpt":{"rendered":"Cet \u00e9t\u00e9 \u00e0 Toulon, le design se d\u00e9cline \u00e0 l\u2019envi, dans une grande diversit\u00e9, \u00e0 l\u2019ancien \u00e9v\u00each\u00e9, \u00e0&hellip;\n","protected":false},"author":2,"featured_media":268291,"comment_status":"","ping_status":"","sticky":false,"template":"","format":"standard","meta":{"footnotes":""},"categories":[9619],"tags":[1111,11,251,1777,674,8202,1011,27,12,882,25,2310],"class_list":{"0":"post-268290","1":"post","2":"type-post","3":"status-publish","4":"format-standard","5":"has-post-thumbnail","7":"category-toulon","8":"tag-actu","9":"tag-actualites","10":"tag-culture","11":"tag-eu","12":"tag-europe","13":"tag-expos","14":"tag-fr","15":"tag-france","16":"tag-news","17":"tag-provence-alpes-cote-dazur","18":"tag-republique-francaise","19":"tag-toulon"},"share_on_mastodon":{"url":"https:\/\/pubeurope.com\/@fr\/114903192931043066","error":""},"_links":{"self":[{"href":"https:\/\/www.europesays.com\/fr\/wp-json\/wp\/v2\/posts\/268290","targetHints":{"allow":["GET"]}}],"collection":[{"href":"https:\/\/www.europesays.com\/fr\/wp-json\/wp\/v2\/posts"}],"about":[{"href":"https:\/\/www.europesays.com\/fr\/wp-json\/wp\/v2\/types\/post"}],"author":[{"embeddable":true,"href":"https:\/\/www.europesays.com\/fr\/wp-json\/wp\/v2\/users\/2"}],"replies":[{"embeddable":true,"href":"https:\/\/www.europesays.com\/fr\/wp-json\/wp\/v2\/comments?post=268290"}],"version-history":[{"count":0,"href":"https:\/\/www.europesays.com\/fr\/wp-json\/wp\/v2\/posts\/268290\/revisions"}],"wp:featuredmedia":[{"embeddable":true,"href":"https:\/\/www.europesays.com\/fr\/wp-json\/wp\/v2\/media\/268291"}],"wp:attachment":[{"href":"https:\/\/www.europesays.com\/fr\/wp-json\/wp\/v2\/media?parent=268290"}],"wp:term":[{"taxonomy":"category","embeddable":true,"href":"https:\/\/www.europesays.com\/fr\/wp-json\/wp\/v2\/categories?post=268290"},{"taxonomy":"post_tag","embeddable":true,"href":"https:\/\/www.europesays.com\/fr\/wp-json\/wp\/v2\/tags?post=268290"}],"curies":[{"name":"wp","href":"https:\/\/api.w.org\/{rel}","templated":true}]}}