{"id":268302,"date":"2025-07-23T15:17:10","date_gmt":"2025-07-23T15:17:10","guid":{"rendered":"https:\/\/www.europesays.com\/fr\/268302\/"},"modified":"2025-07-23T15:17:10","modified_gmt":"2025-07-23T15:17:10","slug":"grenoble-la-caravane-populaire-de-la-france-insoumise-fait-etape-a-teisseire-ce-jeudi-24-juillet","status":"publish","type":"post","link":"https:\/\/www.europesays.com\/fr\/268302\/","title":{"rendered":"Grenoble. La \u201ccaravane populaire\u201d de La France insoumise fait \u00e9tape \u00e0 Teisseire ce jeudi 24 juillet"},"content":{"rendered":"<p>En tourn\u00e9e dans toute la France, la \u201ccaravane populaire\u201d de La France insoumise s\u2019arr\u00eate ce jeudi 24\u00a0juillet \u00e0 Grenoble, dans le quartier Teisseire, apr\u00e8s une \u00e9tape \u00e0 Manosque la veille et avant Lyon, vendredi.<\/p>\n<p>Proposer des inscriptions sur les listes \u00e9lectorales<\/p>\n<p>De 16 \u00e0 19\u00a0heures, au 31 avenue Paul-Cocat, les militants iront \u00e0 la rencontre des habitants pour \u00e9changer, <a href=\"https:\/\/www.ledauphine.com\/elections\/2025\/07\/04\/la-france-insoumise-lance-une-grande-enquete-dans-les-quartiers-populaires-de-grenoble\" target=\"_blank\" rel=\"nofollow noopener\">proposer des inscriptions sur les listes \u00e9lectorales<\/a> et pr\u00e9senter les combats men\u00e9s par les parlementaires insoumis, dont <a href=\"https:\/\/www.ledauphine.com\/p\/elisa-martin\" target=\"_blank\" rel=\"nofollow noopener\">\u00c9lisa Martin<\/a>, d\u00e9put\u00e9e de la troisi\u00e8me circonscription de l&rsquo;Is\u00e8re.<\/p>\n<p>L\u2019\u00e9v\u00e9nement se cl\u00f4turera par un ap\u00e9ritif convivial.<\/p>\n<p>Ce contenu est bloqu\u00e9 car vous n&rsquo;avez pas accept\u00e9 les cookies et autres traceurs.<\/p>\n<p>En cliquant sur \u00ab J\u2019accepte \u00bb, les cookies et autres traceurs seront d\u00e9pos\u00e9s et vous pourrez visualiser les contenus  (<a href=\"\" class=\"consentModule_policy\" target=\"_blank\" title=\"Consulter la politique de protection des donn\u00e9es du fournisseur\">plus d&rsquo;informations<\/a>).<\/p>\n<p>En cliquant sur \u00ab J\u2019accepte tous les cookies \u00bb, vous autorisez des d\u00e9p\u00f4ts de cookies et autres traceurs pour le stockage de vos donn\u00e9es sur nos sites et applications \u00e0 des fins de personnalisation et de ciblage publicitaire.<\/p>\n<p class=\"consentModule_secondaryText\">Vous gardez la possibilit\u00e9 de retirer votre consentement \u00e0 tout moment en consultant notre <a href=\"https:\/\/www.ledauphine.com\/protection-des-donnees\" target=\"_blank\" title=\"Consulter notre politique de protection des donn\u00e9es\" rel=\"nofollow noopener\">politique de protection des donn\u00e9es<\/a>. <br \/>&#13;<br \/>\n            <a href=\"https:\/\/www.ledauphine.com\/politique\/2025\/07\/23\/javascript:Didomi.notice.show()\" class=\"consentModule_cmp\" rel=\"nofollow noopener\" target=\"_blank\">G\u00e9rer mes choix<\/a>&#13;\n        <\/p>\n<p>&#13;<br \/>\n                        J&rsquo;accepte&#13;<br \/>\n            J&rsquo;accepte tous les cookies&#13;\n        <\/p>\n","protected":false},"excerpt":{"rendered":"En tourn\u00e9e dans toute la France, la \u201ccaravane populaire\u201d de La France insoumise s\u2019arr\u00eate ce jeudi 24\u00a0juillet \u00e0&hellip;\n","protected":false},"author":2,"featured_media":268303,"comment_status":"","ping_status":"","sticky":false,"template":"","format":"standard","meta":{"footnotes":""},"categories":[9566],"tags":[1111,11,2430,112,1777,674,1011,27,2731,2732,108,2338,12,316,25],"class_list":{"0":"post-268302","1":"post","2":"type-post","3":"status-publish","4":"format-standard","5":"has-post-thumbnail","7":"category-grenoble","8":"tag-actu","9":"tag-actualites","10":"tag-auvergne-rhone-alpes","11":"tag-edition-grenoble-agglomeration","12":"tag-eu","13":"tag-europe","14":"tag-fr","15":"tag-france","16":"tag-grenoble","17":"tag-grenoble-bassin","18":"tag-isere","19":"tag-la-france-insoumise","20":"tag-news","21":"tag-politique","22":"tag-republique-francaise"},"share_on_mastodon":{"url":"https:\/\/pubeurope.com\/@fr\/114903216677386970","error":""},"_links":{"self":[{"href":"https:\/\/www.europesays.com\/fr\/wp-json\/wp\/v2\/posts\/268302","targetHints":{"allow":["GET"]}}],"collection":[{"href":"https:\/\/www.europesays.com\/fr\/wp-json\/wp\/v2\/posts"}],"about":[{"href":"https:\/\/www.europesays.com\/fr\/wp-json\/wp\/v2\/types\/post"}],"author":[{"embeddable":true,"href":"https:\/\/www.europesays.com\/fr\/wp-json\/wp\/v2\/users\/2"}],"replies":[{"embeddable":true,"href":"https:\/\/www.europesays.com\/fr\/wp-json\/wp\/v2\/comments?post=268302"}],"version-history":[{"count":0,"href":"https:\/\/www.europesays.com\/fr\/wp-json\/wp\/v2\/posts\/268302\/revisions"}],"wp:featuredmedia":[{"embeddable":true,"href":"https:\/\/www.europesays.com\/fr\/wp-json\/wp\/v2\/media\/268303"}],"wp:attachment":[{"href":"https:\/\/www.europesays.com\/fr\/wp-json\/wp\/v2\/media?parent=268302"}],"wp:term":[{"taxonomy":"category","embeddable":true,"href":"https:\/\/www.europesays.com\/fr\/wp-json\/wp\/v2\/categories?post=268302"},{"taxonomy":"post_tag","embeddable":true,"href":"https:\/\/www.europesays.com\/fr\/wp-json\/wp\/v2\/tags?post=268302"}],"curies":[{"name":"wp","href":"https:\/\/api.w.org\/{rel}","templated":true}]}}