{"id":268304,"date":"2025-07-23T15:18:52","date_gmt":"2025-07-23T15:18:52","guid":{"rendered":"https:\/\/www.europesays.com\/fr\/268304\/"},"modified":"2025-07-23T15:18:52","modified_gmt":"2025-07-23T15:18:52","slug":"une-vigilance-declenchee-par-meteo-france","status":"publish","type":"post","link":"https:\/\/www.europesays.com\/fr\/268304\/","title":{"rendered":"une vigilance d\u00e9clench\u00e9e par M\u00e9t\u00e9o France"},"content":{"rendered":"<p>            Par<br \/>\n        <strong><br \/>\n            <a href=\"https:\/\/actu.fr\/auteur\/clemence-pays02-actu-fr\" title=\"Consulter tous les articles de Cl\u00e9mence Pays\" rel=\"nofollow noopener\" target=\"_blank\">Cl\u00e9mence Pays<\/a><br \/>\n        <\/strong><\/p>\n<p>        Publi\u00e9 le<\/p>\n<p>            22 juil. 2025 \u00e0 11h32<br \/>\n        ; mis \u00e0 jour le 23 juil. 2025 \u00e0 10h28    <\/p>\n<p><strong>[Mis \u00e0 jour le mercredi 23 juillet, \u00e0 10h30 :<\/strong> M\u00e9t\u00e9o France a \u00e9galement le d\u00e9partement en vigilance jaune pluie-inondation jusqu\u2019\u00e0 20h ce mercredi.]<\/p>\n<p class=\" wall-content\">Depuis quelques jours, les averses sont de retour en Ille-et-Vilaine et cela risque de durer encore un peu. Comme l\u2019annonce le m\u00e9t\u00e9orologue S\u00e9bastien Decaux \u00e0 actu Rennes, <a href=\"https:\/\/actu.fr\/bretagne\/rennes_35238\/meteo-en-bretagne-apres-un-nouveau-retournement-de-situation-a-quoi-faut-il-s-attendre-les-previsions_62939142.html\" rel=\"nofollow noopener\" target=\"_blank\">l\u2019instabilit\u00e9 va se poursuivre mardi\u00a022 et mercredi 23\u00a0juillet, \u00ab\u2009en raison du passage d\u2019une nouvelle perturbation pluvio-orageuse\u2009\u00bb<\/a>.<\/p>\n<p class=\" wall-content\">Des conditions m\u00e9t\u00e9orologiques qui conduisent <a href=\"https:\/\/actu.fr\/tag\/meteo-france\" rel=\"nofollow noopener\" target=\"_blank\">M\u00e9t\u00e9o France<\/a>\u00a0\u00e0 placer le d\u00e9partement d\u2019Ille-et-Vilaine en <strong>vigilance jaune orages, mercredi 23\u00a0juillet, de 13h \u00e0 20h.<\/strong><\/p>\n<p>Des averses orageuses et du vent<\/p>\n<p class=\" wall-content\">Pour la journ\u00e9e de mercredi, M\u00e9t\u00e9o France pr\u00e9voit des temp\u00e9ratures<strong> jusqu\u2019\u00e0 20 \u00b0C<\/strong> \u00e0 <a href=\"https:\/\/actu.fr\/rennes\/\" rel=\"nofollow noopener\" target=\"_blank\">Rennes<\/a>, avec de potentielles <strong>averses orageuses<\/strong> toute la journ\u00e9e. Le vent se l\u00e8vera l\u2019apr\u00e8s-midi, avec des <strong>rafales \u00e0 40\u00a0km\/h.<\/strong> Le calme devrait revenir en soir\u00e9e. La situation sera similaire \u00e0 <a href=\"https:\/\/actu.fr\/le-journal-de-vitre\/\" rel=\"nofollow noopener\" target=\"_blank\">Vitr\u00e9<\/a> et <a href=\"https:\/\/actu.fr\/la-chronique-republicaine\/\" rel=\"nofollow noopener\" target=\"_blank\">Foug\u00e8res<\/a>.<\/p>\n<p class=\" wall-content\">Les c\u00f4tes de la Manche seront plus \u00e9pargn\u00e9es puisque M\u00e9t\u00e9o France n\u2019indique pas d\u2019orages \u00e0 <a href=\"https:\/\/actu.fr\/le-pays-malouin\/\" rel=\"nofollow noopener\" target=\"_blank\">Saint-Malo<\/a>. Une <strong>\u00ab\u2009pluie faible\u2009\u00bb<\/strong> devrait tomber le matin et durant la nuit. L\u2019apr\u00e8s-midi sera marqu\u00e9e par des \u00e9claircies et des <strong>rafales \u00e0 40\u00a0km\/h.<\/strong> C\u00f4t\u00e9 temp\u00e9ratures, il fera <strong>entre 17 et 19\u00a0\u00b0C.<\/strong><\/p>\n<p>Les consignes \u00e0 respecter<\/p>\n<p class=\" wall-content\">Sur son compte X, la pr\u00e9fecture de Bretagne et d\u2019Ille-et-Vilaine rappelle les <strong>consignes de prudence<\/strong> \u00e0 respecter en cas d\u2019orages\u2009:<\/p>\n<ul class=\" wall-content\">\n<li>mettez \u00e0 l\u2019abri les objets susceptibles d\u2019\u00eatre endommag\u00e9s\u2009;<\/li>\n<li>soyez vigilants lors des manifestations de plein air (notamment les structures et les \u00e9quipements sensibles au vent)\u2009;<\/li>\n<li>ne touchez en aucun cas aux fils \u00e9lectriques tomb\u00e9s au sol.<\/li>\n<\/ul>\n<p class=\" wall-content\">\n<p class=\" wall-content\">Il est \u00e9galement conseill\u00e9 de faire preuve de <strong>prudence sur les routes<\/strong> et de se tenir inform\u00e9 de l\u2019\u00e9volution de la situation aupr\u00e8s de M\u00e9t\u00e9o France.<\/p>\n<p class=\" wall-content\">Suivez toute l\u2019actualit\u00e9 de vos villes et m\u00e9dias favoris en vous inscrivant \u00e0 <a href=\"https:\/\/moncompte.actu.fr\" title=\"D\u00e9couvez Mon Actu\" rel=\"nofollow noopener\" data-trk=\"{&quot;cta&quot;:{&quot;action&quot;:&quot;https:\\\/\\\/moncompte.actu.fr&quot;,&quot;category&quot;:&quot;mon compte&quot;,&quot;from&quot;:&quot;article footer&quot;,&quot;name&quot;:&quot;Mon actu&quot;,&quot;type&quot;:&quot;cta&quot;}}\" target=\"_blank\">Mon Actu<\/a>.<\/p>\n","protected":false},"excerpt":{"rendered":"Par Cl\u00e9mence Pays Publi\u00e9 le 22 juil. 2025 \u00e0 11h32 ; mis \u00e0 jour le 23 juil. 2025&hellip;\n","protected":false},"author":2,"featured_media":268305,"comment_status":"","ping_status":"","sticky":false,"template":"","format":"standard","meta":{"footnotes":""},"categories":[2821],"tags":[1111,11,829,1777,674,1011,27,2487,2357,12,4594,584,25],"class_list":{"0":"post-268304","1":"post","2":"type-post","3":"status-publish","4":"format-standard","5":"has-post-thumbnail","7":"category-rennes","8":"tag-actu","9":"tag-actualites","10":"tag-bretagne","11":"tag-eu","12":"tag-europe","13":"tag-fr","14":"tag-france","15":"tag-meteo","16":"tag-meteo-france","17":"tag-news","18":"tag-orages","19":"tag-rennes","20":"tag-republique-francaise"},"share_on_mastodon":{"url":"https:\/\/pubeurope.com\/@fr\/114903224367567434","error":""},"_links":{"self":[{"href":"https:\/\/www.europesays.com\/fr\/wp-json\/wp\/v2\/posts\/268304","targetHints":{"allow":["GET"]}}],"collection":[{"href":"https:\/\/www.europesays.com\/fr\/wp-json\/wp\/v2\/posts"}],"about":[{"href":"https:\/\/www.europesays.com\/fr\/wp-json\/wp\/v2\/types\/post"}],"author":[{"embeddable":true,"href":"https:\/\/www.europesays.com\/fr\/wp-json\/wp\/v2\/users\/2"}],"replies":[{"embeddable":true,"href":"https:\/\/www.europesays.com\/fr\/wp-json\/wp\/v2\/comments?post=268304"}],"version-history":[{"count":0,"href":"https:\/\/www.europesays.com\/fr\/wp-json\/wp\/v2\/posts\/268304\/revisions"}],"wp:featuredmedia":[{"embeddable":true,"href":"https:\/\/www.europesays.com\/fr\/wp-json\/wp\/v2\/media\/268305"}],"wp:attachment":[{"href":"https:\/\/www.europesays.com\/fr\/wp-json\/wp\/v2\/media?parent=268304"}],"wp:term":[{"taxonomy":"category","embeddable":true,"href":"https:\/\/www.europesays.com\/fr\/wp-json\/wp\/v2\/categories?post=268304"},{"taxonomy":"post_tag","embeddable":true,"href":"https:\/\/www.europesays.com\/fr\/wp-json\/wp\/v2\/tags?post=268304"}],"curies":[{"name":"wp","href":"https:\/\/api.w.org\/{rel}","templated":true}]}}