{"id":268316,"date":"2025-07-23T15:25:12","date_gmt":"2025-07-23T15:25:12","guid":{"rendered":"https:\/\/www.europesays.com\/fr\/268316\/"},"modified":"2025-07-23T15:25:12","modified_gmt":"2025-07-23T15:25:12","slug":"lete-les-abandons-de-chiens-augmentent-dans-cette-spa-pres-de-nantes-une-place-vaut","status":"publish","type":"post","link":"https:\/\/www.europesays.com\/fr\/268316\/","title":{"rendered":"\u00ab L\u2019\u00e9t\u00e9, les abandons de chiens augmentent \u00bb : dans cette SPA pr\u00e8s de Nantes, une place vaut"},"content":{"rendered":"<p>Les abandons de chiens sont nombreux toute l\u2019ann\u00e9e, encore plus l\u2019\u00e9t\u00e9. Le directeur de la SPA de Bouguenais, Gr\u00e9gory Duplant, nous \u00e9claire.<\/p>\n<p>\t<img decoding=\"async\" src=\"https:\/\/www.europesays.com\/fr\/wp-content\/uploads\/2025\/07\/P35370797D6910970G_px_640_.jpg\" alt=\"photo gr\u00e9gory duplant, 41 ans, aux manettes de la spa de bouguenais.  \u00a9  ouest-france\" width=\"640\" title=\" Gr\u00e9gory Duplant, 41 ans, aux manettes de la SPA de Bouguenais.   Ouest-France \"\/><\/p>\n<p class=\"elmt-legende\"> Gr\u00e9gory Duplant, 41 ans, aux manettes de la SPA de Bouguenais.   Ouest-France <\/p>\n<p>Des abandons toute l\u2019ann\u00e9e<\/p>\n<p>\u00ab Depuis environ dix ans, les abandons des chiens, c\u2019est toute l\u2019ann\u00e9e. Dans notre petit refuge, de janvier \u00e0 juin, on re\u00e7oit trois appels par jour pour &#8230;<\/p>\n<p>\u00a0<\/p>\n","protected":false},"excerpt":{"rendered":"Les abandons de chiens sont nombreux toute l\u2019ann\u00e9e, encore plus l\u2019\u00e9t\u00e9. Le directeur de la SPA de Bouguenais,&hellip;\n","protected":false},"author":2,"featured_media":268317,"comment_status":"","ping_status":"","sticky":false,"template":"","format":"standard","meta":{"footnotes":""},"categories":[2818],"tags":[40763,1111,11,16104,13370,2883,1777,674,1011,27,766,12,2636,5536,3762,25,18730,10288],"class_list":{"0":"post-268316","1":"post","2":"type-post","3":"status-publish","4":"format-standard","5":"has-post-thumbnail","7":"category-nantes","8":"tag-abandons","9":"tag-actu","10":"tag-actualites","11":"tag-augmentent","12":"tag-chiens","13":"tag-ete","14":"tag-eu","15":"tag-europe","16":"tag-fr","17":"tag-france","18":"tag-nantes","19":"tag-news","20":"tag-pays-de-la-loire","21":"tag-place","22":"tag-pres","23":"tag-republique-francaise","24":"tag-spa","25":"tag-vaut"},"share_on_mastodon":{"url":"https:\/\/pubeurope.com\/@fr\/114903247978813307","error":""},"_links":{"self":[{"href":"https:\/\/www.europesays.com\/fr\/wp-json\/wp\/v2\/posts\/268316","targetHints":{"allow":["GET"]}}],"collection":[{"href":"https:\/\/www.europesays.com\/fr\/wp-json\/wp\/v2\/posts"}],"about":[{"href":"https:\/\/www.europesays.com\/fr\/wp-json\/wp\/v2\/types\/post"}],"author":[{"embeddable":true,"href":"https:\/\/www.europesays.com\/fr\/wp-json\/wp\/v2\/users\/2"}],"replies":[{"embeddable":true,"href":"https:\/\/www.europesays.com\/fr\/wp-json\/wp\/v2\/comments?post=268316"}],"version-history":[{"count":0,"href":"https:\/\/www.europesays.com\/fr\/wp-json\/wp\/v2\/posts\/268316\/revisions"}],"wp:featuredmedia":[{"embeddable":true,"href":"https:\/\/www.europesays.com\/fr\/wp-json\/wp\/v2\/media\/268317"}],"wp:attachment":[{"href":"https:\/\/www.europesays.com\/fr\/wp-json\/wp\/v2\/media?parent=268316"}],"wp:term":[{"taxonomy":"category","embeddable":true,"href":"https:\/\/www.europesays.com\/fr\/wp-json\/wp\/v2\/categories?post=268316"},{"taxonomy":"post_tag","embeddable":true,"href":"https:\/\/www.europesays.com\/fr\/wp-json\/wp\/v2\/tags?post=268316"}],"curies":[{"name":"wp","href":"https:\/\/api.w.org\/{rel}","templated":true}]}}