{"id":268325,"date":"2025-07-23T15:30:11","date_gmt":"2025-07-23T15:30:11","guid":{"rendered":"https:\/\/www.europesays.com\/fr\/268325\/"},"modified":"2025-07-23T15:30:11","modified_gmt":"2025-07-23T15:30:11","slug":"pres-de-toulouse-un-maire-prive-dindemnites-certains-elus-absents-des-seances-municipales","status":"publish","type":"post","link":"https:\/\/www.europesays.com\/fr\/268325\/","title":{"rendered":"Pr\u00e8s de Toulouse, un maire prive d\u2019indemnit\u00e9s certains \u00e9lus absents des s\u00e9ances municipales"},"content":{"rendered":"<p>R\u00e9mi Diaz, maire de la petite commune de Lanta, pr\u00e8s de Toulouse, a demand\u00e9 la fin des indemnit\u00e9s accord\u00e9es \u00e0 cinq \u00e9lus de son conseil municipal, qu\u2019il accuse de ne pas s\u2019impliquer dans le travail collectif.<\/p>\n<p class=\"fig-paragraph\">Le maire a ferm\u00e9 le robinet. Au cours d\u2019une s\u00e9ance municipale tenue le 30 juin 2025, l\u2019\u00e9dile de la petite commune de Lanta (Haute-Garonne) R\u00e9mi Diaz a demand\u00e9 la fin des indemnit\u00e9s vers\u00e9es \u00e0 cinq membres de son \u00e9quipe municipale. Il les accuse de ne pas s\u2019impliquer dans la gestion de la commune,\u00a0<a href=\"https:\/\/actu.fr\/occitanie\/lanta_31271\/ne-plus-verser-de-l-argent-public-a-des-fantomes-le-maire-prive-certains-elus-de-leur-indemnite-a-lanta_62875336.html\" target=\"_blank\" rel=\"sponsored noopener nofollow\" data-gtm-custom-categorie=\"navigation\" data-gtm-custom-action=\"crossclick\" data-gtm-custom-label=\"Contextuel\" data-gtm-event=\"customEventSPE\">rapportait ce 22 juillet Actu.fr<\/a>.<\/p>\n<p class=\"fig-paragraph\">Jusqu\u2019alors, tous les \u00e9lus de la commune touchaient une indemnit\u00e9 de fonction. Une telle d\u00e9cision veut alors \u00abmettre fin \u00e0 cette pratique qui consiste pour certains \u00e0 verser de l\u2019argent public \u00e0 des fant\u00f4mes qui ne s\u2019impliquent pas dans le travail collectif\u00bb, a ainsi\u00a0<a href=\"https:\/\/www.lanta.fr\/wp-content\/uploads\/2016\/06\/PV-du-30-06-2025.pdf\" target=\"_blank\" rel=\"sponsored noopener nofollow\" data-gtm-custom-categorie=\"navigation\" data-gtm-custom-action=\"crossclick\" data-gtm-custom-label=\"Contextuel\" data-gtm-event=\"customEventSPE\">martel\u00e9 le maire au cours de la s\u00e9ance<\/a>, supprimant de ce fait les 70 euros mensuels accord\u00e9s \u00e0 ces cinq \u00e9lus. L\u2019objectif\u00a0: \u00abvaloriser l\u2019investissement de certains \u00e9lus et permettre \u00e9galement \u00e0 tous les administr\u00e9s une meilleure lecture de l\u2019implication r\u00e9elle des \u00e9lus dans leur mission\u00bb, pr\u00e9cise le compte rendu de la s\u00e9ance disponible en ligne.<\/p>\n<p>                                    <a class=\"fig-a11y-skip a11y-hidden\" href=\"#fig-a11y-skip-main-inarticle\"><br \/>\n        Passer la publicit\u00e9<br \/>\n    <\/a><\/p>\n<p>\u00abAttitude regrettable\u00bb<\/p>\n<p class=\"fig-paragraph\">Les concern\u00e9s se sont ainsi vus retirer leurs d\u00e9l\u00e9gations concernant l\u2019adressage, les relations avec la population ou encore le patrimoine communal, qui ont \u00e9t\u00e9 confi\u00e9es \u00e0 d\u2019autres conseillers qui continueront de recevoir leurs indemnit\u00e9s. La demande du maire a \u00e9t\u00e9 soumise \u00e0 un vote du conseil municipal, au grand dam des concern\u00e9s, pour \u00eatre adopt\u00e9e \u00e0 14 voix pour et une voix contre. Florence Ranc, opposante au maire et concern\u00e9e par la privation de ces indemnit\u00e9s, a requis en retour la suppression de la r\u00e9mun\u00e9ration de fonction du maire, consid\u00e9rant qu\u2019au vu des \u00abdifficult\u00e9s financi\u00e8res de la collectivit\u00e9, il appartient aux \u00e9lus de renoncer \u00e0 leurs indemnit\u00e9s\u00bb.<\/p>\n<p class=\"fig-body-link\">\n            \u00c0 lire aussi<br \/>\n        <a class=\"fig-body-link__link fig-premium-mark\" href=\"http:\/\/www.lefigaro.fr\/actualite-france\/le-maire-fait-n-importe-quoi-avec-l-argent-public-dans-la-principaute-bearnaise-de-laas-le-reve-princier-vire-au-cauchemar-financier-20250412\" target=\"_blank\" data-fig-type=\"Article\" rel=\"noopener nofollow\" data-gtm-custom-categorie=\"navigation\" data-gtm-custom-action=\"crossclick\" data-gtm-custom-label=\"Contextuel\" data-gtm-event=\"customEventSPE\" data-fig-domain=\"LEFIGARO\">\u00abLe maire fait n\u2019importe quoi avec l\u2019argent public\u00bb: dans la principaut\u00e9 b\u00e9arnaise de La\u00e0s, le r\u00eave princier vire au cauchemar financier<br \/>\n    <\/a>\n<\/p>\n<p class=\"fig-paragraph\">\u00abL\u2019objectif (&#8230;) n\u2019est pas de diminuer les indemnit\u00e9s, mais de mettre fin au versement de r\u00e9mun\u00e9rations \u00e0 des \u00e9lus qui n\u2019ont pas de d\u00e9l\u00e9gations (&#8230;) et qui [ne] s\u2019investissent [pas]\u00bb, a r\u00e9torqu\u00e9 l\u2019\u00e9dile. Qui avait d\u00e9j\u00e0 point\u00e9 \u00e0 de multiples reprises l\u2019absent\u00e9isme en s\u00e9ance de Florence Ranc,\u00a0<a href=\"https:\/\/www.lanta.fr\/wp-content\/uploads\/2016\/06\/PV-du-16-01-2025.pdf\" target=\"_blank\" rel=\"sponsored noopener nofollow\" data-gtm-custom-categorie=\"navigation\" data-gtm-custom-action=\"crossclick\" data-gtm-custom-label=\"Contextuel\" data-gtm-event=\"customEventSPE\">l\u2019ayant accus\u00e9 au cours d\u2019une r\u00e9union<\/a>\u00a0le 16 janvier dernier de n\u2019\u00eatre jamais venue \u00ab\u00e0 aucune r\u00e9union de travail budg\u00e9taire, ni m\u00eame en conseil municipal pour le vote du budget\u00bb. \u00abCela fait un an que l\u2019on ne t\u2019a pas vue et tu as le culot de venir uniquement quand les sujets t\u2019int\u00e9ressent, c\u2019est une attitude regrettable qui n\u2019est pas dans l\u2019int\u00e9r\u00eat de la commune\u00bb, avait m\u00eame critiqu\u00e9 le maire<a href=\"https:\/\/actu.fr\/occitanie\/lanta_31271\/politique-la-seance-du-conseil-municipal-tourne-au-reglement-de-comptes-dans-cette-commune-pres-de-toulouse_62136308.html\" target=\"_blank\" rel=\"noopener nofollow\" data-gtm-custom-categorie=\"navigation\" data-gtm-custom-action=\"crossclick\" data-gtm-custom-label=\"Contextuel\" data-gtm-event=\"customEventSPE\">\u00a0selon Actu.fr.\u00a0<\/a>\u00abSi on ne vient pas, c\u2019est que les sujets de ces r\u00e9unions ne sont pas int\u00e9ressants\u00bb, avait r\u00e9torqu\u00e9 l\u2019ancienne adjointe.<\/p>\n<p class=\"fig-paragraph\">Les indemnit\u00e9s des \u00e9lus locaux sont encadr\u00e9es par le Code g\u00e9n\u00e9ral des collectivit\u00e9s territoriales. Elles sont facultatives dans les communes de moins de 100.000 habitants &#8211; ce qui est le cas de Lanta, qui ne compte que 2000 habitants. Elles d\u00e9pendent de l\u2019enveloppe du budget municipal, mais aussi des d\u00e9l\u00e9gations attribu\u00e9es aux conseillers, et doivent \u00eatre valid\u00e9es par un vote. \u00abLe conseil municipal d\u00e9lib\u00e8re sur les indemnit\u00e9s de fonction allou\u00e9es au maire, aux adjoints et, le cas \u00e9ch\u00e9ant, aux conseillers municipaux\u00bb, pr\u00e9cise ainsi l\u2019article article L2123-20 du CGCT.<\/p>\n","protected":false},"excerpt":{"rendered":"R\u00e9mi Diaz, maire de la petite commune de Lanta, pr\u00e8s de Toulouse, a demand\u00e9 la fin des indemnit\u00e9s&hellip;\n","protected":false},"author":2,"featured_media":268326,"comment_status":"","ping_status":"","sticky":false,"template":"","format":"standard","meta":{"footnotes":""},"categories":[2816],"tags":[1111,11,1777,674,1011,27,2722,12,2680,25,2312],"class_list":{"0":"post-268325","1":"post","2":"type-post","3":"status-publish","4":"format-standard","5":"has-post-thumbnail","7":"category-toulouse","8":"tag-actu","9":"tag-actualites","10":"tag-eu","11":"tag-europe","12":"tag-fr","13":"tag-france","14":"tag-haute-garonne","15":"tag-news","16":"tag-occitanie","17":"tag-republique-francaise","18":"tag-toulouse"},"share_on_mastodon":{"url":"https:\/\/pubeurope.com\/@fr\/114903267675329656","error":""},"_links":{"self":[{"href":"https:\/\/www.europesays.com\/fr\/wp-json\/wp\/v2\/posts\/268325","targetHints":{"allow":["GET"]}}],"collection":[{"href":"https:\/\/www.europesays.com\/fr\/wp-json\/wp\/v2\/posts"}],"about":[{"href":"https:\/\/www.europesays.com\/fr\/wp-json\/wp\/v2\/types\/post"}],"author":[{"embeddable":true,"href":"https:\/\/www.europesays.com\/fr\/wp-json\/wp\/v2\/users\/2"}],"replies":[{"embeddable":true,"href":"https:\/\/www.europesays.com\/fr\/wp-json\/wp\/v2\/comments?post=268325"}],"version-history":[{"count":0,"href":"https:\/\/www.europesays.com\/fr\/wp-json\/wp\/v2\/posts\/268325\/revisions"}],"wp:featuredmedia":[{"embeddable":true,"href":"https:\/\/www.europesays.com\/fr\/wp-json\/wp\/v2\/media\/268326"}],"wp:attachment":[{"href":"https:\/\/www.europesays.com\/fr\/wp-json\/wp\/v2\/media?parent=268325"}],"wp:term":[{"taxonomy":"category","embeddable":true,"href":"https:\/\/www.europesays.com\/fr\/wp-json\/wp\/v2\/categories?post=268325"},{"taxonomy":"post_tag","embeddable":true,"href":"https:\/\/www.europesays.com\/fr\/wp-json\/wp\/v2\/tags?post=268325"}],"curies":[{"name":"wp","href":"https:\/\/api.w.org\/{rel}","templated":true}]}}