{"id":268332,"date":"2025-07-23T15:34:09","date_gmt":"2025-07-23T15:34:09","guid":{"rendered":"https:\/\/www.europesays.com\/fr\/268332\/"},"modified":"2025-07-23T15:34:09","modified_gmt":"2025-07-23T15:34:09","slug":"marseille-la-salete-du-metro-inquiete-de-plus-en-plus-une-association-reclame-une-enquete","status":"publish","type":"post","link":"https:\/\/www.europesays.com\/fr\/268332\/","title":{"rendered":"Marseille. La salet\u00e9 du m\u00e9tro inqui\u00e8te de plus en plus, une association r\u00e9clame une enqu\u00eate"},"content":{"rendered":"<p>            Par<br \/>\n        <strong><br \/>\n            <a href=\"https:\/\/actu.fr\/auteur\/thomas-blanc\" title=\"Consulter tous les articles de Thomas Blanc\" rel=\"nofollow noopener\" target=\"_blank\">Thomas Blanc<\/a><br \/>\n        <\/strong><\/p>\n<p>        Publi\u00e9 le<\/p>\n<p>            23 juil. 2025 \u00e0 17h25        <\/p>\n<p>La <strong>col\u00e8re<\/strong> des usagers du m\u00e9tro \u00e0 <a href=\"https:\/\/actu.fr\/marseille\/\" rel=\"nofollow noopener\" target=\"_blank\">Marseille<\/a> est sortie des stations. Face \u00e0 l\u2019\u00e9tat de <strong>propret\u00e9<\/strong> plus que limite de ces derni\u00e8res semaines, le Comit\u00e9 des usagers des transports marseillais a d\u00e9cid\u00e9 de porter \u00e0 la connaissance de l\u2019<strong>Agence r\u00e9gionale de sant\u00e9<\/strong> (ARS) de Provence-Alpes-C\u00f4te d\u2019Azur sa volont\u00e9 de faire diligenter une <strong>inspection d\u2019hygi\u00e8ne<\/strong> et sant\u00e9 publique dans les stations de <a href=\"https:\/\/actu.fr\/tag\/metro-de-marseille\" rel=\"nofollow noopener\" target=\"_blank\">m\u00e9tro<\/a>.<\/p>\n<p class=\" wall-content\">Hasard de calendrier, la <a href=\"https:\/\/actu.fr\/tag\/rtm\" rel=\"nofollow noopener\" target=\"_blank\">R\u00e9gie des Transports M\u00e9tropolitains<\/a> a, ce mercredi 23\u00a0juillet, pris <a href=\"https:\/\/actu.fr\/provence-alpes-cote-d-azur\/marseille_13055\/nettoyage-dans-le-metro-a-marseille-face-a-la-salete-recurrente-la-rtm-prend-une-mesure-radicale_62945922.html\" rel=\"nofollow noopener\" target=\"_blank\">une nouvelle mesure<\/a> concernant le <strong>nettoyage<\/strong> des stations et des rames.<\/p>\n<p>\u00ab\u2009Un d\u00e9sordre de sant\u00e9 publique\u2009\u00bb<\/p>\n<p class=\" wall-content\">Cette missive envoy\u00e9e \u00e0 l\u2019ARS, Nicolas Hue, pr\u00e9sident du Comit\u00e9 des usagers des transports marseillais, la justifie ainsi aupr\u00e8s d\u2019actu Marseille, \u00ab\u2009l\u2019\u00e9tat presque <strong>d\u2019insalubrit\u00e9<\/strong> du m\u00e9tro aujourd\u2019hui repr\u00e9sente un d\u00e9sordre de sant\u00e9 publique et \u00e0 l\u2019\u00e9chelle d\u2019une ville comme Marseille, cela m\u00e9rite d\u2019alerter l\u2019ARS.\u2009\u00bb<\/p>\n<p class=\" wall-content\">Ce dernier soup\u00e7onne aussi que les conditions d\u2019insalubrit\u00e9 sont telles, qu\u2019elles ont un impact sur la sant\u00e9 des personnes \u00ab\u2009confront\u00e9es quotidiennement \u00e0 cette incurie.\u2009\u00bb Il pense aussi que les r\u00e9centes <a href=\"https:\/\/actu.fr\/provence-alpes-cote-d-azur\/marseille_13055\/meteo-a-marseille-avec-plus-de-dix-jours-de-vigilance-canicule-la-ville-a-t-elle-battu-son-record_62877334.html\" rel=\"nofollow noopener\" target=\"_blank\">fortes chaleurs<\/a> ne peuvent \u00ab\u2009qu\u2019aggraver l\u2019\u00e9mergence de divers parasites n\u00e9fastes en mati\u00e8re de sant\u00e9.\u2009\u00bb<\/p>\n<p class=\" wall-content\">\n<p class=\" wall-content\">\u00ab\u2009L\u2019Agence R\u00e9gionale de Sant\u00e9 ayant pour mission de pr\u00e9venir toute question en mati\u00e8re de sant\u00e9 publique, nous vous demandons donc d\u2019intervenir aupr\u00e8s des autorit\u00e9s responsables de ce d\u00e9sordre\u2009\u00bb, est-il entre autres possible de lire dans la lettre envoy\u00e9e \u00e0 son directeur g\u00e9n\u00e9ral le mardi 23\u00a0juillet.<\/p>\n<p>Une demande qui vient trop tard\u2009?<\/p>\n<p class=\" wall-content\">Presque dans le m\u00eame temps, le pr\u00e9fet de <a href=\"https:\/\/actu.fr\/tag\/police\" rel=\"nofollow noopener\" target=\"_blank\">police<\/a> a pris un <strong>arr\u00eat\u00e9 de r\u00e9quisition<\/strong> pour garantir le nettoyage quotidien du m\u00e9tro que la <a href=\"https:\/\/actu.fr\/tag\/rtm\" rel=\"nofollow noopener\" target=\"_blank\">RTM<\/a> n\u2019arrivait plus \u00e0 assurer et qu\u2019elle avait annonc\u00e9 qu\u2019aucun prestataire p\u00e9renne ne serait d\u00e9sign\u00e9 avant la fin de l\u2019ann\u00e9e 2025.<\/p>\n<p class=\" wall-content\">\u00ab\u2009\u00c9tonnamment, la RTM a r\u00e9agi, tant mieux, m\u00eame si le temps de r\u00e9action a \u00e9t\u00e9 long et le niveau d\u2019insalubrit\u00e9 n\u00e9cessitait des actions bien avant\u2009\u00bb, exprime Nicolas Hue face \u00e0 cette annonce.<\/p>\n<p class=\" wall-content\">Il ne compte pas pour autant <strong>retirer sa demande<\/strong> aupr\u00e8s de l\u2019ARS. \u00ab\u2009Si le m\u00e9tro est bel et bien nettoy\u00e9 dans les prochains jours, il ne faut pas que tout cela s\u2019arr\u00eate dans une ou deux semaines, c\u2019est pourquoi nous maintenons notre demande.\u2009\u00bb<\/p>\n<p class=\" wall-content\">Contact\u00e9e par actu Marseille, l\u2019ARS Paca n\u2019a pas r\u00e9pondu \u00e0 nos sollicitations afin de savoir ce qu\u2019elle comptait faire de cette demande.<\/p>\n<p class=\" wall-content\">Suivez toute l\u2019actualit\u00e9 de vos villes et m\u00e9dias favoris en vous inscrivant \u00e0 <a href=\"https:\/\/moncompte.actu.fr\" title=\"D\u00e9couvez Mon Actu\" rel=\"nofollow noopener\" data-trk=\"{&quot;cta&quot;:{&quot;action&quot;:&quot;https:\\\/\\\/moncompte.actu.fr&quot;,&quot;category&quot;:&quot;mon compte&quot;,&quot;from&quot;:&quot;article footer&quot;,&quot;name&quot;:&quot;Mon actu&quot;,&quot;type&quot;:&quot;cta&quot;}}\" target=\"_blank\">Mon Actu<\/a>.<\/p>\n","protected":false},"excerpt":{"rendered":"Par Thomas Blanc Publi\u00e9 le 23 juil. 2025 \u00e0 17h25 La col\u00e8re des usagers du m\u00e9tro \u00e0 Marseille&hellip;\n","protected":false},"author":2,"featured_media":183178,"comment_status":"","ping_status":"","sticky":false,"template":"","format":"standard","meta":{"footnotes":""},"categories":[2814],"tags":[1111,11,1777,674,1011,27,884,39669,12,882,25,10783,71,104],"class_list":{"0":"post-268332","1":"post","2":"type-post","3":"status-publish","4":"format-standard","5":"has-post-thumbnail","7":"category-marseille","8":"tag-actu","9":"tag-actualites","10":"tag-eu","11":"tag-europe","12":"tag-fr","13":"tag-france","14":"tag-marseille","15":"tag-metro-de-marseille","16":"tag-news","17":"tag-provence-alpes-cote-dazur","18":"tag-republique-francaise","19":"tag-rtm","20":"tag-sante","21":"tag-societe"},"share_on_mastodon":{"url":"https:\/\/pubeurope.com\/@fr\/114903283388659858","error":""},"_links":{"self":[{"href":"https:\/\/www.europesays.com\/fr\/wp-json\/wp\/v2\/posts\/268332","targetHints":{"allow":["GET"]}}],"collection":[{"href":"https:\/\/www.europesays.com\/fr\/wp-json\/wp\/v2\/posts"}],"about":[{"href":"https:\/\/www.europesays.com\/fr\/wp-json\/wp\/v2\/types\/post"}],"author":[{"embeddable":true,"href":"https:\/\/www.europesays.com\/fr\/wp-json\/wp\/v2\/users\/2"}],"replies":[{"embeddable":true,"href":"https:\/\/www.europesays.com\/fr\/wp-json\/wp\/v2\/comments?post=268332"}],"version-history":[{"count":0,"href":"https:\/\/www.europesays.com\/fr\/wp-json\/wp\/v2\/posts\/268332\/revisions"}],"wp:featuredmedia":[{"embeddable":true,"href":"https:\/\/www.europesays.com\/fr\/wp-json\/wp\/v2\/media\/183178"}],"wp:attachment":[{"href":"https:\/\/www.europesays.com\/fr\/wp-json\/wp\/v2\/media?parent=268332"}],"wp:term":[{"taxonomy":"category","embeddable":true,"href":"https:\/\/www.europesays.com\/fr\/wp-json\/wp\/v2\/categories?post=268332"},{"taxonomy":"post_tag","embeddable":true,"href":"https:\/\/www.europesays.com\/fr\/wp-json\/wp\/v2\/tags?post=268332"}],"curies":[{"name":"wp","href":"https:\/\/api.w.org\/{rel}","templated":true}]}}