{"id":268338,"date":"2025-07-23T15:38:10","date_gmt":"2025-07-23T15:38:10","guid":{"rendered":"https:\/\/www.europesays.com\/fr\/268338\/"},"modified":"2025-07-23T15:38:10","modified_gmt":"2025-07-23T15:38:10","slug":"de-violents-orages-arrivent-14-departements-en-vigilance-orange-notamment-en-ile-de-france","status":"publish","type":"post","link":"https:\/\/www.europesays.com\/fr\/268338\/","title":{"rendered":"De violents orages arrivent, 14 d\u00e9partements en vigilance orange, notamment en Ile-de-France"},"content":{"rendered":"<p><strong>intemp\u00e9ries &#8211; Des cumuls de pluie de 40 \u00e0 60\u00a0mm sont attendus, pr\u00e9vient M\u00e9t\u00e9o-France qui a plac\u00e9 14 d\u00e9partements, dont Paris, en vigilance orange<\/strong><\/p>\n<p>N\u2019oubliez pas vos parapluies, voire restez chez vous. <a href=\"https:\/\/www.20minutes.fr\/dossier\/meteo_france?at_medium=RSS%20feed&amp;at_campaign=ynews&amp;utm_source=yahoo&amp;utm_medium=rss&amp;utm_campaign=news_feed&amp;utm_content=in_article_link\" rel=\"nofollow noopener\" target=\"_blank\" data-ylk=\"slk:M\u00e9t\u00e9o-France;elm:context_link;itc:0;sec:content-canvas\" class=\"link \">M\u00e9t\u00e9o-France <\/a>a plac\u00e9 quatorze d\u00e9partements du Bassin <a href=\"https:\/\/www.20minutes.fr\/paris\/?at_medium=RSS%20feed&amp;at_campaign=ynews&amp;utm_source=yahoo&amp;utm_medium=rss&amp;utm_campaign=news_feed&amp;utm_content=in_article_link\" rel=\"nofollow noopener\" target=\"_blank\" data-ylk=\"slk:parisien;elm:context_link;itc:0;sec:content-canvas\" class=\"link \">parisien<\/a> en<a href=\"https:\/\/www.20minutes.fr\/planete\/4164456-20250720-orages-six-departements-nord-places-vigilance-orange-dimanche-apres-midi?at_medium=RSS%20feed&amp;at_campaign=ynews&amp;utm_source=yahoo&amp;utm_medium=rss&amp;utm_campaign=news_feed&amp;utm_content=in_article_link\" rel=\"nofollow noopener\" target=\"_blank\" data-ylk=\"slk:vigilance orange;elm:context_link;itc:0;sec:content-canvas\" class=\"link \"> vigilance orange<\/a> pour un risque de \u00ab\u00a0pluie-inondation\u00a0\u00bb, dans son dernier bulletin mercredi apr\u00e8s-midi. Elle pr\u00e9voit dans les heures \u00e0 venir un \u00ab\u00a0\u00e9pisode pluvio-orageux provoquant, par endroits, de tr\u00e8s forts cumuls de pr\u00e9cipitations\u00a0\u00bb.<\/p>\n<p>Les d\u00e9partements <a href=\"https:\/\/www.20minutes.fr\/dossier\/ile-de-france?at_medium=RSS%20feed&amp;at_campaign=ynews&amp;utm_source=yahoo&amp;utm_medium=rss&amp;utm_campaign=news_feed&amp;utm_content=in_article_link\" rel=\"nofollow noopener\" target=\"_blank\" data-ylk=\"slk:d\u2019Ile-de-France;elm:context_link;itc:0;sec:content-canvas\" class=\"link \">d\u2019Ile-de-France<\/a>, dont Paris, l\u2019Eure-et-Loir, le Loiret, l\u2019Aube, la Marne, l\u2019Aisne et l\u2019Yonne sont concern\u00e9s. Si les pluies sont pour l\u2019instant d\u2019intensit\u00e9 mod\u00e9r\u00e9e, \u00ab\u00a0elles vont devenir de plus en plus fr\u00e9quentes sur les d\u00e9partements plac\u00e9s en vigilance orange\u00a0\u00bb dans les prochaines heures, alerte l\u2019agence m\u00e9t\u00e9orologique.<\/p>\n<p>Des cumuls importants<\/p>\n<p>Des cumuls de 40 \u00e0 60\u00a0mm <a href=\"https:\/\/www.20minutes.fr\/planete\/4164731-20250722-bretagne-cote-azur-plages-doivent-fermer-cause-pluie?at_medium=RSS%20feed&amp;at_campaign=ynews&amp;utm_source=yahoo&amp;utm_medium=rss&amp;utm_campaign=news_feed&amp;utm_content=in_article_link\" rel=\"nofollow noopener\" target=\"_blank\" data-ylk=\"slk:de pluie;elm:context_link;itc:0;sec:content-canvas\" class=\"link \">de pluie<\/a> seront souvent atteints, pr\u00e9cise M\u00e9t\u00e9o-France. Localement, il pourra tomber jusqu\u2019\u00e0 80\u00a0mm de pr\u00e9cipitations. \u00ab\u00a0Cette situation pourrait donc conduire \u00e0 des ph\u00e9nom\u00e8nes de ruissellement et d\u2019inondations, notamment dans les secteurs vuln\u00e9rables\u00a0\u00bb, souligne l\u2019agence m\u00e9t\u00e9orologique, soulignant une probabilit\u00e9 plus marqu\u00e9e que ces forts cumuls aient lieu sur la moiti\u00e9 sud des <a href=\"https:\/\/www.20minutes.fr\/societe\/yvelines\/?at_medium=RSS%20feed&amp;at_campaign=ynews&amp;utm_source=yahoo&amp;utm_medium=rss&amp;utm_campaign=news_feed&amp;utm_content=in_article_link\" rel=\"nofollow noopener\" target=\"_blank\" data-ylk=\"slk:Yvelines;elm:context_link;itc:0;sec:content-canvas\" class=\"link \">Yvelines<\/a>, Paris et sa petite couronne, l\u2019<a href=\"https:\/\/www.20minutes.fr\/societe\/essonne\/?at_medium=RSS%20feed&amp;at_campaign=ynews&amp;utm_source=yahoo&amp;utm_medium=rss&amp;utm_campaign=news_feed&amp;utm_content=in_article_link\" rel=\"nofollow noopener\" target=\"_blank\" data-ylk=\"slk:Essonne;elm:context_link;itc:0;sec:content-canvas\" class=\"link \">Essonne<\/a> et la Seine-et-Marne.<\/p>\n<p>La vigilance orange sera maintenue jeudi pour les d\u00e9partements concern\u00e9s.<\/p>\n<p><a href=\"https:\/\/www.20minutes.fr\/planete\/4165007-20250723-meteo-violents-orages-arrivent-14-departements-vigilance-orange-notamment-ile-france?at_medium=RSS%20feed&amp;at_campaign=ynews&amp;utm_source=yahoo&amp;utm_medium=rss&amp;utm_campaign=news_feed&amp;utm_content=read_more_link&quot;\" rel=\"nofollow noopener\" target=\"_blank\" data-ylk=\"slk:Lire la suite sur 20minutes;elm:context_link;itc:0;sec:content-canvas\" class=\"link \">Lire la suite sur 20minutes<\/a><\/p>\n<p>\u00c0 lire aussi :<br \/><a href=\"https:\/\/www.20minutes.fr\/faits_divers\/4164481-20250720-saone-loire-mort-blesse-grave-apres-violents-orages?at_medium=RSS%20feed&amp;at_campaign=ynews&amp;utm_source=yahoo&amp;utm_medium=rss&amp;utm_campaign=news_feed&amp;utm_content=related_content_link\" rel=\"nofollow noopener\" target=\"_blank\" data-ylk=\"slk:Intemp\u00e9ries\u00a0: Un mort et six bless\u00e9s apr\u00e8s les violents orages dans l\u2019Est;elm:context_link;itc:0;sec:content-canvas\" class=\"link \">Intemp\u00e9ries\u00a0: Un mort et six bless\u00e9s apr\u00e8s les violents orages dans l\u2019Est<\/a><br \/><a href=\"https:\/\/www.20minutes.fr\/planete\/4163638-20250715-etats-unis-pluies-torrentielles-abattent-new-york-provoquant-impressionnantes-inondations?at_medium=RSS%20feed&amp;at_campaign=ynews&amp;utm_source=yahoo&amp;utm_medium=rss&amp;utm_campaign=news_feed&amp;utm_content=related_content_link\" rel=\"nofollow noopener\" target=\"_blank\" data-ylk=\"slk:Etats-Unis\u00a0: Des pluies torrentielles s\u2019abattent sur New York et le New Jersey faisant au moins deux morts;elm:context_link;itc:0;sec:content-canvas\" class=\"link \">Etats-Unis\u00a0: Des pluies torrentielles s\u2019abattent sur New York et le New Jersey faisant au moins deux morts<\/a><\/p>\n","protected":false},"excerpt":{"rendered":"intemp\u00e9ries &#8211; Des cumuls de pluie de 40 \u00e0 60\u00a0mm sont attendus, pr\u00e9vient M\u00e9t\u00e9o-France qui a plac\u00e9 14&hellip;\n","protected":false},"author":2,"featured_media":268339,"comment_status":"","ping_status":"","sticky":false,"template":"","format":"standard","meta":{"footnotes":""},"categories":[1592],"tags":[1111,11,16680,1777,674,1011,27,662,2357,12,626,25,27202],"class_list":{"0":"post-268338","1":"post","2":"type-post","3":"status-publish","4":"format-standard","5":"has-post-thumbnail","7":"category-ile-de-france","8":"tag-actu","9":"tag-actualites","10":"tag-departements","11":"tag-eu","12":"tag-europe","13":"tag-fr","14":"tag-france","15":"tag-ile-de-france","16":"tag-meteo-france","17":"tag-news","18":"tag-paris","19":"tag-republique-francaise","20":"tag-vigilance-orange"},"share_on_mastodon":{"url":"https:\/\/pubeurope.com\/@fr\/114903299150439796","error":""},"_links":{"self":[{"href":"https:\/\/www.europesays.com\/fr\/wp-json\/wp\/v2\/posts\/268338","targetHints":{"allow":["GET"]}}],"collection":[{"href":"https:\/\/www.europesays.com\/fr\/wp-json\/wp\/v2\/posts"}],"about":[{"href":"https:\/\/www.europesays.com\/fr\/wp-json\/wp\/v2\/types\/post"}],"author":[{"embeddable":true,"href":"https:\/\/www.europesays.com\/fr\/wp-json\/wp\/v2\/users\/2"}],"replies":[{"embeddable":true,"href":"https:\/\/www.europesays.com\/fr\/wp-json\/wp\/v2\/comments?post=268338"}],"version-history":[{"count":0,"href":"https:\/\/www.europesays.com\/fr\/wp-json\/wp\/v2\/posts\/268338\/revisions"}],"wp:featuredmedia":[{"embeddable":true,"href":"https:\/\/www.europesays.com\/fr\/wp-json\/wp\/v2\/media\/268339"}],"wp:attachment":[{"href":"https:\/\/www.europesays.com\/fr\/wp-json\/wp\/v2\/media?parent=268338"}],"wp:term":[{"taxonomy":"category","embeddable":true,"href":"https:\/\/www.europesays.com\/fr\/wp-json\/wp\/v2\/categories?post=268338"},{"taxonomy":"post_tag","embeddable":true,"href":"https:\/\/www.europesays.com\/fr\/wp-json\/wp\/v2\/tags?post=268338"}],"curies":[{"name":"wp","href":"https:\/\/api.w.org\/{rel}","templated":true}]}}