{"id":268346,"date":"2025-07-23T15:42:10","date_gmt":"2025-07-23T15:42:10","guid":{"rendered":"https:\/\/www.europesays.com\/fr\/268346\/"},"modified":"2025-07-23T15:42:10","modified_gmt":"2025-07-23T15:42:10","slug":"prisma-media-sur-le-point-de-racheter-ici-paris-et-france-dimanche-a-cmi-france","status":"publish","type":"post","link":"https:\/\/www.europesays.com\/fr\/268346\/","title":{"rendered":"Prisma Media sur le point de racheter Ici Paris et France Dimanche \u00e0 CMI France"},"content":{"rendered":"<p>CMI France et Prisma Media ont annonc\u00e9 \u00eatre entr\u00e9s en n\u00e9gociation exclusive en vue de la cession des hebdomadaires Ici Paris et France Dimanche. L\u2019op\u00e9ration, si elle aboutit, marquerait un nouveau tournant pour les deux groupes et pourrait \u00eatre finalis\u00e9e au second semestre 2025.<\/p>\n<p>Cr\u00e9\u00e9 en 1945, Ici Paris s\u2019est impos\u00e9 comme un titre consacr\u00e9 \u00e0 l\u2019actualit\u00e9 people internationale, dans un registre l\u00e9ger et grand public. France Dimanche, lanc\u00e9 en 1946, privil\u00e9gie une ligne \u00e9ditoriale plus \u00e9motionnelle, centr\u00e9e sur les figures populaires fran\u00e7aises. En 2024, leurs diffusions France pay\u00e9es s\u2019\u00e9levaient respectivement \u00e0 152 377 et 136 192 exemplaires, selon l\u2019ACPM.<\/p>\n<p>Recrentage du groupe CMI<\/p>\n<p>Pour CMI France, cette cession s\u2019inscrit dans une strat\u00e9gie de recentrage autour d\u2019un portefeuille resserr\u00e9, plus align\u00e9 avec ses priorit\u00e9s \u00e9ditoriales et num\u00e9riques. Le groupe, propri\u00e9t\u00e9 de Daniel K\u0159et\u00ednsk\u00fd, a amorc\u00e9 ce repositionnement en c\u00e9dant Public, en lan\u00e7ant les titres Franc-tireur, Vieux ou encore T18, avec l\u2019ambition de porter de nouvelles marques sur des terrains \u00e9ditoriaux diff\u00e9renciants.<\/p>\n<p>De son c\u00f4t\u00e9, Prisma Media entend constituer un p\u00f4le people renforc\u00e9 autour de Voici, en int\u00e9grant deux marques patrimoniales du secteur. Le groupe, filiale de Vivendi, entend capitaliser sur ses expertises pour d\u00e9velopper de nouveaux relais de croissance au-del\u00e0 du print. Il ambitionne \u00e9galement de proposer \u00e0 ces deux titres \u00ab des perspectives \u00e9ditoriales ambitieuses et durables \u00bb.<\/p>\n<p>Les deux \u00e9diteurs saluent l\u2019engagement des \u00e9quipes de France Dimanche et Ici Paris, et assurent vouloir garantir une transition respectueuse de leurs expertises et de leurs lectorats.<\/p>\n<p>La finalisation de la transaction reste soumise \u00e0 la poursuite des discussions, \u00e0 l\u2019information-consultation des instances repr\u00e9sentatives du personnel concern\u00e9es, et \u00e0 la lev\u00e9e des conditions habituelles.<\/p>\n","protected":false},"excerpt":{"rendered":"CMI France et Prisma Media ont annonc\u00e9 \u00eatre entr\u00e9s en n\u00e9gociation exclusive en vue de la cession des&hellip;\n","protected":false},"author":2,"featured_media":268347,"comment_status":"","ping_status":"","sticky":false,"template":"","format":"standard","meta":{"footnotes":""},"categories":[1888],"tags":[11,1777,674,1011,27,12,626,4048,25],"class_list":{"0":"post-268346","1":"post","2":"type-post","3":"status-publish","4":"format-standard","5":"has-post-thumbnail","7":"category-paris","8":"tag-actualites","9":"tag-eu","10":"tag-europe","11":"tag-fr","12":"tag-france","13":"tag-news","14":"tag-paris","15":"tag-presse","16":"tag-republique-francaise"},"share_on_mastodon":{"url":"https:\/\/pubeurope.com\/@fr\/114903314872931204","error":""},"_links":{"self":[{"href":"https:\/\/www.europesays.com\/fr\/wp-json\/wp\/v2\/posts\/268346","targetHints":{"allow":["GET"]}}],"collection":[{"href":"https:\/\/www.europesays.com\/fr\/wp-json\/wp\/v2\/posts"}],"about":[{"href":"https:\/\/www.europesays.com\/fr\/wp-json\/wp\/v2\/types\/post"}],"author":[{"embeddable":true,"href":"https:\/\/www.europesays.com\/fr\/wp-json\/wp\/v2\/users\/2"}],"replies":[{"embeddable":true,"href":"https:\/\/www.europesays.com\/fr\/wp-json\/wp\/v2\/comments?post=268346"}],"version-history":[{"count":0,"href":"https:\/\/www.europesays.com\/fr\/wp-json\/wp\/v2\/posts\/268346\/revisions"}],"wp:featuredmedia":[{"embeddable":true,"href":"https:\/\/www.europesays.com\/fr\/wp-json\/wp\/v2\/media\/268347"}],"wp:attachment":[{"href":"https:\/\/www.europesays.com\/fr\/wp-json\/wp\/v2\/media?parent=268346"}],"wp:term":[{"taxonomy":"category","embeddable":true,"href":"https:\/\/www.europesays.com\/fr\/wp-json\/wp\/v2\/categories?post=268346"},{"taxonomy":"post_tag","embeddable":true,"href":"https:\/\/www.europesays.com\/fr\/wp-json\/wp\/v2\/tags?post=268346"}],"curies":[{"name":"wp","href":"https:\/\/api.w.org\/{rel}","templated":true}]}}