{"id":268352,"date":"2025-07-23T15:45:10","date_gmt":"2025-07-23T15:45:10","guid":{"rendered":"https:\/\/www.europesays.com\/fr\/268352\/"},"modified":"2025-07-23T15:45:10","modified_gmt":"2025-07-23T15:45:10","slug":"mechants-canadiens-qui-ne-voyagent-plus-aux-etats-unis-dit-trump","status":"publish","type":"post","link":"https:\/\/www.europesays.com\/fr\/268352\/","title":{"rendered":"\u00ab\u00a0M\u00e9chants Canadiens qui ne voyagent plus aux \u00c9tats-Unis\u00a0\u00bb, dit Trump"},"content":{"rendered":"<p style=\"font-weight: 400;\"><strong>Les paroles du pr\u00e9sident ont \u00e9t\u00e9 rapport\u00e9es par l\u2019ambassadeur \u00e9tats-unien au Canada, Pete Hoekstra.<\/strong><\/p>\n<p style=\"font-weight: 400;\">\u00c0 chaque jour, on se demande bien quelle d\u00e9claration surr\u00e9aliste, invraisemblable ou ignoble fera l\u2019in\u00e9narrable pr\u00e9sident des \u00c9tats-Unis.<\/p>\n<p style=\"font-weight: 400;\">Hier, il a os\u00e9 dire le plus s\u00e9rieusement du monde que le Canada est un \u00ab\u00a0m\u00e9chant pays\u00a0\u00bb (nasty country) parce que ses citoyens boudent les voyages sur son territoire et qu\u2019ils boycottent ses alcools.<\/p>\n<p style=\"font-weight: 400;\">C\u2019est ce qu\u2019a rapport\u00e9 l\u2019ambassadeur des \u00c9tats-Unis au Canada, Pete Hoekstra, lors d\u2019une conf\u00e9rence tenue lundi, avant d\u2019ajouter que de telles mesures \u00ab n\u2019envoient pas de signaux positifs \u00bb quant au traitement r\u00e9serv\u00e9 par le Canada aux \u00c9tats-Unis.<\/p>\n<p style=\"font-weight: 400;\">L\u2019ambassadeur s\u2019exprimait lors du sommet annuel de la\u00a0Pacific NorthWest Economic Region Foundation\u00a0\u00e0 Bellevue, dans l\u2019\u00c9tat de Washington.<\/p>\n<p style=\"font-weight: 400;\">La Presse Canadienne a obtenu un enregistrement des propos de l\u2019ambassadeur, transmis par le bureau du premier ministre de la Colombie-Britannique, David Eby, lequel affirme avoir re\u00e7u l\u2019audio d\u2019un participant dans la salle.<\/p>\n<p style=\"font-weight: 400;\">Dans une d\u00e9claration, David Eby a indiqu\u00e9 que les remarques de Pete Hoekstra prouvent que les efforts des Canadiens pour r\u00e9sister \u00e0 Trump \u00ab portent leurs fruits \u00bb, et il a encourag\u00e9 ses concitoyens \u00e0 \u00ab continuer dans cette voie \u00bb.<\/p>\n<p>\u00a0<\/p>\n<p><strong>De l\u2019optimisme malgr\u00e9 tout<\/strong><\/p>\n<p style=\"font-weight: 400;\">Un communiqu\u00e9 d\u2019un porte-parole de l\u2019ambassade des \u00c9tats-Unis a pr\u00e9cis\u00e9 plus tard dans la journ\u00e9e que M. Hoekstra avait \u00e9galement exprim\u00e9 son \u00ab optimisme \u00bb quant \u00e0 l\u2019avenir de la relation entre les deux pays au cours de ses propos qui ont dur\u00e9 pr\u00e8s d\u2019une heure.<\/p>\n<p style=\"font-weight: 400;\">Le courriel pr\u00e9cisait que M. Hoekstra avait dit \u00e0 l\u2019auditoire qu\u2019il y aurait \u00ab plus d\u2019occasions de renforcer cette relation de mani\u00e8re beaucoup plus large et beaucoup plus forte que ce que nous avons aujourd\u2019hui \u00bb.<\/p>\n<p style=\"font-weight: 400;\">L\u2019ambassadeur a formul\u00e9 ces commentaires \u00e0 propos de certains Canadiens qui se d\u00e9tournent des \u00c9tats-Unis, en r\u00e9ponse \u00e0 une question d\u2019un animateur de la conf\u00e9rence. Ce dernier avait demand\u00e9 ce qui pourrait \u00eatre fait pour inciter les Canadiens \u00e0 recommencer \u00e0 voyager aux \u00c9tats-Unis, alors que Vancouver et Seattle se pr\u00e9parent \u00e0 accueillir des matchs dans le cadre de la Coupe du monde de la FIFA, l\u2019an prochain.<\/p>\n<p style=\"font-weight: 400;\">\u00ab Les Canadiens qui restent chez eux, c\u2019est leur affaire, a r\u00e9pondu l\u2019ambassadeur. Je n\u2019aime pas \u00e7a, mais si c\u2019est ce qu\u2019ils veulent faire, tr\u00e8s bien. S\u2019ils veulent interdire l\u2019alcool am\u00e9ricain, tr\u00e8s bien aussi. Mais il y a des raisons pour lesquelles le pr\u00e9sident et certains membres de son \u00e9quipe ont qualifi\u00e9 le Canada de m\u00e9chant et d\u00e9sagr\u00e9able dans ses relations, en raison de certaines de ces mesures. \u00bb<\/p>\n<p style=\"font-weight: 400;\">Pete Hoekstra a ajout\u00e9 qu\u2019il peut traverser la fronti\u00e8re avec de l\u2019alcool, s\u2019il le souhaite. \u00ab Nous allons et venons au Michigan, et ils ne v\u00e9rifient pas ma voiture quand je reviens \u00bb, a-t-il lanc\u00e9, d\u00e9clenchant des rires dans la salle.<\/p>\n<p>\u00a0<\/p>\n<p><strong>Se tenir debout<\/strong><\/p>\n<p style=\"font-weight: 400;\">Dans sa r\u00e9ponse, David Eby a ensuite affirm\u00e9 que les Canadiens devraient continuer \u00e0 acheter des produits canadiens et \u00e0 passer leurs vacances au pays.<\/p>\n<p style=\"font-weight: 400;\">\u00ab Nous ne resterons pas les bras crois\u00e9s face \u00e0 ces attaques contre nos emplois, notre \u00e9conomie et notre souverainet\u00e9, a-t-il dit. Nous ferons front commun. \u00bb<\/p>\n<p style=\"font-weight: 400;\">La Colombie-Britannique fait partie des provinces qui ont interdit la vente d\u2019alcool \u00e9tats-unien dans les magasins g\u00e9r\u00e9s par l\u2019\u00c9tat, apr\u00e8s que Trump ait impos\u00e9 de lourds tarifs douaniers sur les produits canadiens. Les actions de Trump ont aussi pouss\u00e9 de plus en plus de Canadiens \u00e0 annuler leurs voyages transfrontaliers.<\/p>\n<p style=\"font-weight: 400;\">Dans le communiqu\u00e9 de l\u2019ambassade des \u00c9tats-Unis, Pete Hoekstra a soutenu \u00e0 plusieurs reprises que les interdictions provinciales visant l\u2019alcool \u00e9tats-unien \u00e9taient contre-productives pour r\u00e9soudre les probl\u00e8mes plus larges entre les deux pays.<\/p>\n<p style=\"font-weight: 400;\">L\u2019ambassade a toutefois pr\u00e9cis\u00e9 que l\u2019ambassadeur avait \u00e9galement mis l\u2019accent sur son optimisme.<\/p>\n<p style=\"font-weight: 400;\">Avec les informations de la Presse Canadienne.<\/p>\n","protected":false},"excerpt":{"rendered":"Les paroles du pr\u00e9sident ont \u00e9t\u00e9 rapport\u00e9es par l\u2019ambassadeur \u00e9tats-unien au Canada, Pete Hoekstra. \u00c0 chaque jour, on&hellip;\n","protected":false},"author":2,"featured_media":268353,"comment_status":"","ping_status":"","sticky":false,"template":"","format":"standard","meta":{"footnotes":""},"categories":[1589],"tags":[11,73,1866,12,1864,1865,1863,308],"class_list":{"0":"post-268352","1":"post","2":"type-post","3":"status-publish","4":"format-standard","5":"has-post-thumbnail","7":"category-etats-unis","8":"tag-actualites","9":"tag-etats-unis","10":"tag-etats-unis-damerique","11":"tag-news","12":"tag-united-states","13":"tag-united-states-of-america","14":"tag-us","15":"tag-usa"},"share_on_mastodon":{"url":"https:\/\/pubeurope.com\/@fr\/114903326648727687","error":""},"_links":{"self":[{"href":"https:\/\/www.europesays.com\/fr\/wp-json\/wp\/v2\/posts\/268352","targetHints":{"allow":["GET"]}}],"collection":[{"href":"https:\/\/www.europesays.com\/fr\/wp-json\/wp\/v2\/posts"}],"about":[{"href":"https:\/\/www.europesays.com\/fr\/wp-json\/wp\/v2\/types\/post"}],"author":[{"embeddable":true,"href":"https:\/\/www.europesays.com\/fr\/wp-json\/wp\/v2\/users\/2"}],"replies":[{"embeddable":true,"href":"https:\/\/www.europesays.com\/fr\/wp-json\/wp\/v2\/comments?post=268352"}],"version-history":[{"count":0,"href":"https:\/\/www.europesays.com\/fr\/wp-json\/wp\/v2\/posts\/268352\/revisions"}],"wp:featuredmedia":[{"embeddable":true,"href":"https:\/\/www.europesays.com\/fr\/wp-json\/wp\/v2\/media\/268353"}],"wp:attachment":[{"href":"https:\/\/www.europesays.com\/fr\/wp-json\/wp\/v2\/media?parent=268352"}],"wp:term":[{"taxonomy":"category","embeddable":true,"href":"https:\/\/www.europesays.com\/fr\/wp-json\/wp\/v2\/categories?post=268352"},{"taxonomy":"post_tag","embeddable":true,"href":"https:\/\/www.europesays.com\/fr\/wp-json\/wp\/v2\/tags?post=268352"}],"curies":[{"name":"wp","href":"https:\/\/api.w.org\/{rel}","templated":true}]}}