{"id":268356,"date":"2025-07-23T15:47:08","date_gmt":"2025-07-23T15:47:08","guid":{"rendered":"https:\/\/www.europesays.com\/fr\/268356\/"},"modified":"2025-07-23T15:47:08","modified_gmt":"2025-07-23T15:47:08","slug":"pour-se-rearmer-massivement-et-rapidement-lallemagne-veut-se-passer-dappels-doffres-pour-des-milliers-dachats","status":"publish","type":"post","link":"https:\/\/www.europesays.com\/fr\/268356\/","title":{"rendered":"Pour se r\u00e9armer massivement et rapidement, l&rsquo;Allemagne veut se passer d&rsquo;appels d&rsquo;offres pour des milliers d&rsquo;achats"},"content":{"rendered":"<p>Le gouvernement allemand a valid\u00e9 une loi pour simplifier et acc\u00e9l\u00e9rer les acquisitions d&rsquo;armement.<\/p>\n<p>Simplifier pour r\u00e9armer. Le gouvernement allemand a approuv\u00e9 une loi mercredi visant \u00e0 faciliter l&rsquo;approvisionnement d&rsquo;\u00e9quipements pour son arm\u00e9e, somm\u00e9e de se moderniser dans un contexte g\u00e9opolitique tendu, <a href=\"https:\/\/www.bfmtv.com\/economie\/entreprises\/defense\/objectif-2028-l-allemagne-affiche-ses-ambitions-en-matiere-de-rearmement-et-veut-lancer-des-achats-rapidement_AD-202506070223.html\" title=\"Objectif 2028: l&#039;Allemagne affiche ses ambitions en mati\u00e8re de r\u00e9armement et veut lancer des achats rapidement\" class=\"internal_link\" rel=\"nofollow noopener\" target=\"_blank\">un objectif cl\u00e9<\/a> du chancelier conservateur Friedrich Merz.<\/p>\n<p>Ce projet de loi vise \u00e0 \u00ab\u00a0rendre l&rsquo;Allemagne plus s\u00fbre\u00a0\u00bb, a d\u00e9clar\u00e9 le ministre de la D\u00e9fense Boris Pistorius, en conf\u00e9rence de presse avec la ministre de l&rsquo;\u00c9conomie Katherina Reiche. Le texte pr\u00e9voit des d\u00e9rogations afin de simplifier l&rsquo;attribution de march\u00e9s publics pour les besoins de la Bundeswehr.<\/p>\n<p>Boris Pistorius compte relever de 15.000 \u00e0 443.000 euros le seuil en-dessous duquel un contrat peut \u00eatre attribu\u00e9 sans appel d&rsquo;offres formel.<\/p>\n<blockquote class=\"embed embed_quote\"><p>Ainsi, \u00ab\u00a0les attributions directes de contrats seront plus rapides et plus fr\u00e9quentes\u00a0\u00bb, a assur\u00e9 le social-d\u00e9mocrate, \u00ab\u00a0par exemple lorsque nous acqu\u00e9rons des syst\u00e8mes interop\u00e9rables\u00a0\u00bb avec les partenaires de l&rsquo;Allemagne. Dans l&rsquo;imm\u00e9diat, cela concernerait pr\u00e8s de 8.000 contrats selon lui.<\/p><\/blockquote>\n<p>Ces d\u00e9rogations toucheraient non seulement les \u00e9quipements militaires mais aussi les besoins civils, comme le mat\u00e9riel m\u00e9dical et la construction de casernes, en grande partie d\u00e9labr\u00e9es.<\/p>\n<p>Dans le secteur de la construction, le seuil serait relev\u00e9 \u00e0 un million d&rsquo;euros, ce qui toucherait 4.000 contrats.<\/p>\n<p>Des exemptions aux normes environnementales sont aussi pr\u00e9vues par le texte.<\/p>\n<p>Le gouvernement cible \u00e9galement <a href=\"https:\/\/www.bfmtv.com\/economie\/entreprises\/defense\/des-exportations-qui-ont-double-des-cours-de-bourse-qui-s-envolent-de-1-100-l-allemagne-redevient-un-geant-de-l-armement_AN-202507020373.html\" title=\"Des exportations qui ont doubl\u00e9, des cours de Bourse qui s&#039;envolent de 1.100%... L&#039;Allemagne redevient un g\u00e9ant de l&#039;armement\" class=\"internal_link\" rel=\"nofollow noopener\" target=\"_blank\">le tissu de production<\/a>, en offrant davantage de possibilit\u00e9s de financement aux jeunes start-ups du secteur.<\/p>\n<p>Lancer le r\u00e9armement industriel<\/p>\n<p>Avec ce texte, Berlin pr\u00e9pare le terrain \u00e0 l&rsquo;utilisation <a href=\"https:\/\/www.bfmtv.com\/economie\/entreprises\/defense\/l-allemagne-doit-se-doter-de-l-armee-la-plus-puissante-d-europe-le-chancelier-merz-affirme-ses-ambitions-dans-la-defense_AD-202505140493.html\" title=\"L&#039;Allemagne doit se doter de l&#039;arm\u00e9e &quot;la plus puissante d&#039;Europe&quot;: le chancelier Merz affirme ses ambitions dans la d\u00e9fense\" class=\"internal_link\" rel=\"nofollow noopener\" target=\"_blank\">des milliards d\u00e9bloqu\u00e9s en mars<\/a> pour doper les d\u00e9penses militaires du pays.<\/p>\n<p>Si l&rsquo;arm\u00e9e allemande souffre d&rsquo;un manque criant de mat\u00e9riel, elle est aussi victime de ses lourdeurs administratives, selon de nombreux rapports officiels qui ont appel\u00e9 \u00e0 r\u00e9former l&rsquo;office qui centralise les achats, bas\u00e9 \u00e0 Coblence et qui emploie pr\u00e8s de 10.000 personnes.<\/p>\n<p>Les proc\u00e9dures d&rsquo;achat complexes ralentissent les projets: la commissaire parlementaire \u00e0 la d\u00e9fense d\u00e9crit \u00ab\u00a0une bureaucratie d\u00e9bordante\u00a0\u00bb tandis que la num\u00e9risation \u00ab\u00a0ne progresse pas\u00a0\u00bb. R\u00e9sultat: les moindres travaux peuvent prendre des ann\u00e9es.<\/p>\n<p>Ces mesures vont dans le sens de la volont\u00e9 du chancelier Friedrich Merz, qui a d\u00e9clar\u00e9 \u00e0 plusieurs reprises depuis sa prise de fonction vouloir acc\u00e9l\u00e9rer le r\u00e9armement de la Bundeswehr et d\u00e9bloquer des budgets en cons\u00e9quence \u2013 plus de 100 milliards d&rsquo;euros.<\/p>\n<p>Une volont\u00e9 politique qui fait les affaires des industriels du secteur, et notamment <a href=\"https:\/\/www.bfmtv.com\/economie\/entreprises\/defense\/blindes-obus-munitions-et-maintenant-satellites-militaires-le-geant-allemand-rheinmetall-profite-a-plein-de-rearmement-de-l-europe_AV-202505120426.html\" title=\"Blind\u00e9s, obus, munitions et maintenant satellites militaires... Le g\u00e9ant allemand Rheinmetall profite \u00e0 plein du r\u00e9armement de l&#039;Europe\" class=\"internal_link\" rel=\"nofollow noopener\" target=\"_blank\">le conglom\u00e9rat Rheinmetall<\/a>, qui poursuit par ailleurs une logique de partenariats avec des industriels am\u00e9ricains pour agrandir son portefeuille de produits et ainsi se positionner comme acteur cl\u00e9 sur ce segment de march\u00e9.<\/p>\n","protected":false},"excerpt":{"rendered":"Le gouvernement allemand a valid\u00e9 une loi pour simplifier et acc\u00e9l\u00e9rer les acquisitions d&rsquo;armement. Simplifier pour r\u00e9armer. Le&hellip;\n","protected":false},"author":2,"featured_media":268357,"comment_status":"","ping_status":"","sticky":false,"template":"","format":"standard","meta":{"footnotes":""},"categories":[1587],"tags":[11,672,1804,1805,1803,1777,674,1801,12,1802],"class_list":{"0":"post-268356","1":"post","2":"type-post","3":"status-publish","4":"format-standard","5":"has-post-thumbnail","7":"category-allemagne","8":"tag-actualites","9":"tag-allemagne","10":"tag-bundesrepublik-deutschland","11":"tag-de","12":"tag-deutschland","13":"tag-eu","14":"tag-europe","15":"tag-germany","16":"tag-news","17":"tag-republique-federale-dallemagne"},"share_on_mastodon":{"url":"https:\/\/pubeurope.com\/@fr\/114903334509583090","error":""},"_links":{"self":[{"href":"https:\/\/www.europesays.com\/fr\/wp-json\/wp\/v2\/posts\/268356","targetHints":{"allow":["GET"]}}],"collection":[{"href":"https:\/\/www.europesays.com\/fr\/wp-json\/wp\/v2\/posts"}],"about":[{"href":"https:\/\/www.europesays.com\/fr\/wp-json\/wp\/v2\/types\/post"}],"author":[{"embeddable":true,"href":"https:\/\/www.europesays.com\/fr\/wp-json\/wp\/v2\/users\/2"}],"replies":[{"embeddable":true,"href":"https:\/\/www.europesays.com\/fr\/wp-json\/wp\/v2\/comments?post=268356"}],"version-history":[{"count":0,"href":"https:\/\/www.europesays.com\/fr\/wp-json\/wp\/v2\/posts\/268356\/revisions"}],"wp:featuredmedia":[{"embeddable":true,"href":"https:\/\/www.europesays.com\/fr\/wp-json\/wp\/v2\/media\/268357"}],"wp:attachment":[{"href":"https:\/\/www.europesays.com\/fr\/wp-json\/wp\/v2\/media?parent=268356"}],"wp:term":[{"taxonomy":"category","embeddable":true,"href":"https:\/\/www.europesays.com\/fr\/wp-json\/wp\/v2\/categories?post=268356"},{"taxonomy":"post_tag","embeddable":true,"href":"https:\/\/www.europesays.com\/fr\/wp-json\/wp\/v2\/tags?post=268356"}],"curies":[{"name":"wp","href":"https:\/\/api.w.org\/{rel}","templated":true}]}}