{"id":268358,"date":"2025-07-23T15:48:11","date_gmt":"2025-07-23T15:48:11","guid":{"rendered":"https:\/\/www.europesays.com\/fr\/268358\/"},"modified":"2025-07-23T15:48:11","modified_gmt":"2025-07-23T15:48:11","slug":"lue-et-le-japon-renforcent-leur-alliance-commerciale-face-aux-tensions-mondiales","status":"publish","type":"post","link":"https:\/\/www.europesays.com\/fr\/268358\/","title":{"rendered":"L&rsquo;UE et le Japon renforcent leur alliance commerciale face aux tensions mondiales"},"content":{"rendered":"<p>\n  Par&amp;nbsp<b>euronews<\/b>\n<\/p>\n<p>\n         Publi\u00e9 le<br \/>\n            23\/07\/2025 &#8211; 17:26 UTC+2\n            <\/p>\n<p>            <img decoding=\"async\" class=\"c-ad__placeholder__logo\" src=\"https:\/\/static.euronews.com\/website\/images\/logos\/logo-euronews-grey-6-180x22.svg\" width=\"180\" height=\"22\" alt=\"\" loading=\"lazy\"\/><br \/>\n            PUBLICIT\u00c9<\/p>\n<p>\u00c0 l&rsquo;issue du 30e sommet UE-Japon qui s&rsquo;est tenu \u00e0 Tokyo mercredi, l&rsquo;UE et le Japon ont annonc\u00e9 leur intention de renforcer leur coop\u00e9ration commerciale et de lutter contre la coercition \u00e9conomique. <\/p>\n<p>\u00ab\u00a0Le monde \u00e9volue rapidement. Pour des partenaires strat\u00e9giques comme nous, cela signifie qu&rsquo;il faut se rapprocher encore davantage pour faire face aux r\u00e9alit\u00e9s de notre \u00e9poque\u00a0\u00bb, a d\u00e9clar\u00e9 Ursula von der Leyen. <\/p>\n<p>La pr\u00e9sidente de la Commission europ\u00e9enne a \u00e9voqu\u00e9 un contexte mondial \u00ab\u00a0marqu\u00e9 par des tensions et des incertitudes commerciales croissantes, des cha\u00eenes d&rsquo;approvisionnement fragiles, le d\u00e9fi de la surcapacit\u00e9 et des r\u00e8gles du jeu in\u00e9quitables\u00a0\u00bb.<\/p>\n<p>Une r\u00e9ponse \u00e0 la pression am\u00e9ricaine<\/p>\n<p>Dans une d\u00e9claration commune publi\u00e9e \u00e0 l&rsquo;issue du sommet, l&rsquo;UE et le Japon ont r\u00e9affirm\u00e9 leur soutien \u00e0 un ordre commercial international fond\u00e9 sur des r\u00e8gles, les \u00c9tats-Unis remettant en cause les normes commerciales mondiales en imposant unilat\u00e9ralement des droits de douane \u00e0 leurs partenaires commerciaux.<\/p>\n<p>\u00ab\u00a0Nous sommes d&rsquo;accord pour maintenir et renforcer un ordre \u00e9conomique libre et \u00e9quitable, stable et pr\u00e9visible, fond\u00e9 sur des r\u00e8gles, et notamment pour d\u00e9fendre un syst\u00e8me commercial multilat\u00e9ral dont l&rsquo;OMC est le c\u0153ur\u00a0\u00bb, a d\u00e9clar\u00e9 le premier ministre japonais, Shigeru Ishiba.<\/p>\n<p>Le sommet a toutefois \u00e9t\u00e9 \u00e9clips\u00e9 par l&rsquo;annonce d&rsquo;un <a href=\"https:\/\/fr.euronews.com\/business\/2025\/07\/23\/trump-annonce-un-accord-commercial-avec-le-japon-avec-des-droits-de-douane-a-15\" target=\"_blank\" rel=\"noopener\"><strong>accord entre les \u00c9tats-Unis et le Japon<\/strong><\/a>, qui pr\u00e9voit des droits de douane de 15 % sur les importations japonaises aux \u00c9tats-Unis, alors que la menace d&rsquo;une taxe de 25 % avait \u00e9t\u00e9 \u00e9voqu\u00e9e pr\u00e9c\u00e9demment.<\/p>\n<p>De son c\u00f4t\u00e9, l&rsquo;UE est confront\u00e9e \u00e0 des n\u00e9gociations tout aussi difficiles avec l&rsquo;administration am\u00e9ricaine, sans qu&rsquo;aucun accord ne soit en vue pour l&rsquo;instant. <\/p>\n<p>Les \u00c9tats membres sont actuellement soumis \u00e0 des droits de douane am\u00e9ricains de 50 % sur l&rsquo;acier et l&rsquo;aluminium, de 25 % sur les voitures et de 10 % sur toutes les autres importations.<\/p>\n<p>Vers une mise en \u0153uvre acc\u00e9l\u00e9r\u00e9e de l\u2019accord UE-Japon<\/p>\n<p>C&rsquo;est dans ce contexte commercial troubl\u00e9 que l&rsquo;UE et le Japon pr\u00e9voient d&rsquo;acc\u00e9l\u00e9rer la mise en \u0153uvre de l&rsquo;accord commercial qui les lie depuis 2019, dans des domaines tels que les march\u00e9s publics et les normes sanitaires et phytosanitaires. L&rsquo;UE et le Japon esp\u00e8rent \u00e9galement accro\u00eetre leurs investissements mutuels.<\/p>\n<p>Les entreprises europ\u00e9ennes exportent d\u00e9j\u00e0 pr\u00e8s de 70 milliards d&rsquo;euros de biens et 28 milliards d&rsquo;euros de services vers le Japon chaque ann\u00e9e, et le commerce bilat\u00e9ral entre les deux parties aurait augment\u00e9 de 20 % depuis 2019, selon Ursula von der Leyen.<\/p>\n<p>Alors que le sommet UE-Chine doit se tenir ce jeudi, la d\u00e9claration commune annonce \u00e9galement une coop\u00e9ration visant \u00e0 r\u00e9duire les d\u00e9pendances strat\u00e9giques, notamment en ce qui concerne les mat\u00e9riaux critiques, dont la Chine impose des restrictions \u00e0 l&rsquo;exportation.<\/p>\n<p>Entre ao\u00fbt 2023 et juin 2025, le Japon a d\u00fb faire face \u00e0 une interdiction chinoise sur ses importations de fruits de mer. Pour sa part, l&rsquo;UE a plusieurs diff\u00e9rends commerciaux en cours avec P\u00e9kin, concernant les v\u00e9hicules \u00e9lectriques, les produits laitiers, la viande de porc et les spiritueux.<\/p>\n","protected":false},"excerpt":{"rendered":"Par&amp;nbspeuronews Publi\u00e9 le 23\/07\/2025 &#8211; 17:26 UTC+2 PUBLICIT\u00c9 \u00c0 l&rsquo;issue du 30e sommet UE-Japon qui s&rsquo;est tenu \u00e0&hellip;\n","protected":false},"author":2,"featured_media":268359,"comment_status":"","ping_status":"","sticky":false,"template":"","format":"standard","meta":{"footnotes":""},"categories":[1586],"tags":[11,2196,1777,674,1011,27,2070,12,3886,25,2544],"class_list":{"0":"post-268358","1":"post","2":"type-post","3":"status-publish","4":"format-standard","5":"has-post-thumbnail","7":"category-europe","8":"tag-actualites","9":"tag-commission-europeenne","10":"tag-eu","11":"tag-europe","12":"tag-fr","13":"tag-france","14":"tag-japon","15":"tag-news","16":"tag-politique-de-lue","17":"tag-republique-francaise","18":"tag-ursula-von-der-leyen"},"share_on_mastodon":{"url":"https:\/\/pubeurope.com\/@fr\/114903338446639368","error":""},"_links":{"self":[{"href":"https:\/\/www.europesays.com\/fr\/wp-json\/wp\/v2\/posts\/268358","targetHints":{"allow":["GET"]}}],"collection":[{"href":"https:\/\/www.europesays.com\/fr\/wp-json\/wp\/v2\/posts"}],"about":[{"href":"https:\/\/www.europesays.com\/fr\/wp-json\/wp\/v2\/types\/post"}],"author":[{"embeddable":true,"href":"https:\/\/www.europesays.com\/fr\/wp-json\/wp\/v2\/users\/2"}],"replies":[{"embeddable":true,"href":"https:\/\/www.europesays.com\/fr\/wp-json\/wp\/v2\/comments?post=268358"}],"version-history":[{"count":0,"href":"https:\/\/www.europesays.com\/fr\/wp-json\/wp\/v2\/posts\/268358\/revisions"}],"wp:featuredmedia":[{"embeddable":true,"href":"https:\/\/www.europesays.com\/fr\/wp-json\/wp\/v2\/media\/268359"}],"wp:attachment":[{"href":"https:\/\/www.europesays.com\/fr\/wp-json\/wp\/v2\/media?parent=268358"}],"wp:term":[{"taxonomy":"category","embeddable":true,"href":"https:\/\/www.europesays.com\/fr\/wp-json\/wp\/v2\/categories?post=268358"},{"taxonomy":"post_tag","embeddable":true,"href":"https:\/\/www.europesays.com\/fr\/wp-json\/wp\/v2\/tags?post=268358"}],"curies":[{"name":"wp","href":"https:\/\/api.w.org\/{rel}","templated":true}]}}