{"id":268360,"date":"2025-07-23T15:49:10","date_gmt":"2025-07-23T15:49:10","guid":{"rendered":"https:\/\/www.europesays.com\/fr\/268360\/"},"modified":"2025-07-23T15:49:10","modified_gmt":"2025-07-23T15:49:10","slug":"dumping-terres-rares-et-sanctions-les-enjeux-du-sommet-chine-union-europeenne","status":"publish","type":"post","link":"https:\/\/www.europesays.com\/fr\/268360\/","title":{"rendered":"Dumping, terres rares et sanctions&#8230; Les enjeux du sommet Chine-Union europ\u00e9enne"},"content":{"rendered":"<p>Jeudi 24\u00a0juillet, \u00e0 l&rsquo;occasion du cinquanti\u00e8me anniversaire de l&rsquo;\u00e9tablissement des relations diplomatiques entre la Chine et l&rsquo;Union europ\u00e9enne (UE), Ant\u00f3nio Costa, pr\u00e9sident du Conseil europ\u00e9en, et Ursula von\u00a0der\u00a0Leyen, pr\u00e9sidente de la Commission, font le d\u00e9placement jusqu&rsquo;\u00e0 P\u00e9kin. Mais moins pour c\u00e9l\u00e9brer que pour n\u00e9gocier.<\/p>\n<p>Preuve des divergences profondes entre les deux g\u00e9ants \u00e9conomiques\u00a0: la dur\u00e9e du sommet a d\u00e9j\u00e0 \u00e9t\u00e9 rabot\u00e9e d&rsquo;une journ\u00e9e. Au\u00a0moins, les deux dirigeants Europ\u00e9ens ont-ils la confirmation que le pr\u00e9sident chinois les recevra. \u00ab\u00a0Le pr\u00e9sident Xi\u00a0Jinping les rencontrera. Le\u00a0Premier ministre, Li Qiang, et les deux dirigeants de l&rsquo;UE copr\u00e9sideront le 25e\u00a0sommet Chine-UE\u00a0\u00bb, a indiqu\u00e9 le minist\u00e8re chinois des Affaires \u00e9trang\u00e8res dans un communiqu\u00e9. L&rsquo;absence du dirigeant chinois aurait marqu\u00e9 une tension sans pr\u00e9c\u00e9dent entre la Chine et l&rsquo;Union europ\u00e9enne.<\/p>\n<p>Des contentieux nombreux<\/p>\n<p>L&rsquo;Union europ\u00e9enne accuse la Chine de dumping, en inondant le march\u00e9 europ\u00e9en avec des produits manufactur\u00e9s \u00e0 tr\u00e8s bas prix et soutenus par des subventions publiques. Le\u00a0diff\u00e9rend s&rsquo;est cristallis\u00e9 autour des v\u00e9hicules \u00e9lectriques. Certaines entreprises chinoises de ce secteur ont \u00e9t\u00e9 vis\u00e9es par une hausse des droits de douane d\u00e9cid\u00e9e par Bruxelles. En repr\u00e9sailles, P\u00e9kin menace de taxer des produits embl\u00e9matiques europ\u00e9ens, comme les brandys et les eaux-de-vie \u00e0 base de raisin, comme le cognac. Et d&rsquo;utiliser les m\u00eames m\u00e9thodes que Donald Trump pour parvenir \u00e0 ses fins &#8211; les droits de douane\u00a0&#8211; alors que la Chine et l&rsquo;Union europ\u00e9enne sont menac\u00e9es d&rsquo;\u00eatre frapp\u00e9es par Washington le 1er\u00a0ao\u00fbt.<\/p>\n<p>Autre champ de bataille\u00a0: les \u00e9quipements m\u00e9dicaux. P\u00e9kin a d\u00e9cid\u00e9 de privil\u00e9gier uniquement les fournisseurs chinois, \u00e9cartant de facto les groupes europ\u00e9ens comme Siemens. La Commission a r\u00e9pondu le 20\u00a0juin en excluant les entreprises chinoises des appels d&rsquo;offres publics europ\u00e9ens sup\u00e9rieurs \u00e0 cinq\u00a0millions d&rsquo;euros. Une r\u00e9ponse directe aux barri\u00e8res rencontr\u00e9es par les industriels europ\u00e9ens sur le march\u00e9 chinois.<\/p>\n<p>La g\u00e9opolitique s&rsquo;invite aussi dans les discussions. Deux banques r\u00e9gionales chinoises, situ\u00e9es pr\u00e8s de la fronti\u00e8re russe, ont \u00e9t\u00e9 vis\u00e9es par le 18e\u00a0train de sanctions europ\u00e9ennes. Elles sont accus\u00e9es d&rsquo;avoir facilit\u00e9 l&rsquo;effort de guerre de Moscou. C&rsquo;est la premi\u00e8re fois depuis le d\u00e9but de la guerre en Ukraine que des entreprises chinoises sont vis\u00e9es directement par des sanctions europ\u00e9ennes. P\u00e9kin d\u00e9nonce un \u00ab\u00a0impact n\u00e9gatif grave\u00a0\u00bb sur sa relation avec l&rsquo;Union europ\u00e9enne.<\/p>\n<p>\u00ab Une crois\u00e9e des chemins \u00bb<\/p>\n<p>Autre enjeu de ce sommet\u00a0: l&rsquo;acc\u00e8s de Bruxelles aux terres rares chinoises. Cobalt, mangan\u00e8se,\u00a0etc.\u00a0Ces m\u00e9taux sont indispensables \u00e0 la transition \u00e9nerg\u00e9tique et 90\u00a0% de leur raffinage mondial est effectu\u00e9 en Chine. L&rsquo;UE cherche \u00e0 s\u00e9curiser ses approvisionnements, mais ses marges de man\u0153uvre sont limit\u00e9es. D&rsquo;autant plus que P\u00e9kin peut se servir de cette d\u00e9pendance europ\u00e9enne dans les n\u00e9gociations pour obtenir des concessions.<\/p>\n<p>Les diff\u00e9rends entre L&rsquo;UE et la Chine sont nombreux. Le sommet du 24\u00a0juillet, au plus haut niveau, pourrait ne d\u00e9boucher sur aucune annonce concr\u00e8te. Mais une d\u00e9tente, ou \u00e0 l&rsquo;inverse, une intensification du conflit pourrait s&rsquo;amorcer. Reste que personne n&rsquo;a int\u00e9r\u00eat \u00e0 une escalade. L&rsquo;Europe a besoin d&rsquo;un acc\u00e8s stable aux mati\u00e8res premi\u00e8res et au march\u00e9 chinois, m\u00eame si toutes les capitales europ\u00e9ennes ne sont pas sur la m\u00eame ligne. \u00ab\u00a0Vis-\u00e0-vis du march\u00e9 chinois, tout le monde n&rsquo;est pas log\u00e9 \u00e0 la m\u00eame enseigne. Certains, comme l&rsquo;Allemagne ont vraiment besoin d&rsquo;y acc\u00e9der, alors que d&rsquo;autres pays europ\u00e9ens moins\u00a0\u00bb, explique Sandrine Levasseur, \u00e9conomiste \u00e0 l&rsquo;Observatoire fran\u00e7ais des conjonctures \u00e9conomiques (OFCE) et sp\u00e9cialiste des questions europ\u00e9ennes. Cette\u00a0disparit\u00e9 entre les\u00a0Vingt-Sept\u00a0pourrait fragiliser l&rsquo;unit\u00e9 de l&rsquo;Europe pendant les n\u00e9gociations.<\/p>\n<p>De son c\u00f4t\u00e9, la Chine doit pouvoir \u00e9couler ses exc\u00e9dents de production, d&rsquo;autant plus dans un contexte de repli am\u00e9ricain. Sandrine Levasseur consid\u00e8re le sommet\u00a0comme une \u00ab\u00a0crois\u00e9e des chemins\u00a0\u00bb. Elle alerte sur une issue potentiellement non coop\u00e9rative entre les deux g\u00e9ants\u00a0: \u00ab Il faudra un \u00e9change de bons proc\u00e9d\u00e9s pour que cela fonctionne, que la Chine et l&rsquo;UE repartent gagnant-gagnant. Sinon, tout le monde a \u00e0 perdre, mais les Europ\u00e9ens plus que les Chinois. \u00bb<\/p>\n","protected":false},"excerpt":{"rendered":"Jeudi 24\u00a0juillet, \u00e0 l&rsquo;occasion du cinquanti\u00e8me anniversaire de l&rsquo;\u00e9tablissement des relations diplomatiques entre la Chine et l&rsquo;Union europ\u00e9enne&hellip;\n","protected":false},"author":2,"featured_media":268361,"comment_status":"","ping_status":"","sticky":false,"template":"","format":"standard","meta":{"footnotes":""},"categories":[1586],"tags":[17,11,40768,33,3943,1777,674,1779,1011,27,151,12,40769,25,7185,2764,35111,1778,364],"class_list":{"0":"post-268360","1":"post","2":"type-post","3":"status-publish","4":"format-standard","5":"has-post-thumbnail","7":"category-europe","8":"tag-17","9":"tag-actualites","10":"tag-dumping","11":"tag-economie","12":"tag-enjeux","13":"tag-eu","14":"tag-europe","15":"tag-european-union","16":"tag-fr","17":"tag-france","18":"tag-les","19":"tag-news","20":"tag-rares","21":"tag-republique-francaise","22":"tag-sanctions","23":"tag-sommet","24":"tag-terres","25":"tag-ue","26":"tag-union-europeenne"},"share_on_mastodon":{"url":"https:\/\/pubeurope.com\/@fr\/114903342367806180","error":""},"_links":{"self":[{"href":"https:\/\/www.europesays.com\/fr\/wp-json\/wp\/v2\/posts\/268360","targetHints":{"allow":["GET"]}}],"collection":[{"href":"https:\/\/www.europesays.com\/fr\/wp-json\/wp\/v2\/posts"}],"about":[{"href":"https:\/\/www.europesays.com\/fr\/wp-json\/wp\/v2\/types\/post"}],"author":[{"embeddable":true,"href":"https:\/\/www.europesays.com\/fr\/wp-json\/wp\/v2\/users\/2"}],"replies":[{"embeddable":true,"href":"https:\/\/www.europesays.com\/fr\/wp-json\/wp\/v2\/comments?post=268360"}],"version-history":[{"count":0,"href":"https:\/\/www.europesays.com\/fr\/wp-json\/wp\/v2\/posts\/268360\/revisions"}],"wp:featuredmedia":[{"embeddable":true,"href":"https:\/\/www.europesays.com\/fr\/wp-json\/wp\/v2\/media\/268361"}],"wp:attachment":[{"href":"https:\/\/www.europesays.com\/fr\/wp-json\/wp\/v2\/media?parent=268360"}],"wp:term":[{"taxonomy":"category","embeddable":true,"href":"https:\/\/www.europesays.com\/fr\/wp-json\/wp\/v2\/categories?post=268360"},{"taxonomy":"post_tag","embeddable":true,"href":"https:\/\/www.europesays.com\/fr\/wp-json\/wp\/v2\/tags?post=268360"}],"curies":[{"name":"wp","href":"https:\/\/api.w.org\/{rel}","templated":true}]}}