{"id":268369,"date":"2025-07-23T15:56:09","date_gmt":"2025-07-23T15:56:09","guid":{"rendered":"https:\/\/www.europesays.com\/fr\/268369\/"},"modified":"2025-07-23T15:56:09","modified_gmt":"2025-07-23T15:56:09","slug":"atp-steve-flink-sur-novak-djokovic-je-ne-comprends-pas-cette-quete-des-25-grands-chelems-cest-un-faux-argument-une-fausse-cible","status":"publish","type":"post","link":"https:\/\/www.europesays.com\/fr\/268369\/","title":{"rendered":"ATP > Steve Flink sur Novak Djokovic : \u00ab\u00a0Je ne comprends pas cette qu\u00eate des 25 Grands Chelems. C&rsquo;est un faux argument, une fausse cible\u00a0\u00bb"},"content":{"rendered":"<p>R\u00e9cemment invit\u00e9 sur la cha\u00eene Youtube de l\u2019ana\u00adlyste, Gill Gross, pour \u00e9voquer les chances de Novak Djokovic \u00e0 l\u2019US Open (du 24 ao\u00fbt au 7 septembre), le jour\u00adna\u00adliste am\u00e9ri\u00adcain, Steve Flink, auteur notam\u00adment de plusieurs ouvrages sur le tennis, a tenu \u00e0 mini\u00admiser l\u2019im\u00adpor\u00adtance de la fameuse barre des 25 Grands Chelems.<\/p>\n<p>Une analyse que beau\u00adcoup vont partager.\u00a0<\/p>\n<p><strong>\u00ab\u202fJe ne comprends pas cette qu\u00eate des 25 Grands Chelems. C\u2019est parfai\u00adte\u00adment compr\u00e9\u00adhen\u00adsible sur le papier\u00a0: vous d\u00e9passer Margaret Court. Mais c\u2019est un faux argu\u00adment. C\u2019est une fausse cible. Pas de sa part, mais de la part des m\u00e9dias, d\u2019une certaine mani\u00e8re, parce qu\u2019ils mettent constam\u00adment sa photo \u00e0 c\u00f4t\u00e9 de celle de Margaret. Djokovic n\u2019est pas en comp\u00e9\u00adti\u00adtion avec Margaret Court. Margaret Court ne fait m\u00eame pas partie de la conver\u00adsa\u00adtion des plus grandes joueuses de tennis de tous les temps. Elle n\u2019en est m\u00eame pas proche. Tous les experts placent Martina (Navratilova), Steffi (Graf), Serena (Williams) et Chris (Evert) devant Margaret, alors je ne sais pas ce que Novak en pense. L\u2019autre chose, c\u2019est qu\u2019elle a gagn\u00e9 beau\u00adcoup d\u2019Open d\u2019Australie et je ne veux pas la d\u00e9ni\u00adgrer, mais il y a eu beau\u00adcoup de ces tour\u00adnois qui \u00e9taient vrai\u00adment tr\u00e8s faibles parce que personne n\u2019al\u00adlait l\u00e0\u2010bas.\u202f\u00bb<\/strong><\/p>\n<p class=\"post-published-date\" style=\"color: silver; font-size: 75%; text-align: left;\">Publi\u00e9 le mercredi 23 juillet 2025 \u00e0 15:45<\/p>\n","protected":false},"excerpt":{"rendered":"R\u00e9cemment invit\u00e9 sur la cha\u00eene Youtube de l\u2019ana\u00adlyste, Gill Gross, pour \u00e9voquer les chances de Novak Djokovic \u00e0&hellip;\n","protected":false},"author":2,"featured_media":259338,"comment_status":"","ping_status":"","sticky":false,"template":"","format":"standard","meta":{"footnotes":""},"categories":[1415],"tags":[105,1011,27,2201,60,1467],"class_list":{"0":"post-268369","1":"post","2":"type-post","3":"status-publish","4":"format-standard","5":"has-post-thumbnail","7":"category-tennis","8":"tag-djokovic","9":"tag-fr","10":"tag-france","11":"tag-serena-williams","12":"tag-sports","13":"tag-tennis"},"share_on_mastodon":{"url":"https:\/\/pubeurope.com\/@fr\/114903369826638481","error":""},"_links":{"self":[{"href":"https:\/\/www.europesays.com\/fr\/wp-json\/wp\/v2\/posts\/268369","targetHints":{"allow":["GET"]}}],"collection":[{"href":"https:\/\/www.europesays.com\/fr\/wp-json\/wp\/v2\/posts"}],"about":[{"href":"https:\/\/www.europesays.com\/fr\/wp-json\/wp\/v2\/types\/post"}],"author":[{"embeddable":true,"href":"https:\/\/www.europesays.com\/fr\/wp-json\/wp\/v2\/users\/2"}],"replies":[{"embeddable":true,"href":"https:\/\/www.europesays.com\/fr\/wp-json\/wp\/v2\/comments?post=268369"}],"version-history":[{"count":0,"href":"https:\/\/www.europesays.com\/fr\/wp-json\/wp\/v2\/posts\/268369\/revisions"}],"wp:featuredmedia":[{"embeddable":true,"href":"https:\/\/www.europesays.com\/fr\/wp-json\/wp\/v2\/media\/259338"}],"wp:attachment":[{"href":"https:\/\/www.europesays.com\/fr\/wp-json\/wp\/v2\/media?parent=268369"}],"wp:term":[{"taxonomy":"category","embeddable":true,"href":"https:\/\/www.europesays.com\/fr\/wp-json\/wp\/v2\/categories?post=268369"},{"taxonomy":"post_tag","embeddable":true,"href":"https:\/\/www.europesays.com\/fr\/wp-json\/wp\/v2\/tags?post=268369"}],"curies":[{"name":"wp","href":"https:\/\/api.w.org\/{rel}","templated":true}]}}