{"id":268370,"date":"2025-07-23T15:58:10","date_gmt":"2025-07-23T15:58:10","guid":{"rendered":"https:\/\/www.europesays.com\/fr\/268370\/"},"modified":"2025-07-23T15:58:10","modified_gmt":"2025-07-23T15:58:10","slug":"motogp-retour-sur-la-scene-jubilatoire-made-in-france-les-membres-de-tech3-en-delire-apres-la-p3","status":"publish","type":"post","link":"https:\/\/www.europesays.com\/fr\/268370\/","title":{"rendered":"MotoGP Retour sur la sc\u00e8ne jubilatoire made-in France, les membres de Tech3 en d\u00e9lire, apr\u00e8s la P3 !"},"content":{"rendered":"<p>Comme quoi, apr\u00e8s une grande \u00e9preuve douloureuse, il y a toujours une embellie ! Ainsi, alors que Tech3, avec l\u2019indisponibilit\u00e9 de Maverick Vinal\u00e8s sur blessure, en MotoGP, semblait avoir perdu sa seule chance de podium, c\u2019est son co\u00e9quipier qui est sorti de nulle part ! En effet, En\u00e9a Bastianini s\u2019est r\u00e9v\u00e9l\u00e9, samedi dernier, allant chercher une belle troisi\u00e8me place, au terme d\u2019un sprint men\u00e9 de mains de ma\u00eetre. Retour sur la belle sc\u00e8ne de joie, apr\u00e8s sa performance et au pied du podium, partag\u00e9e par l\u2019\u00e9quipe tricolore d\u2019Herv\u00e9 Poncharal.<\/p>\n<blockquote class=\"instagram-media\" style=\"background: #FFF; border: 0; border-radius: 3px; box-shadow: 0 0 1px 0 rgba(0,0,0,0.5),0 1px 10px 0 rgba(0,0,0,0.15); margin: 1px; max-width: 540px; min-width: 326px; padding: 0; width: calc(100% - 2px);\" data-instgrm-captioned=\"\" data-instgrm-permalink=\"https:\/\/www.instagram.com\/reel\/DMSr7d0NC3U\/?utm_source=ig_embed&amp;utm_campaign=loading\" data-instgrm-version=\"14\">\n<\/blockquote>\n<p>                                            <img loading=\"lazy\" alt=\"\" class=\"avatar avatar-100 photo lazyload\" height=\"100\" width=\"100\" decoding=\"async\" src=\"https:\/\/www.europesays.com\/fr\/wp-content\/uploads\/2025\/07\/1753286290_449_ffbb894c35ea5189d599d4ea062c98b86ffb67cc602fa683ebcbf422a80fc47a\"  data-eio-rwidth=\"100\" data-eio-rheight=\"100\"\/><\/p>\n<p class=\"h2\">\n                                            Julien Barthet\n                                        <\/p>\n<p>R\u00e9dacteur professionnel, titulaire de la carte de presse pendant 3 ans. Fondateur\/Directeur et R\u00e9dacteur en chef Le Mag Sport Auto et LeMagJeuxHighTech.com.&#13;<br \/>\nEx-Pilote automobile : 55 courses (Formule Ford, F.Campus, Coupe 206 Sprint et Relais, Saxo, Ford Fiesta Allemagne, Mitjet) 1 Victoire. Essais F3, Nascar Euro, Caterham, F.Renault, etc.<\/p>\n<p>                                                                                                                            <a href=\"https:\/\/lemagsportauto.ouest-france.fr\/author\/lmsa_adm\/\" title=\"Julien Barthet\" target=\"_blank\" rel=\"noopener\"><br \/>\n                                                Voir les publications de l&rsquo;auteur<br \/>\n                                            <\/a><\/p>\n<p>                                <script async src=\"\/\/www.instagram.com\/embed.js\"><\/script><\/p>\n","protected":false},"excerpt":{"rendered":"Comme quoi, apr\u00e8s une grande \u00e9preuve douloureuse, il y a toujours une embellie ! Ainsi, alors que Tech3,&hellip;\n","protected":false},"author":2,"featured_media":268371,"comment_status":"","ping_status":"","sticky":false,"template":"","format":"standard","meta":{"footnotes":""},"categories":[1413],"tags":[1578,1011,27,1457,1456,1458,60,1580],"class_list":{"0":"post-268370","1":"post","2":"type-post","3":"status-publish","4":"format-standard","5":"has-post-thumbnail","7":"category-moto","8":"tag-enu00e9a-bastianini","9":"tag-fr","10":"tag-france","11":"tag-moto","12":"tag-motocycle","13":"tag-motogp","14":"tag-sports","15":"tag-tech3"},"share_on_mastodon":{"url":"https:\/\/pubeurope.com\/@fr\/114903377769829621","error":""},"_links":{"self":[{"href":"https:\/\/www.europesays.com\/fr\/wp-json\/wp\/v2\/posts\/268370","targetHints":{"allow":["GET"]}}],"collection":[{"href":"https:\/\/www.europesays.com\/fr\/wp-json\/wp\/v2\/posts"}],"about":[{"href":"https:\/\/www.europesays.com\/fr\/wp-json\/wp\/v2\/types\/post"}],"author":[{"embeddable":true,"href":"https:\/\/www.europesays.com\/fr\/wp-json\/wp\/v2\/users\/2"}],"replies":[{"embeddable":true,"href":"https:\/\/www.europesays.com\/fr\/wp-json\/wp\/v2\/comments?post=268370"}],"version-history":[{"count":0,"href":"https:\/\/www.europesays.com\/fr\/wp-json\/wp\/v2\/posts\/268370\/revisions"}],"wp:featuredmedia":[{"embeddable":true,"href":"https:\/\/www.europesays.com\/fr\/wp-json\/wp\/v2\/media\/268371"}],"wp:attachment":[{"href":"https:\/\/www.europesays.com\/fr\/wp-json\/wp\/v2\/media?parent=268370"}],"wp:term":[{"taxonomy":"category","embeddable":true,"href":"https:\/\/www.europesays.com\/fr\/wp-json\/wp\/v2\/categories?post=268370"},{"taxonomy":"post_tag","embeddable":true,"href":"https:\/\/www.europesays.com\/fr\/wp-json\/wp\/v2\/tags?post=268370"}],"curies":[{"name":"wp","href":"https:\/\/api.w.org\/{rel}","templated":true}]}}