{"id":268378,"date":"2025-07-23T16:02:13","date_gmt":"2025-07-23T16:02:13","guid":{"rendered":"https:\/\/www.europesays.com\/fr\/268378\/"},"modified":"2025-07-23T16:02:13","modified_gmt":"2025-07-23T16:02:13","slug":"en-video-les-coulisses-du-portrait-officiel-du-prince-george-un-moment-decontracte-entre-freres-et-soeur","status":"publish","type":"post","link":"https:\/\/www.europesays.com\/fr\/268378\/","title":{"rendered":"En vid\u00e9o, les coulisses du portrait officiel du prince George, un moment d\u00e9contract\u00e9 entre fr\u00e8res et s\u0153ur"},"content":{"rendered":"<p>                                        <img decoding=\"async\" src=\"https:\/\/www.europesays.com\/fr\/wp-content\/uploads\/2025\/07\/dfa3617b2aa0bbc0d03d59ae160be21880f4771f78a927db5fa5fae61b5792f0.jpg\" alt=\"L'adorable vid\u00e9o de prince George avec ses cadets pour son douzi\u00e8me anniversaire\" class=\"a11y-hidden\"\/><\/p>\n<p>Le mardi 22 juillet, pour c\u00e9l\u00e9brer les 12 ans du prince George, Kate et William ont partag\u00e9 une vid\u00e9o in\u00e9dite r\u00e9v\u00e9lant les coulisses de la s\u00e9ance photo d\u2019anniversaire de leur fils a\u00een\u00e9.<\/p>\n<p class=\"fig-paragraph\">Ce mardi 22 juillet, le prince George a f\u00eat\u00e9 ses 12 ans. Pour l\u2019occasion, et comme chaque ann\u00e9e fin juillet, ses parents, le prince William et Kate Middleton, ont publi\u00e9 un nouveau portrait de leur fils a\u00een\u00e9 sur<a href=\"https:\/\/www.instagram.com\/p\/DMZ2FsCtZXt\/\" target=\"_blank\" rel=\"sponsored noopener\" data-gtm-custom-categorie=\"navigation\" data-gtm-custom-action=\"crossclick\" data-gtm-custom-label=\"Contextuel\" data-gtm-event=\"customEventSPE\">\u00a0leurs r\u00e9seaux sociaux officiels<\/a>. Sign\u00e9 par le photographe Josh Shinner, le clich\u00e9 d\u00e9voile un George souriant, accoud\u00e9 \u00e0 une barri\u00e8re en bois, v\u00eatu d\u2019une chemise \u00e0 carreaux et d\u2019un gilet polaire sans manches.<\/p>\n<p>Une parenth\u00e8se de tendresse<\/p>\n<p class=\"fig-paragraph\">Reste que ce qui a particuli\u00e8rement \u00e9mu les internautes, c\u2019est la vid\u00e9o qui l\u2019accompagne. Pour la premi\u00e8re fois, le couple princier a lev\u00e9 le voile sur les coulisses de la traditionnelle s\u00e9ance photo, tourn\u00e9e en pleine nature. On y voit George entour\u00e9 de ses cadets, la princesse Charlotte et le prince Louis, \u00e9changeant rires et taquineries avec une spontan\u00e9it\u00e9 qui tranche avec le protocole.<\/p>\n<p>                                    <a class=\"fig-a11y-skip a11y-hidden\" href=\"#fig-a11y-skip-main-inarticle\"><br \/>\n        Passer la publicit\u00e9<br \/>\n    <\/a><\/p>\n<p class=\"fig-paragraph\">\u00abJ\u2019adore les voir heureux et si contents d\u2019\u00eatre ensemble\u00bb, s\u2019enthousiasme une internaute\u00a0<a href=\"https:\/\/x.com\/KensingtonRoyal\/status\/1947604323409518681?ref_src=twsrc%5Etfw%7Ctwcamp%5Etweetembed%7Ctwterm%5E1947604323409518681%7Ctwgr%5Ecaed8ee79720ea1fac536308ea277f361d79eef9%7Ctwcon%5Es1_&amp;ref_url=https%3A%2F%2Fsoirmag.lesoir.be%2F689278%2Farticle%2F2025-07-23%2Fle-prince-george-fete-ses-12-ans-william-et-kate-devoilent-une-adorable-video\" target=\"_blank\" rel=\"sponsored noopener\" data-gtm-custom-categorie=\"navigation\" data-gtm-custom-action=\"crossclick\" data-gtm-custom-label=\"Contextuel\" data-gtm-event=\"customEventSPE\">sur X<\/a>. Une publication \u00e0 la fois chaleureuse et ma\u00eetris\u00e9e, dans la ligne droite de la strat\u00e9gie des Galles. \u00c0 l\u2019or\u00e9e de l\u2019adolescence, le prince George semble, lui aussi, apprendre \u00e0 jongler entre destin royal et instants d\u2019insouciance.<\/p>\n<p>    Capture d\u2019\u00e9cran d\u2019un commentaire sous la publication de la famille royale sur X.<br \/>\n                X<\/p>\n<p>                                        <script async src=\"\/\/www.instagram.com\/embed.js\"><\/script><\/p>\n","protected":false},"excerpt":{"rendered":"Le mardi 22 juillet, pour c\u00e9l\u00e9brer les 12 ans du prince George, Kate et William ont partag\u00e9 une&hellip;\n","protected":false},"author":2,"featured_media":268379,"comment_status":"","ping_status":"","sticky":false,"template":"","format":"standard","meta":{"footnotes":""},"categories":[1359],"tags":[58,59,1011,27,10801,5858,973,3936,971],"class_list":{"0":"post-268378","1":"post","2":"type-post","3":"status-publish","4":"format-standard","5":"has-post-thumbnail","7":"category-people","8":"tag-divertissement","9":"tag-entertainment","10":"tag-fr","11":"tag-france","12":"tag-george-de-cambridge","13":"tag-kate-middleton","14":"tag-people","15":"tag-prince-william","16":"tag-royaute"},"share_on_mastodon":{"url":"https:\/\/pubeurope.com\/@fr\/114903393495983888","error":""},"_links":{"self":[{"href":"https:\/\/www.europesays.com\/fr\/wp-json\/wp\/v2\/posts\/268378","targetHints":{"allow":["GET"]}}],"collection":[{"href":"https:\/\/www.europesays.com\/fr\/wp-json\/wp\/v2\/posts"}],"about":[{"href":"https:\/\/www.europesays.com\/fr\/wp-json\/wp\/v2\/types\/post"}],"author":[{"embeddable":true,"href":"https:\/\/www.europesays.com\/fr\/wp-json\/wp\/v2\/users\/2"}],"replies":[{"embeddable":true,"href":"https:\/\/www.europesays.com\/fr\/wp-json\/wp\/v2\/comments?post=268378"}],"version-history":[{"count":0,"href":"https:\/\/www.europesays.com\/fr\/wp-json\/wp\/v2\/posts\/268378\/revisions"}],"wp:featuredmedia":[{"embeddable":true,"href":"https:\/\/www.europesays.com\/fr\/wp-json\/wp\/v2\/media\/268379"}],"wp:attachment":[{"href":"https:\/\/www.europesays.com\/fr\/wp-json\/wp\/v2\/media?parent=268378"}],"wp:term":[{"taxonomy":"category","embeddable":true,"href":"https:\/\/www.europesays.com\/fr\/wp-json\/wp\/v2\/categories?post=268378"},{"taxonomy":"post_tag","embeddable":true,"href":"https:\/\/www.europesays.com\/fr\/wp-json\/wp\/v2\/tags?post=268378"}],"curies":[{"name":"wp","href":"https:\/\/api.w.org\/{rel}","templated":true}]}}