{"id":268380,"date":"2025-07-23T16:03:10","date_gmt":"2025-07-23T16:03:10","guid":{"rendered":"https:\/\/www.europesays.com\/fr\/268380\/"},"modified":"2025-07-23T16:03:10","modified_gmt":"2025-07-23T16:03:10","slug":"deux-mois-apres-son-installation-une-sculpture-concue-a-partir-de-materiaux-de-recuperation-a-ete-degradee","status":"publish","type":"post","link":"https:\/\/www.europesays.com\/fr\/268380\/","title":{"rendered":"deux mois apr\u00e8s son installation, une sculpture con\u00e7ue \u00e0 partir de mat\u00e9riaux de r\u00e9cup\u00e9ration a \u00e9t\u00e9 d\u00e9grad\u00e9e"},"content":{"rendered":"<p>Une sculpture repr\u00e9sentant un Martin-p\u00eacheur, fabriqu\u00e9e avec des cagettes en bois, a \u00e9t\u00e9 \u00e9ventr\u00e9e. Le maire de la ville portuaire condamne fermement cet acte. Le collectif Artimuse \u00e0 l\u2019origine de l\u2019\u0153uvre devrait venir la r\u00e9parer.<\/p>\n<p class=\"fig-paragraph\">La d\u00e9gradation r\u00e9cente de la sculpture d\u2019un oiseau install\u00e9e \u00e0\u00a0<a href=\"http:\/\/www.lefigaro.fr\/nantes\/narcotrafic-une-greffiere-du-tribunal-de-saint-nazaire-soupconnee-d-avoir-fait-fuiter-des-elements-d-une-enquete-20250717\" target=\"_blank\" data-fig-type=\"NewsFlash\" rel=\"noopener nofollow\" data-gtm-custom-categorie=\"navigation\" data-gtm-custom-action=\"crossclick\" data-gtm-custom-label=\"Contextuel\" data-gtm-event=\"customEventSPE\" data-fig-domain=\"LEFIGARO\">Saint-Nazaire<\/a>\u00a0a fait sortir le maire de la ville portuaire de ses gonds. \u00abToute d\u00e9gradation comme moyen d\u2019expression est \u00e0 condamner. Il existe suffisamment d\u2019espaces et de temps pour \u00e9changer, \u00eatre \u00e9cout\u00e9 ou encore s\u2019impliquer dans la vie locale \u00e0 Saint-Nazaire, quel que soit son \u00e2ge, son genre, son origine\u00bb, a r\u00e9agi David Samzun dans un communiqu\u00e9 envoy\u00e9 mardi, accompagn\u00e9 d\u2019une photo montrant l\u2019\u0153uvre \u00e9ventr\u00e9e.<\/p>\n<p class=\"fig-paragraph\">Ce Martin-p\u00eacheur avait \u00e9t\u00e9 inaugur\u00e9 le 22 mai, au parc paysager, dans le cadre de l\u2019\u00e9v\u00e9nement Saint-Nazaire C\u00f4t\u00e9 Nature, c\u00e9l\u00e9brant la nature dans une ambiance champ\u00eatre et familiale. \u00abNotre ville est ouverte, solidaire et cr\u00e9ative et je tiens \u00e0 conserver cette ambiance pour notre ville tandis que d\u2019autres passent leur temps \u00e0 l\u2019ab\u00eemer par leur comportement inadapt\u00e9\u00bb, insiste l\u2019\u00e9dile socialiste, condamnant des \u00abfaits inacceptables\u00bb.\u00a0<\/p>\n<p>                                    <a class=\"fig-a11y-skip a11y-hidden\" href=\"#fig-a11y-skip-main-inarticle\"><br \/>\n        Passer la publicit\u00e9<br \/>\n    <\/a><\/p>\n<p>\u00abIrrespect\u00bb<\/p>\n<p class=\"fig-paragraph\">Aucune cam\u00e9ra ne surveille le site et \u00e0 ce jour, aucun auteur de la d\u00e9gradation n\u2019a pu \u00eatre identifi\u00e9. \u00abSi l\u2019acte est gratuit, c\u2019est pire\u00a0! Cet acte d\u00e9lib\u00e9r\u00e9 est une marque d\u2019irrespect envers les artistes qui l\u2019ont cr\u00e9\u00e9e, envers les agents qui en prennent soin et envers toutes les Nazairiennes et les Nazairiens \u00e0 qui cette \u0153uvre appartient\u00bb, tance encore l\u2019\u00e9lu.<\/p>\n<p class=\"fig-paragraph\">Con\u00e7u \u00e0 partir de mat\u00e9riaux de r\u00e9cup\u00e9ration, le Martin-p\u00eacheur a co\u00fbt\u00e9 8000 euros \u00e0 la Ville. Et a n\u00e9cessit\u00e9 pr\u00e8s de trois semaines de travail du collectif Artimuse, un duo d\u2019artistes de Roubaix \u00e0 qui la municipalit\u00e9 a command\u00e9 ce projet. \u00abOn nous a demand\u00e9 une sculpture sur la th\u00e9matique de la nature. On a explor\u00e9 la piste d\u2019un animal pr\u00e9sent sur le parc\u00bb, raconte Simon Durand, l\u2019un des deux artistes, joint par t\u00e9l\u00e9phone. Pendant une semaine, avec sa coll\u00e8gue M\u00e9li Juestz, ils ont op\u00e9r\u00e9 un laborieux travail de pr\u00e9paration, consistant \u00e0 peindre au moins cent cagettes en bois. Avant de venir sur place les installer pendant quinze jours de mani\u00e8re \u00e0 reproduire la forme d\u2019un martin-p\u00eacheur.<\/p>\n<p class=\"fig-paragraph\">\u00abOn estime que sans d\u00e9gradation de la part d\u2019\u00eatres humains, notre travail dure entre 3 et 4 ans. Mais parfois, cela peut durer plus\u00bb, rapporte le sculpteur. En l\u2019occurrence, l\u2019\u0153uvre nazairienne n\u2019aura dur\u00e9 que deux mois. \u00abOn n\u2019est pas dans un \u00e9tat de choc car cela est d\u00e9j\u00e0 arriv\u00e9\u00bb, nuance Simon Durand. Une fois, une de leurs \u0153uvres a m\u00eame br\u00fbl\u00e9, incendi\u00e9e par une personne victime de probl\u00e8mes psychiatriques.<\/p>\n<p>Volont\u00e9 de r\u00e9parer l\u2019\u0153uvre<\/p>\n<p class=\"fig-paragraph\">\u00abEn travaillant dans l\u2019espace public, il y a la volont\u00e9 d\u2019offrir au public cette installation. Et on sait que toutes les r\u00e9actions sont possibles. On ne ma\u00eetrise pas le bon vouloir des gens de la respecter, ni la curiosit\u00e9 de certains de savoir comment cela a \u00e9t\u00e9 fabriqu\u00e9, ni la b\u00eatise\u00bb, souligne Simon Durand, tout en comprenant \u00able choc que cela peut susciter chez d\u2019autres\u00bb.<\/p>\n<p class=\"fig-paragraph\">\u00ab\u00c9videmment, ce n\u2019est pas agr\u00e9able de savoir qu\u2019une d\u00e9gradation est commise. La sculpture m\u00e9rite d\u2019\u00eatre r\u00e9par\u00e9e\u00bb, ajoute-t-il. \u00abIl faut montrer \u00e0 ceux qui l\u2019ont d\u00e9grad\u00e9e que leur geste est vain. Si on doit repasser 15 fois, on repassera\u00a0!\u00bb. \u00abNous sommes en discussion avec les artistes pour envisager une possible restauration de l\u2019\u0153uvre. La Ville affirme sa volont\u00e9 de proc\u00e9der \u00e0 cette r\u00e9novation\u00bb, abonde le service presse de la ville nazairienne, sollicit\u00e9 par Le Figaro. En revanche, le choix d\u2019aller porter plainte n\u2019a pas encore \u00e9t\u00e9 d\u00e9cid\u00e9.<\/p>\n","protected":false},"excerpt":{"rendered":"Une sculpture repr\u00e9sentant un Martin-p\u00eacheur, fabriqu\u00e9e avec des cagettes en bois, a \u00e9t\u00e9 \u00e9ventr\u00e9e. Le maire de la&hellip;\n","protected":false},"author":2,"featured_media":268381,"comment_status":"","ping_status":"","sticky":false,"template":"","format":"standard","meta":{"footnotes":""},"categories":[1358],"tags":[1348,1384,1385,251,1386,58,59,1011,27],"class_list":{"0":"post-268380","1":"post","2":"type-post","3":"status-publish","4":"format-standard","5":"has-post-thumbnail","7":"category-arts-et-design","8":"tag-arts","9":"tag-arts-and-design","10":"tag-arts-et-design","11":"tag-culture","12":"tag-design","13":"tag-divertissement","14":"tag-entertainment","15":"tag-fr","16":"tag-france"},"share_on_mastodon":{"url":"https:\/\/pubeurope.com\/@fr\/114903397437078260","error":""},"_links":{"self":[{"href":"https:\/\/www.europesays.com\/fr\/wp-json\/wp\/v2\/posts\/268380","targetHints":{"allow":["GET"]}}],"collection":[{"href":"https:\/\/www.europesays.com\/fr\/wp-json\/wp\/v2\/posts"}],"about":[{"href":"https:\/\/www.europesays.com\/fr\/wp-json\/wp\/v2\/types\/post"}],"author":[{"embeddable":true,"href":"https:\/\/www.europesays.com\/fr\/wp-json\/wp\/v2\/users\/2"}],"replies":[{"embeddable":true,"href":"https:\/\/www.europesays.com\/fr\/wp-json\/wp\/v2\/comments?post=268380"}],"version-history":[{"count":0,"href":"https:\/\/www.europesays.com\/fr\/wp-json\/wp\/v2\/posts\/268380\/revisions"}],"wp:featuredmedia":[{"embeddable":true,"href":"https:\/\/www.europesays.com\/fr\/wp-json\/wp\/v2\/media\/268381"}],"wp:attachment":[{"href":"https:\/\/www.europesays.com\/fr\/wp-json\/wp\/v2\/media?parent=268380"}],"wp:term":[{"taxonomy":"category","embeddable":true,"href":"https:\/\/www.europesays.com\/fr\/wp-json\/wp\/v2\/categories?post=268380"},{"taxonomy":"post_tag","embeddable":true,"href":"https:\/\/www.europesays.com\/fr\/wp-json\/wp\/v2\/tags?post=268380"}],"curies":[{"name":"wp","href":"https:\/\/api.w.org\/{rel}","templated":true}]}}