{"id":268382,"date":"2025-07-23T16:04:13","date_gmt":"2025-07-23T16:04:13","guid":{"rendered":"https:\/\/www.europesays.com\/fr\/268382\/"},"modified":"2025-07-23T16:04:13","modified_gmt":"2025-07-23T16:04:13","slug":"guer-pour-financer-son-nouveau-livre-philippe-lecuyer-cherche-des-partenaires","status":"publish","type":"post","link":"https:\/\/www.europesays.com\/fr\/268382\/","title":{"rendered":"Guer. Pour financer son nouveau livre, Philippe L\u00e9cuyer cherche des partenaires"},"content":{"rendered":"<p class=\"main-default-container__main-cat\"><a href=\"https:\/\/www.lesinfosdupaysgallo.com\/category\/oust-a-broceliande\/\" rel=\"nofollow noopener\" target=\"_blank\">Oust \u00e0 Broc\u00e9liande<\/a><\/p>\n<p class=\"main-default-container__date\">Publi\u00e9 le 23 juillet 2025<\/p>\n<p><img loading=\"lazy\" decoding=\"async\" width=\"820\" height=\"615\" src=\"https:\/\/www.europesays.com\/fr\/wp-content\/uploads\/2025\/07\/IMG_4823-1-820x615.jpeg\" alt=\"\" class=\"wp-image-235607\"  \/>Philippe L\u00e9cuyer cherche des partenaires pour financer son dernier ouvrage consacr\u00e9 aux secrets des plantes et des sorciers<\/p>\n<p>Entre Bretagne et Normandie, un tr\u00e9sor de savoirs anciens attend de voir le jour.\u00a0C\u2019est l\u2019ambition de Philippe L\u00e9cuyer, passionn\u00e9 par les traditions populaires, les dictons, les rem\u00e8des ancestraux et les croyances li\u00e9es aux plantes m\u00e9dicinales. Il a d\u00e9j\u00e0 publi\u00e9 des ouvrages d\u2019histoire locale, une trilogie qui a connu un grand succ\u00e8s (*). Il lance aujourd\u2019hui un appel aux m\u00e9c\u00e8nes et partenaires pour finaliser l\u2019\u00e9dition d\u2019un ouvrage unique, d\u00e9j\u00e0 pr\u00eat \u00e0 l\u2019impression :\u00a0\u00ab\u00a0L\u2019Almanach des temps, Les secrets des plantes\u00ab\u00a0, un recueil de 122 pages en couleur, au format A4, qui rassemble un v\u00e9ritable patrimoine immat\u00e9riel transmis de g\u00e9n\u00e9ration en g\u00e9n\u00e9ration.<\/p>\n<p>Un projet patrimonial enracin\u00e9 dans la m\u00e9moire populaire<\/p>\n<p>N\u00e9 de souvenirs personnels et d\u2019un h\u00e9ritage familial pr\u00e9cieux, ce livre s\u2019inspire de la figure marquante du grand-p\u00e8re de Philippe, surnomm\u00e9 \u00c9mile, un Normand impr\u00e9gn\u00e9 de rites anciens, de superstitions et de savoir-faire naturels. L\u2019auteur y restitue l\u2019univers de la campagne d\u2019autrefois, o\u00f9 la veill\u00e9e rempla\u00e7ait la t\u00e9l\u00e9vision, o\u00f9 les corbeaux annon\u00e7aient les pr\u00e9sages, et o\u00f9 les plantes gu\u00e9rissaient maux du corps et de l\u2019\u00e2me.<\/p>\n<p>Richement illustr\u00e9, ce recueil m\u00eale anecdotes, l\u00e9gendes, recettes anciennes, dictons populaires, usages des plantes m\u00e9dicinales, traditions paysannes et croyances locales. Une grande partie du contenu est issue de documents rares du XIXe si\u00e8cle (comme l\u2019Almanach Vermot 1886 ou Le Chasseur Fran\u00e7ais 1885), de grimoires familiaux, ou de souvenirs collect\u00e9s en Bretagne et en Normandie.<\/p>\n<p>Une pr\u00e9servation culturelle n\u00e9cessaire<\/p>\n<p>Dans un monde o\u00f9 la transmission orale s\u2019efface peu \u00e0 peu, Philippe L\u00e9cuyer souhaite sauver ces savoirs de l\u2019oubli. Plus qu\u2019un livre,\u00a0Les secrets des plantes\u00a0est un t\u00e9moignage culturel, un hommage \u00e0 la sagesse populaire. Il ne s\u2019agit pas de proposer des rem\u00e8des miracles, mais de faire revivre une \u00e9poque o\u00f9 la nature \u00e9tait respect\u00e9e, connue et int\u00e9gr\u00e9e dans le quotidien.<\/p>\n<p>Il ne manque plus que le financement<\/p>\n<p>Le manuscrit est achev\u00e9, la maquette finalis\u00e9e. Ne manque plus que le financement pour lancer l\u2019impression. C\u2019est pourquoi Philippe L\u00e9cuyer cherche aujourd\u2019hui \u00e0 \u00e9tablir des partenariats. Il verrait bien, par exemple, une collaboration avec un groupe tel que\u00a0Yves Rocher, dont les origines ancr\u00e9es dans l\u2019herboristerie font \u00e9cho au contenu du livre. Mais bien d\u2019autres entreprises engag\u00e9es dans la valorisation du patrimoine, la nature, ou le bien-\u00eatre pourraient \u00e9galement s\u2019associer \u00e0 cette aventure \u00e9ditoriale hors du commun.<\/p>\n<p>Un sommaire riche et vari\u00e9<\/p>\n<p>Le livre se structure en plusieurs grandes th\u00e9matiques :<\/p>\n<ul class=\"wp-block-list\">\n<li>Herboristes et rem\u00e8des traditionnels<\/li>\n<li>Plantes m\u00e9dicinales : secrets, pr\u00e9parations, usages<\/li>\n<li>Sorcellerie, rebouteux, gu\u00e9risseurs<\/li>\n<li>Proverbes, dictons, superstitions, saints du calendrier<\/li>\n<li>Vie quotidienne \u00e0 la campagne : alimentation, soins aux animaux, alcools maison<\/li>\n<li>Croyances populaires et traditions rurales<\/li>\n<\/ul>\n<p>Chaque page respire l\u2019authenticit\u00e9 d\u2019un monde disparu, mais dont l\u2019essence m\u00e9rite d\u2019\u00eatre conserv\u00e9e.<\/p>\n<p>Comment soutenir ce projet<\/p>\n<p>Vous \u00eates une entreprise engag\u00e9e, un amoureux des traditions ou un m\u00e9c\u00e8ne sensible au patrimoine culturel ? Vous pouvez jouer un r\u00f4le d\u00e9cisif dans la naissance de ce livre. Pour plus d\u2019informations sur le projet ou pour entrer en contact avec Philippe L\u00e9cuyer, merci d\u2019\u00e9crire \u00e0 :\u00a0<a href=\"https:\/\/www.lesinfosdupaysgallo.com\/2025\/07\/23\/guer-pour-financer-son-nouveau-livre-philippe-lecuyer-cherche-des-partenaires\/fulup-breizh@laposte.net\" rel=\"nofollow noopener\" target=\"_blank\"><strong>fulup-breizh@laposte.net<\/strong><\/a><\/p>\n<p>(*)M\u00e9moire de n\u2019\u00e0 Guer; L\u2019int\u00e9grale des m\u00e9moires de nagu\u00e8re; M\u00e9moire de nagu\u00e8re la guerre de 39\/45).<\/p>\n<p><img loading=\"lazy\" decoding=\"async\" width=\"604\" height=\"853\" src=\"https:\/\/www.europesays.com\/fr\/wp-content\/uploads\/2025\/07\/Capture-decran-2025-07-15-a-14.20.48.png\" alt=\"\" class=\"wp-image-235609\"  \/><\/p>\n","protected":false},"excerpt":{"rendered":"Oust \u00e0 Broc\u00e9liande Publi\u00e9 le 23 juillet 2025 Philippe L\u00e9cuyer cherche des partenaires pour financer son dernier ouvrage&hellip;\n","protected":false},"author":2,"featured_media":268383,"comment_status":"","ping_status":"","sticky":false,"template":"","format":"standard","meta":{"footnotes":""},"categories":[1357],"tags":[1379,58,59,1011,27,1380],"class_list":{"0":"post-268382","1":"post","2":"type-post","3":"status-publish","4":"format-standard","5":"has-post-thumbnail","7":"category-livres","8":"tag-books","9":"tag-divertissement","10":"tag-entertainment","11":"tag-fr","12":"tag-france","13":"tag-livres"},"share_on_mastodon":{"url":"https:\/\/pubeurope.com\/@fr\/114903401572187871","error":""},"_links":{"self":[{"href":"https:\/\/www.europesays.com\/fr\/wp-json\/wp\/v2\/posts\/268382","targetHints":{"allow":["GET"]}}],"collection":[{"href":"https:\/\/www.europesays.com\/fr\/wp-json\/wp\/v2\/posts"}],"about":[{"href":"https:\/\/www.europesays.com\/fr\/wp-json\/wp\/v2\/types\/post"}],"author":[{"embeddable":true,"href":"https:\/\/www.europesays.com\/fr\/wp-json\/wp\/v2\/users\/2"}],"replies":[{"embeddable":true,"href":"https:\/\/www.europesays.com\/fr\/wp-json\/wp\/v2\/comments?post=268382"}],"version-history":[{"count":0,"href":"https:\/\/www.europesays.com\/fr\/wp-json\/wp\/v2\/posts\/268382\/revisions"}],"wp:featuredmedia":[{"embeddable":true,"href":"https:\/\/www.europesays.com\/fr\/wp-json\/wp\/v2\/media\/268383"}],"wp:attachment":[{"href":"https:\/\/www.europesays.com\/fr\/wp-json\/wp\/v2\/media?parent=268382"}],"wp:term":[{"taxonomy":"category","embeddable":true,"href":"https:\/\/www.europesays.com\/fr\/wp-json\/wp\/v2\/categories?post=268382"},{"taxonomy":"post_tag","embeddable":true,"href":"https:\/\/www.europesays.com\/fr\/wp-json\/wp\/v2\/tags?post=268382"}],"curies":[{"name":"wp","href":"https:\/\/api.w.org\/{rel}","templated":true}]}}