{"id":268384,"date":"2025-07-23T16:05:10","date_gmt":"2025-07-23T16:05:10","guid":{"rendered":"https:\/\/www.europesays.com\/fr\/268384\/"},"modified":"2025-07-23T16:05:10","modified_gmt":"2025-07-23T16:05:10","slug":"je-vous-laisse-deviner-qui-vient-a-la-ferme-eva-longoria-en-visite-chez-une-ex-candidate-de-lamour-est-dans-le-pre","status":"publish","type":"post","link":"https:\/\/www.europesays.com\/fr\/268384\/","title":{"rendered":"\u00ab\u00a0Je vous laisse deviner qui vient \u00e0 la ferme\u00a0!\u00a0\u00bb\u00a0: Eva Longoria en visite chez une ex-candidate de l\u2019Amour est dans le pr\u00e9"},"content":{"rendered":"<p class=\"paragraph text_align_left lp-f-body-02\">Elles avaient peu de chances de se croiser si ce n\u2019est qu\u2019elles sont toutes les deux connues pour leurs prestations t\u00e9l\u00e9vis\u00e9es. L\u2019une est une star mondiale depuis qu\u2019elle a incarn\u00e9 Gabrielle Solis dans \u00ab Desperate Housewives \u00bb, l\u2019autre a \u00e9t\u00e9 l\u2019une des candidates de <a href=\"https:\/\/www.leparisien.fr\/culture-loisirs\/tv\/lamour-est-dans-le-pre-mais-pourquoi-se-disputent-ils-autant-au-moment-de-faire-les-courses-25-09-2023-DLLG5W66ABBMPLPUZVHZCQ7X7Y.php\" target=\"_self\" rel=\"nofollow noopener\">la saison 18 de \u00ab L\u2019Amour est dans le Pr\u00e9 \u00bb (2023)<\/a>.<\/p>\n<p class=\"paragraph text_align_left lp-f-body-02\">L\u2019actrice am\u00e9ricaine Eva Longoria a rendu visite \u00e0 l\u2019\u00e9leveuse d\u2019escargots Perrine Doudin dans son exploitation de Flavigny-sur-Ozerain (C\u00f4te-d\u2019Or).<\/p>\n<p>\u00ab Eva a ador\u00e9 les escargots \u00bb<\/p>\n<p class=\"paragraph text_align_left lp-f-body-02\">En t\u00e9moignent des photos diffus\u00e9es sur le compte Instagram de l\u2019h\u00e9licicultrice et rep\u00e9r\u00e9es par le <a href=\"https:\/\/www.bienpublic.com\/societe\/2025\/07\/21\/apres-son-passage-a-dijon-eva-longoria-rend-visite-a-perrine-de-l-amour-est-dans-le-pre\" target=\"_blank\" rel=\"noreferrer nofollow noopener\">Bien Public<\/a> qui avait commenc\u00e9 par interpeller ses abonn\u00e9s : \u00ab Je vous laisse deviner qui vient \u00e0 la ferme ! \u00bb<\/p>\n<p class=\"paragraph text_align_left lp-f-body-02\">\u00ab Eva a ador\u00e9 les escargots \u00bb, a publi\u00e9 samedi l\u2019\u00e9leveuse \u00e0 l\u2019issue de la rencontre (dont la date n\u2019a pas \u00e9t\u00e9 pr\u00e9cis\u00e9e), accompagnant son message d\u2019une photo avec l\u2019actrice am\u00e9ricaine.<\/p>\n<p class=\"paragraph text_align_left lp-f-body-02\">En partant, Eva Longoria a laiss\u00e9 une d\u00e9dicace \u00e0 <a href=\"https:\/\/www.leparisien.fr\/culture-loisirs\/mesdames-on-attend-vos-courrier-antoine-de-lamour-est-dans-le-pre-na-recu-aucun-courrier-m6-lance-un-appel-21-05-2025-RV2QATNF5BC6ZFGIYAUYOCO3JI.php\" target=\"_blank\" rel=\"noreferrer nofollow noopener\">l\u2019ancienne candidate<\/a> de l\u2019Amour est dans le pr\u00e9 : \u00ab Perrine, merci beaucoup ! Tu as les meilleurs escargots du monde ! Gros bisous ! \u00bb<\/p>\n<p>Une visite dans le cadre d\u2019une \u00e9mission culinaire<\/p>\n<p class=\"paragraph text_align_left lp-f-body-02\">Apr\u00e8s \u00ab Searching for Spain \u00bb, Eva Longoria voyage depuis quelques mois en France pour le tournage d\u2019une \u00e9mission culinaire de la cha\u00eene am\u00e9ricaine CNN. \u00ab La France est depuis longtemps un pilier de la cuisine mondiale, et je suis ravi de m\u2019associer \u00e0 CNN pour ce nouveau chapitre de notre aventure culinaire et culturelle\u201a se r\u00e9jouissait l\u2019actrice cit\u00e9e par le <a href=\"https:\/\/www.hollywoodreporter.com\/tv\/tv-news\/eva-longoria-searching-for-france-cnn-1236215484\/\" target=\"_blank\" rel=\"noreferrer nofollow noopener\">Hollywood Reporter<\/a> en mai dernier.<\/p>\n<p class=\"paragraph text_align_left lp-f-body-02\">Et de d\u00e9tailler : \u00ab J\u2019ai h\u00e2te de me plonger dans les riches traditions gastronomiques du pays, de revisiter les r\u00e9gions qui ont fa\u00e7onn\u00e9 mon palais et ma passion, et de c\u00e9l\u00e9brer l\u2019art et le patrimoine qui font de la cuisine et de la culture fran\u00e7aises un symbole et une influence ind\u00e9l\u00e9biles dans les cuisines du monde entier. \u00bb Il faudra attendre pour voir les \u00e9pisodes de \u00ab Searching for France \u00bb, leur diffusion sur CNN n\u2019est pr\u00e9vue qu\u2019en 2026.<\/p>\n","protected":false},"excerpt":{"rendered":"Elles avaient peu de chances de se croiser si ce n\u2019est qu\u2019elles sont toutes les deux connues pour&hellip;\n","protected":false},"author":2,"featured_media":268385,"comment_status":"","ping_status":"","sticky":false,"template":"","format":"standard","meta":{"footnotes":""},"categories":[1356],"tags":[872,58,59,1011,27,252,2205,1364],"class_list":{"0":"post-268384","1":"post","2":"type-post","3":"status-publish","4":"format-standard","5":"has-post-thumbnail","7":"category-television","8":"tag-culture-et-loisirs","9":"tag-divertissement","10":"tag-entertainment","11":"tag-fr","12":"tag-france","13":"tag-television","14":"tag-television-medias","15":"tag-tv"},"share_on_mastodon":{"url":"https:\/\/pubeurope.com\/@fr\/114903405321559308","error":""},"_links":{"self":[{"href":"https:\/\/www.europesays.com\/fr\/wp-json\/wp\/v2\/posts\/268384","targetHints":{"allow":["GET"]}}],"collection":[{"href":"https:\/\/www.europesays.com\/fr\/wp-json\/wp\/v2\/posts"}],"about":[{"href":"https:\/\/www.europesays.com\/fr\/wp-json\/wp\/v2\/types\/post"}],"author":[{"embeddable":true,"href":"https:\/\/www.europesays.com\/fr\/wp-json\/wp\/v2\/users\/2"}],"replies":[{"embeddable":true,"href":"https:\/\/www.europesays.com\/fr\/wp-json\/wp\/v2\/comments?post=268384"}],"version-history":[{"count":0,"href":"https:\/\/www.europesays.com\/fr\/wp-json\/wp\/v2\/posts\/268384\/revisions"}],"wp:featuredmedia":[{"embeddable":true,"href":"https:\/\/www.europesays.com\/fr\/wp-json\/wp\/v2\/media\/268385"}],"wp:attachment":[{"href":"https:\/\/www.europesays.com\/fr\/wp-json\/wp\/v2\/media?parent=268384"}],"wp:term":[{"taxonomy":"category","embeddable":true,"href":"https:\/\/www.europesays.com\/fr\/wp-json\/wp\/v2\/categories?post=268384"},{"taxonomy":"post_tag","embeddable":true,"href":"https:\/\/www.europesays.com\/fr\/wp-json\/wp\/v2\/tags?post=268384"}],"curies":[{"name":"wp","href":"https:\/\/api.w.org\/{rel}","templated":true}]}}