{"id":268390,"date":"2025-07-23T16:08:07","date_gmt":"2025-07-23T16:08:07","guid":{"rendered":"https:\/\/www.europesays.com\/fr\/268390\/"},"modified":"2025-07-23T16:08:07","modified_gmt":"2025-07-23T16:08:07","slug":"cest-primordial-de-dire-aux-patients-que-leur-douleur-est-reelle-la-fibromyalgie-une-maladie-sans-lesions-mais-enfin-reconnue-le-figaro-sante","status":"publish","type":"post","link":"https:\/\/www.europesays.com\/fr\/268390\/","title":{"rendered":"\u00abC\u2019est primordial de dire aux patients que leur douleur est r\u00e9elle\u00bb: la fibromyalgie, une maladie sans l\u00e9sions, mais enfin reconnue &#8211; Le Figaro Sant\u00e9"},"content":{"rendered":"<ol>\n<li><a href=\"https:\/\/news.google.com\/rss\/articles\/CBMi_wFBVV95cUxPQTFNS0ZrcE9Ib0FBeU1QdDlRR0hLckMzSHQ2TnpkN1VjUWJWWUhnNGhhcU5ybG4tRElGSW5iMnlFOVIzOWFCTU1HWjFSbEVncC1FR2lpTmhIWTNTamZTbWppSjZ0dEJteXYyNHhfUDFjS3lQcnRjeTN4QXRxUWVKZ0xlWXY0aXY3b1E2YnljSmltaGFORTZmN19NZUdmZnhsUHVudklwbzZ3eHg2ZVlnY0FDOU1SYndQM0V3Z050VHJnS1c0aTd2czVHRDh1Nm1NRHJJNFNQRDNWODBuSGY0WURZRDFVUzRYR01ETWNUeTZPV0h6ZmphSXJCbVBRMkE?oc=5\" target=\"_blank\" rel=\"nofollow noopener\">\u00abC\u2019est primordial de dire aux patients que leur douleur est r\u00e9elle\u00bb: la fibromyalgie, une maladie sans l\u00e9sions, mais enfin reconnue<\/a>&nbsp;&nbsp;Le Figaro Sant\u00e9<\/li>\n<li><a href=\"https:\/\/news.google.com\/rss\/articles\/CBMipgFBVV95cUxQY0lmLUUtWDAxZzcyRUhDYTJ1TWZCb1djNlBLa3B6Z0NiMHd3WVRZOHd3RmhRbExLYnVUN3NIWEVMaVFHOV9hSUVBM1gyODdYamp6UlJYcXNJcUFSX3ZYRjVKQlo4ZFlTQ185dlM4UHZrbE5RRmVpekVScHhKV0g5VXlUQ01HeTBKWnFnQkVXTlF2bUFNWmVKM2NXUjZnZ2lZRUM4UVNB?oc=5\" target=\"_blank\" rel=\"nofollow noopener\">Recommandations HAS \u2013 Fibromyalgie : comment vivre avec la douleur ?<\/a>&nbsp;&nbsp;Univadis<\/li>\n<li><a href=\"https:\/\/news.google.com\/rss\/articles\/CBMijgFBVV95cUxPWXZwVTZZOEFhYUMteHNhcHFuY1Z0cHphbjZHZS1rTHBFWFd2VFV0ZlRfalctQWtIV18yTDdwZ2JMS0RhOF9vV1J5WTgyNVlSOW1zU2o0aEprOTM5c0tPUTBfeW1pbl9vUy1iNEN2R1pwaHVQWjU2Z2FrQUt2UDFyeGNxYVE2cVhCOU5CbW1R0gGTAUFVX3lxTE5YT0hKaldoNzJVWjRSbWlBdDhLbjFPbUV5MWttTGI0T2IxMWJhdDJjR0FGVmo5UUgwdzViMmdZVUt6QlJ5Wm1lbjZ1Tm9KOWRad212V1A1UG1SZ1RQMWZoLWxKZmVnejQyWlZBcVBHNFdiU05PWTFIWXVoaEpWdmdvbWFTeV92NFFfTjdtM1dvcUpBQQ?oc=5\" target=\"_blank\" rel=\"nofollow noopener\">Fibromyalgie : tout ce qu\u2019il faut savoir sur cette maladie \u00abdouloureuse mais invisible\u00bb<\/a>&nbsp;&nbsp;Le Matin.ma<\/li>\n<li><a href=\"https:\/\/news.google.com\/rss\/articles\/CBMihAJBVV95cUxNZnNHckI4MkdNRG9GYmN5M1ltSDNQLS1xRjRyVEttS3VTLVU1MGNWX3QxYS1rWjVDamRjV2NZbmR4djVYQzhfU3N3NmZadUtZblZLN0w0bGVVX1E4SE9RT1YzcWNUZzNOMDd5N0dyaHZvMVlpdklyWWZYZFJtUFlBd2g4bURSeVJYUXZfV2pIaFJteWxHR2NMVXRLUW53cXFBQnhiSlF3YTAwV0w0WHotZDYyVEplVzZtRTZBUDYxMl9kLTdDTk42bVc4U1phQlRFdjlaazJNbEJRQjlLQ0RaMXJDUzZWQW43ZFUzMG4tQ1U3ZFVQcEZYT283NmFQb0k1Nkw2cw?oc=5\" target=\"_blank\" rel=\"nofollow noopener\">Fibromyalgie : enfin une meilleure prise en charge de cette pathologie chronique gr\u00e2ce \u00e0 cette activit\u00e9 du quotidien<\/a>&nbsp;&nbsp;Medisite<\/li>\n<\/ol>\n","protected":false},"excerpt":{"rendered":"\u00abC\u2019est primordial de dire aux patients que leur douleur est r\u00e9elle\u00bb: la fibromyalgie, une maladie sans l\u00e9sions, mais&hellip;\n","protected":false},"author":2,"featured_media":1445,"comment_status":"","ping_status":"","sticky":false,"template":"","format":"standard","meta":{"footnotes":""},"categories":[10],"tags":[1011,27,72,71],"class_list":{"0":"post-268390","1":"post","2":"type-post","3":"status-publish","4":"format-standard","5":"has-post-thumbnail","7":"category-sante","8":"tag-fr","9":"tag-france","10":"tag-health","11":"tag-sante"},"share_on_mastodon":{"url":"https:\/\/pubeurope.com\/@fr\/114903417075127981","error":""},"_links":{"self":[{"href":"https:\/\/www.europesays.com\/fr\/wp-json\/wp\/v2\/posts\/268390","targetHints":{"allow":["GET"]}}],"collection":[{"href":"https:\/\/www.europesays.com\/fr\/wp-json\/wp\/v2\/posts"}],"about":[{"href":"https:\/\/www.europesays.com\/fr\/wp-json\/wp\/v2\/types\/post"}],"author":[{"embeddable":true,"href":"https:\/\/www.europesays.com\/fr\/wp-json\/wp\/v2\/users\/2"}],"replies":[{"embeddable":true,"href":"https:\/\/www.europesays.com\/fr\/wp-json\/wp\/v2\/comments?post=268390"}],"version-history":[{"count":0,"href":"https:\/\/www.europesays.com\/fr\/wp-json\/wp\/v2\/posts\/268390\/revisions"}],"wp:featuredmedia":[{"embeddable":true,"href":"https:\/\/www.europesays.com\/fr\/wp-json\/wp\/v2\/media\/1445"}],"wp:attachment":[{"href":"https:\/\/www.europesays.com\/fr\/wp-json\/wp\/v2\/media?parent=268390"}],"wp:term":[{"taxonomy":"category","embeddable":true,"href":"https:\/\/www.europesays.com\/fr\/wp-json\/wp\/v2\/categories?post=268390"},{"taxonomy":"post_tag","embeddable":true,"href":"https:\/\/www.europesays.com\/fr\/wp-json\/wp\/v2\/tags?post=268390"}],"curies":[{"name":"wp","href":"https:\/\/api.w.org\/{rel}","templated":true}]}}