{"id":268395,"date":"2025-07-23T16:11:11","date_gmt":"2025-07-23T16:11:11","guid":{"rendered":"https:\/\/www.europesays.com\/fr\/268395\/"},"modified":"2025-07-23T16:11:11","modified_gmt":"2025-07-23T16:11:11","slug":"ces-vieux-panneaux-solaires-font-des-miracles-transformer-le-co2-des-centrales-electriques-en-produits-chimiques-precieux-une-avancee-incroyable-de-lenergie-verte","status":"publish","type":"post","link":"https:\/\/www.europesays.com\/fr\/268395\/","title":{"rendered":"\u00ab Ces vieux panneaux solaires font des miracles \u00bb : transformer le CO2 des centrales \u00e9lectriques en produits chimiques pr\u00e9cieux, une avanc\u00e9e incroyable de l\u2019\u00e9nergie verte"},"content":{"rendered":"<tr>\n<td><strong>EN BREF<\/strong><\/td>\n<\/tr>\n<tr>\n<td>\n<ul>\n<li>\ud83d\udd04 Des chercheurs japonais ont d\u00e9couvert une m\u00e9thode pour recycler les panneaux solaires usag\u00e9s afin de convertir le <strong>CO2<\/strong> en compos\u00e9s chimiques pr\u00e9cieux.<\/li>\n<li>\ud83c\udf31 Cette technique utilise des wafers de silicium provenant de panneaux solaires et des gaz d\u2019\u00e9chappement contenant 14 % de <strong>CO2<\/strong>.<\/li>\n<li>\ud83d\udd2c Le processus produit de l\u2019acide formique et du formamide, des substances utilis\u00e9es dans divers secteurs industriels.<\/li>\n<li>\ud83c\udf0d La m\u00e9thode propose une solution double-d\u00e9chet, r\u00e9duisant \u00e0 la fois les \u00e9missions de <strong>CO2<\/strong> et la quantit\u00e9 de panneaux solaires mis en d\u00e9charge.<\/li>\n<\/ul>\n<\/td>\n<\/tr>\n<p>Les avanc\u00e9es technologiques surprennent souvent par leur capacit\u00e9 \u00e0 transformer des d\u00e9fis environnementaux en opportunit\u00e9s. Une \u00e9quipe de chercheurs japonais a r\u00e9cemment d\u00e9montr\u00e9 qu\u2019il \u00e9tait possible de recycler des panneaux solaires usag\u00e9s pour convertir le dioxyde de carbone (CO2) provenant des centrales \u00e9lectriques en compos\u00e9s organiques pr\u00e9cieux. Cette d\u00e9couverte offre une double solution : r\u00e9duire les gaz \u00e0 effet de serre tout en donnant une nouvelle vie \u00e0 des mat\u00e9riaux destin\u00e9s \u00e0 \u00eatre jet\u00e9s.<\/p>\n<p>Les \u00e9missions des centrales \u00e9lectriques deviennent des mati\u00e8res premi\u00e8res chimiques<\/p>\n<p>Le dioxyde de carbone est un gaz \u00e0 effet de serre bien connu pour son r\u00f4le dans le changement climatique. Traditionnellement, les scientifiques du climat se sont concentr\u00e9s sur sa capture et son stockage. Cependant, cette nouvelle recherche franchit une \u00e9tape suppl\u00e9mentaire en le transformant en quelque chose de pr\u00e9cieux. L\u2019\u00e9quipe a utilis\u00e9 des gaz d\u2019\u00e9chappement r\u00e9els d\u2019une centrale thermique, contenant environ 14 % de CO2, en combinaison avec de l\u2019eau, un catalyseur appel\u00e9 fluorure de t\u00e9trabutylammonium, et de la poudre de silicium recycl\u00e9e.<\/p>\n<p>La poudre de silicium provenait de wafers de panneaux solaires broy\u00e9s, qui ont \u00e9t\u00e9 trait\u00e9s avec de l\u2019acide chlorhydrique (HCl) pour am\u00e9liorer leur performance. Ce pr\u00e9traitement a permis d\u2019\u00e9liminer l\u2019aluminium de la surface des wafers, rendant la r\u00e9action plus efficace. Sans n\u00e9cessit\u00e9 de s\u00e9parer et purifier le CO2 des gaz d\u2019\u00e9chappement, cette m\u00e9thode pourrait \u00eatre appliqu\u00e9e directement sur des sites industriels, r\u00e9duisant ainsi les co\u00fbts et les complexit\u00e9s li\u00e9es aux \u00e9quipements de s\u00e9paration co\u00fbteux.<\/p>\n<blockquote class=\"wp-embedded-content\" data-secret=\"bStQPVUbpG\">\n<p><a href=\"https:\/\/www.innovant.fr\/2025\/07\/11\/on-enterre-tesla-pour-de-bon-un-ingenieur-chinois-revele-lhybride-byd-capable-de-rouler-2-000-km-sans-recharge-grace-a-une-batterie-lfp-revolutionnaire\/\" rel=\"nofollow noopener\" target=\"_blank\">\u00ab On enterre Tesla pour de bon \u00bb : un ing\u00e9nieur chinois r\u00e9v\u00e8le l\u2019hybride BYD capable de rouler 2 000 km sans recharge gr\u00e2ce \u00e0 une batterie LFP r\u00e9volutionnaire<\/a><\/p>\n<\/blockquote>\n<p>Acide formique et formamide : des produits chimiques de valeur<\/p>\n<p>Le r\u00e9sultat de cette r\u00e9action est impressionnant. L\u2019\u00e9quipe a r\u00e9ussi \u00e0 produire de l\u2019acide formique avec des rendements atteignant 73 %. L\u2019acide formique est utilis\u00e9 dans une vaste gamme d\u2019industries, allant de l\u2019agriculture au textile. De plus, le processus a \u00e9galement g\u00e9n\u00e9r\u00e9 du formamide, un compos\u00e9 utilis\u00e9 dans l\u2019industrie pharmaceutique et la fabrication de produits chimiques.<\/p>\n<p>Ce processus chimique repose sur la capacit\u00e9 naturelle du silicium \u00e0 donner des \u00e9lectrons. Lorsque le CO2 interagit avec le silicium pr\u00e9trait\u00e9, les \u00e9lectrons suppl\u00e9mentaires aident \u00e0 d\u00e9composer et \u00e0 reconstruire les mol\u00e9cules en formes plus complexes et utiles. Cette r\u00e9action est \u00e9nerg\u00e9tiquement favorable, ce qui signifie qu\u2019elle ne n\u00e9cessite pas de chaleur ou de pression extr\u00eame pour se produire, offrant ainsi une m\u00e9thode \u00e9cologique et \u00e9conomique pour traiter les \u00e9missions de CO2.<\/p>\n<blockquote class=\"wp-embedded-content\" data-secret=\"MVuP1eMxEX\">\n<p><a href=\"https:\/\/www.innovant.fr\/2025\/07\/21\/meme-tesla-na-pas-tenu-aussi-longtemps-une-batterie-autrichienne-contenant-du-bois-et-du-liege-pulverise-tous-les-tests-dincendie-connus\/\" rel=\"nofollow noopener\" target=\"_blank\">\u00ab M\u00eame Tesla n\u2019a pas tenu aussi longtemps \u00bb : une batterie autrichienne contenant du bois et du li\u00e8ge pulv\u00e9rise tous les tests d\u2019incendie connus<\/a><\/p>\n<\/blockquote>\n<p>Une solution double-d\u00e9chet pour un avenir plus vert<\/p>\n<p>L\u2019Agence internationale pour les \u00e9nergies renouvelables (IRENA) pr\u00e9voit que 60 \u00e0 78 millions de tonnes m\u00e9triques de panneaux photovolta\u00efques atteindront la fin de leur vie d\u2019ici 2050. Sans syst\u00e8mes de recyclage appropri\u00e9s, une grande partie de ce mat\u00e9riel pourrait finir dans des d\u00e9charges. Simultan\u00e9ment, les \u00e9missions mondiales de CO2 restent une pr\u00e9occupation majeure pour le climat.<\/p>\n<p>Cette nouvelle approche r\u00e9pond \u00e0 ces deux probl\u00e8mes en m\u00eame temps. Elle transforme deux formes de d\u00e9chets\u2014les \u00e9missions de CO2 et les anciens panneaux solaires\u2014en une source de produits chimiques industriels. Cela signifie moins d\u2019\u00e9missions, moins de d\u00e9chets en d\u00e9charge, et plus de valeur r\u00e9cup\u00e9r\u00e9e \u00e0 partir de mat\u00e9riaux jet\u00e9s. <strong>Les r\u00e9sultats de cette \u00e9tude ont \u00e9t\u00e9 publi\u00e9s dans le journal ACS Sustainable Resource Management<\/strong>.<\/p>\n<blockquote class=\"wp-embedded-content\" data-secret=\"1GjW6ZvSkS\">\n<p><a href=\"https:\/\/www.innovant.fr\/2025\/07\/02\/un-avion-mi-electrique-mi-thermique-voltaero-devoile-le-cassio-330-et-electrise-laviation-legere\/\" rel=\"nofollow noopener\" target=\"_blank\">\u00ab Un avion mi-\u00e9lectrique, mi-thermique \u00bb : VoltAero d\u00e9voile le Cassio 330 et \u00e9lectrise l\u2019aviation l\u00e9g\u00e8re<\/a><\/p>\n<\/blockquote>\n<p>Perspectives d\u2019avenir pour les technologies de recyclage<\/p>\n<p>Les innovations telles que celle d\u00e9velopp\u00e9e par les chercheurs japonais montrent la voie vers une utilisation plus durable des ressources. En combinant le recyclage des mat\u00e9riaux usag\u00e9s avec la r\u00e9duction des \u00e9missions de gaz \u00e0 effet de serre, cette technologie pourrait transformer les pratiques industrielles. Cependant, la mise en \u0153uvre \u00e0 grande \u00e9chelle n\u00e9cessitera des investissements et des collaborations entre les secteurs public et priv\u00e9.<\/p>\n<p>Alors que le monde cherche des solutions pour lutter contre le r\u00e9chauffement climatique, comment d\u2019autres secteurs pourraient-ils s\u2019inspirer de cette approche pour r\u00e9duire leur empreinte carbone tout en valorisant leurs d\u00e9chets ?<\/p>\n<p>Cet article s\u2019appuie sur des sources v\u00e9rifi\u00e9es et l\u2019assistance de technologies \u00e9ditoriales.<\/p>\n<p id=\"rating\">\u00c7a vous a plu ?\u00a04.5\/5 (27)<\/p>\n","protected":false},"excerpt":{"rendered":"EN BREF \ud83d\udd04 Des chercheurs japonais ont d\u00e9couvert une m\u00e9thode pour recycler les panneaux solaires usag\u00e9s afin de&hellip;\n","protected":false},"author":2,"featured_media":268396,"comment_status":"","ping_status":"","sticky":false,"template":"","format":"standard","meta":{"footnotes":""},"categories":[7],"tags":[1011,27,43,40,41,39,42,44],"class_list":{"0":"post-268395","1":"post","2":"type-post","3":"status-publish","4":"format-standard","5":"has-post-thumbnail","7":"category-sciences-et-technologies","8":"tag-fr","9":"tag-france","10":"tag-science","11":"tag-science-and-technology","12":"tag-sciences","13":"tag-sciences-et-technologies","14":"tag-technologies","15":"tag-technology"},"share_on_mastodon":{"url":"https:\/\/pubeurope.com\/@fr\/114903428893440844","error":""},"_links":{"self":[{"href":"https:\/\/www.europesays.com\/fr\/wp-json\/wp\/v2\/posts\/268395","targetHints":{"allow":["GET"]}}],"collection":[{"href":"https:\/\/www.europesays.com\/fr\/wp-json\/wp\/v2\/posts"}],"about":[{"href":"https:\/\/www.europesays.com\/fr\/wp-json\/wp\/v2\/types\/post"}],"author":[{"embeddable":true,"href":"https:\/\/www.europesays.com\/fr\/wp-json\/wp\/v2\/users\/2"}],"replies":[{"embeddable":true,"href":"https:\/\/www.europesays.com\/fr\/wp-json\/wp\/v2\/comments?post=268395"}],"version-history":[{"count":0,"href":"https:\/\/www.europesays.com\/fr\/wp-json\/wp\/v2\/posts\/268395\/revisions"}],"wp:featuredmedia":[{"embeddable":true,"href":"https:\/\/www.europesays.com\/fr\/wp-json\/wp\/v2\/media\/268396"}],"wp:attachment":[{"href":"https:\/\/www.europesays.com\/fr\/wp-json\/wp\/v2\/media?parent=268395"}],"wp:term":[{"taxonomy":"category","embeddable":true,"href":"https:\/\/www.europesays.com\/fr\/wp-json\/wp\/v2\/categories?post=268395"},{"taxonomy":"post_tag","embeddable":true,"href":"https:\/\/www.europesays.com\/fr\/wp-json\/wp\/v2\/tags?post=268395"}],"curies":[{"name":"wp","href":"https:\/\/api.w.org\/{rel}","templated":true}]}}