{"id":268399,"date":"2025-07-23T16:13:14","date_gmt":"2025-07-23T16:13:14","guid":{"rendered":"https:\/\/www.europesays.com\/fr\/268399\/"},"modified":"2025-07-23T16:13:14","modified_gmt":"2025-07-23T16:13:14","slug":"les-delegations-russe-et-ukrainienne-sont-arrivees-a-istanbul","status":"publish","type":"post","link":"https:\/\/www.europesays.com\/fr\/268399\/","title":{"rendered":"les d\u00e9l\u00e9gations russe et ukrainienne sont arriv\u00e9es \u00e0 Istanbul"},"content":{"rendered":"<p>Cette troisi\u00e8me session d\u2019\u00e9changes directs \u00e0 Istanbul, qui commencera autour de 18 heures, intervient sous la pression de Donald Trump qui a donn\u00e9 \u00e0 Moscou, mi-juillet, 50 jours pour parvenir \u00e0 un accord avec Kiev, sous peine de sanctions s\u00e9v\u00e8res.<\/p>\n<p class=\"fig-paragraph\">L&rsquo;\u00e9quipe de\u00a0<a href=\"http:\/\/www.lefigaro.fr\/international\/guerre-en-ukraine-marco-rubio-demande-au-chef-de-la-diplomatie-russe-de-negocier-de-bonne-foi-avec-kiev-20250529\" target=\"_blank\" data-fig-type=\"NewsFlash\" rel=\"noopener\" data-gtm-custom-categorie=\"navigation\" data-gtm-custom-action=\"crossclick\" data-gtm-custom-label=\"Contextuel\" data-gtm-event=\"customEventSPE\" data-fig-domain=\"LEFIGARO\">n\u00e9gociateurs russes<\/a>\u00a0est arriv\u00e9e mercredi 23 juillet \u00e0\u00a0<a href=\"http:\/\/www.lefigaro.fr\/international\/guerre-en-ukraine-que-demandent-kiev-et-moscou-avant-les-pourparlers-a-istanbul-20250602\" target=\"_blank\" data-fig-type=\"NewsFlash\" rel=\"noopener\" data-gtm-custom-categorie=\"navigation\" data-gtm-custom-action=\"crossclick\" data-gtm-custom-label=\"Contextuel\" data-gtm-event=\"customEventSPE\" data-fig-domain=\"LEFIGARO\">Istanbul<\/a>, selon les agences de presse russes, afin de participer dans la soir\u00e9e \u00e0 de nouveaux pourparlers avec l&rsquo;Ukraine pour tenter de mettre fin \u00e0 la guerre entre les deux pays. Selon l&rsquo;agence \u00e9tatique TASS, la d\u00e9l\u00e9gation russe est arriv\u00e9e par avion, en milieu d&rsquo;apr\u00e8s-midi, depuis Moscou, avant ces n\u00e9gociations qui doivent d\u00e9buter autour de 18 heures, heure fran\u00e7aise.<\/p>\n<p class=\"fig-paragraph\">La d\u00e9l\u00e9gation ukrainienne est \u00e9galement arriv\u00e9e \u00e0 Istanbul, a annonc\u00e9 le porte-parole du minist\u00e8re des Affaires \u00e9trang\u00e8res ukrainien Gueorgi\u00ef Tykhy aux m\u00e9dias. Une source au sein de la d\u00e9l\u00e9gation de Kiev, arriv\u00e9e en d\u00e9but d\u2019apr\u00e8s-midi \u00e0 Ankara pour des r\u00e9unions avec des responsables turcs avant de se rendre \u00e0 Istanbul, avait dit pr\u00e9c\u00e9demment \u00e0 l\u2019AFP esp\u00e9rer une \u00abposition constructive\u00bb de la Russie et qu\u2019elle renonce \u00ab\u00e0 ses ultimatums\u00bb.<\/p>\n<p>                                    <a class=\"fig-a11y-skip a11y-hidden\" href=\"#fig-a11y-skip-main-inarticle\"><br \/>\n        Passer la publicit\u00e9<br \/>\n    <\/a><\/p>\n<p>La Russie s\u2019attend \u00e0 \u00abune discussion tr\u00e8s compliqu\u00e9e\u00bb<\/p>\n<p class=\"fig-paragraph\">De son c\u00f4t\u00e9, le\u00a0<a href=\"http:\/\/www.lefigaro.fr\/international\/guerre-en-ukraine-la-russie-reste-prete-a-negocier-apres-les-propos-de-trump-affirme-le-kremlin-20250715\" target=\"_blank\" data-fig-type=\"NewsFlash\" rel=\"noopener\" data-gtm-custom-categorie=\"navigation\" data-gtm-custom-action=\"crossclick\" data-gtm-custom-label=\"Contextuel\" data-gtm-event=\"customEventSPE\" data-fig-domain=\"LEFIGARO\">Kremlin\u00a0<\/a>a dit s\u2019attendre \u00e0 \u00abune discussion tr\u00e8s compliqu\u00e9e\u00bb avec Kiev lors des n\u00e9gociations de paix, \u00e9loignant \u00e0 nouveau la possibilit\u00e9 d\u2019avanc\u00e9es diplomatiques rapides pour mettre fin \u00e0 la guerre lanc\u00e9e en 2022. \u00abPersonne ne s\u2019attend \u00e0 un chemin facile. Bien entendu, ce sera une discussion tr\u00e8s compliqu\u00e9e\u00bb, a d\u00e9clar\u00e9 \u00e0 la presse le porte-parole de la pr\u00e9sidence russe, Dmitri Peskov, en r\u00e9p\u00e9tant que les propositions respectives des bellig\u00e9rants pour arr\u00eater le conflit \u00e9taient \u00abdiam\u00e9tralement oppos\u00e9es\u00bb.<\/p>\n<p class=\"fig-paragraph\">Une source au sein de la d\u00e9l\u00e9gation de Kiev a dit \u00e0 l\u2019AFP esp\u00e9rer une \u00abposition constructive\u00bb de la Russie et qu\u2019elle renonce \u00ab\u00e0 ses ultimatums\u00bb.<\/p>\n<p>Troisi\u00e8me session d\u2019\u00e9changes directs<\/p>\n<p class=\"fig-paragraph\">Cette troisi\u00e8me session d\u2019\u00e9changes directs \u00e0 Istanbul intervient une nouvelle fois sous la pression du pr\u00e9sident am\u00e9ricain Donald Trump qui a donn\u00e9 \u00e0 Moscou, mi-juillet, 50 jours pour parvenir \u00e0 un accord avec Kiev, sous peine de sanctions s\u00e9v\u00e8res. La cheffe de la diplomatie europ\u00e9enne Kaja Kallas avait jug\u00e9 que le d\u00e9lai de 50 jours de Donald Trump repr\u00e9sentait une dur\u00e9e \u00abtr\u00e8s longue\u00bb quand des \u00abcivils innocents meurent tous les jours\u00bb.<\/p>\n<p class=\"fig-paragraph\">Kiev et ses alli\u00e9s occidentaux accusent le Kremlin de bloquer les n\u00e9gociations en maintenant des demandes maximalistes, alors que l\u2019arm\u00e9e russe, plus nombreuse et mieux \u00e9quip\u00e9e, poursuit ses attaques sur le front, o\u00f9 elle grignote chaque jour du terrain. Mercredi, le minist\u00e8re russe de la D\u00e9fense a ainsi revendiqu\u00e9 la conqu\u00eate d\u2019un nouveau village, Varatchyn\u00e9, dans la r\u00e9gion ukrainienne de Soumy (nord-est).<\/p>\n<p class=\"fig-paragraph\">Les positions des deux camps semblent actuellement irr\u00e9conciliables. Les pr\u00e9c\u00e9dents pourparlers \u00e0 Istanbul de mai et juin n\u2019avaient d\u00e9bouch\u00e9 que sur des accords d\u2019\u00e9changes de prisonniers et de corps de soldats tu\u00e9s.<\/p>\n<p class=\"fig-body-link\">\n            \u00c0 lire aussi<br \/>\n        <a class=\"fig-body-link__link fig-premium-mark\" href=\"http:\/\/www.lefigaro.fr\/international\/guerre-en-ukraine-les-raisons-du-revirement-de-trump-face-a-poutine-20250722\" target=\"_blank\" data-fig-type=\"Article\" rel=\"noopener\" data-gtm-custom-categorie=\"navigation\" data-gtm-custom-action=\"crossclick\" data-gtm-custom-label=\"Contextuel\" data-gtm-event=\"customEventSPE\" data-fig-domain=\"LEFIGARO\">Guerre en Ukraine\u00a0: les raisons du revirement de Donald Trump face \u00e0 Vladimir Poutine<br \/>\n    <\/a>\n<\/p>\n<p>                                    <a class=\"fig-a11y-skip a11y-hidden\" href=\"#fig-a11y-skip-main-inarticle_mtf\"><br \/>\n        Passer la publicit\u00e9<br \/>\n    <\/a><\/p>\n<p>Un processus \u00abtr\u00e8s important\u00bb d\u2019\u00e9changes de prisonniers<\/p>\n<p class=\"fig-paragraph\">La d\u00e9l\u00e9gation ukrainienne \u00e0 Istanbul sera men\u00e9e comme les fois pr\u00e9c\u00e9dentes par l\u2019ex-ministre de la D\u00e9fense<a href=\"http:\/\/www.lefigaro.fr\/international\/guerre-en-ukraine-roustem-oumerov-un-tatar-de-crimee-annonce-comme-futur-ministre-de-la-defense-20230904\" target=\"_blank\" data-fig-type=\"Article\" rel=\"noopener\" data-gtm-custom-categorie=\"navigation\" data-gtm-custom-action=\"crossclick\" data-gtm-custom-label=\"Contextuel\" data-gtm-event=\"customEventSPE\" data-fig-domain=\"LEFIGARO\">\u00a0Roustem Oumerov<\/a>, r\u00e9put\u00e9 fin diplomate. L\u2019\u00e9quipe russe sera men\u00e9e, aussi comme les fois pr\u00e9c\u00e9dentes, par un responsable de second plan, au grand dam de Kiev\u00a0: l\u2019ex-ministre de la Culture et historien nationaliste\u00a0<a href=\"http:\/\/www.lefigaro.fr\/international\/le-choix-significatif-de-vladimir-medinski-ideologue-du-kremlin-pour-mener-la-delegation-russe-a-istanbul-20250515\" target=\"_blank\" data-fig-type=\"Article\" rel=\"noopener\" data-gtm-custom-categorie=\"navigation\" data-gtm-custom-action=\"crossclick\" data-gtm-custom-label=\"Contextuel\" data-gtm-event=\"customEventSPE\" data-fig-domain=\"LEFIGARO\">Vladimir Medinski<\/a>.<\/p>\n<p class=\"fig-paragraph\">Ces n\u00e9gociations se tiendront sous la houlette du chef de la diplomatie turque, Hakan Fidan et en pr\u00e9sence du patron des renseignements, le MIT, Ibrahim Kalin.<\/p>\n<p class=\"fig-paragraph\">Selon le porte-parole du Kremlin Dmitri Peskov, les discussions pr\u00e9vues mercredi porteront principalement sur les \u00abm\u00e9morandums\u00bb \u00e9chang\u00e9s en juin par les deux camps et comprenant leurs propositions de paix. Il sera \u00e9galement question, lors des pourparlers, \u00abdu processus tr\u00e8s important\u00bb d\u2019\u00e9changes de prisonniers, a confirm\u00e9 M. Peskov.<\/p>\n<p class=\"fig-paragraph\">Kiev, selon une source au sein de la d\u00e9l\u00e9gation ukrainienne \u00e0 l\u2019AFP, veut \u00e9galement discuter d\u2019\u00e9change de prisonniers, ainsi que du rapatriement d\u2019enfants ukrainiens emmen\u00e9s en Russie et d\u2019une potentielle rencontre entre les pr\u00e9sidents Volodymyr Zelensky et Vladimir Poutine.<\/p>\n<p>Sur le terrain, les frappes et combats se poursuivent<\/p>\n<p class=\"fig-paragraph\">Dans la nuit, 71 drones russes ont vis\u00e9 l\u2019Ukraine, selon l\u2019arm\u00e9e de l\u2019air, blessant deux enfants dans la r\u00e9gion ukrainienne de Kherson (sud) o\u00f9 une femme a \u00e9galement \u00e9t\u00e9 tu\u00e9e par une frappe d\u2019artillerie russe, d\u2019apr\u00e8s les autorit\u00e9s locales. Pour sa part, l\u2019arm\u00e9e russe a affirm\u00e9 avoir neutralis\u00e9 pendant la nuit 33 drones ukrainiens lanc\u00e9s contre son territoire.<\/p>\n<p>                                    <a class=\"fig-a11y-skip a11y-hidden\" href=\"#fig-a11y-skip-main-inarticle_btf\"><br \/>\n        Passer la publicit\u00e9<br \/>\n    <\/a><\/p>\n<p class=\"fig-paragraph\">La Russie r\u00e9clame que l\u2019Ukraine lui c\u00e8de quatre r\u00e9gions partiellement occup\u00e9es de l\u2019est et du sud du pays, en plus de la Crim\u00e9e annex\u00e9e en 2014, renonce aux livraisons d\u2019armes occidentales et \u00e0 toute adh\u00e9sion \u00e0 l\u2019Otan. Des conditions inacceptables pour l\u2019Ukraine, qui veut le retrait des troupes russes de son territoire et des garanties de s\u00e9curit\u00e9 occidentales dont la poursuite des livraisons d\u2019armes et le d\u00e9ploiement d\u2019un contingent europ\u00e9en, ce \u00e0 quoi s\u2019oppose Moscou.<\/p>\n<p class=\"fig-paragraph\">Kiev insiste aussi, de concert avec ses alli\u00e9s europ\u00e9ens, sur la n\u00e9cessit\u00e9 d\u2019un cessez-le-feu de 30 jours, auquel se refuse Moscou, dont les forces ont l\u2019avantage sur le terrain.<\/p>\n<p class=\"fig-paragraph\">Depuis son retour au pouvoir en janvier, le dirigeant am\u00e9ricain Donald Trump a lui repris le contact avec Moscou pour tenter d\u2019arr\u00eater la guerre, sans grands r\u00e9sultats.Ces derni\u00e8res semaines, il a exprim\u00e9 sa frustration \u00e0 l\u2019\u00e9gard de Moscou. Il a \u00e9galement affirm\u00e9 que des \u00e9quipements militaires am\u00e9ricains, pay\u00e9s par des pays europ\u00e9ens membres de l\u2019Otan, seraient envoy\u00e9s \u00e0 l\u2019Ukraine.<\/p>\n","protected":false},"excerpt":{"rendered":"Cette troisi\u00e8me session d\u2019\u00e9changes directs \u00e0 Istanbul, qui commencera autour de 18 heures, intervient sous la pression de&hellip;\n","protected":false},"author":2,"featured_media":268400,"comment_status":"","ping_status":"","sticky":false,"template":"","format":"standard","meta":{"footnotes":""},"categories":[5],"tags":[1111,47,11,1109,1112,118,1108,107,1106,1107,1011,27,1110,1114,14,12,1113,316,28],"class_list":{"0":"post-268399","1":"post","2":"type-post","3":"status-publish","4":"format-standard","5":"has-post-thumbnail","7":"category-international","8":"tag-actu","9":"tag-actualite","10":"tag-actualites","11":"tag-breves","12":"tag-depeches","13":"tag-faits-divers","14":"tag-fil","15":"tag-fil-info","16":"tag-flash","17":"tag-flash-actu","18":"tag-fr","19":"tag-france","20":"tag-informations","21":"tag-infos","22":"tag-international","23":"tag-news","24":"tag-nouvelles","25":"tag-politique","26":"tag-world"},"share_on_mastodon":{"url":"https:\/\/pubeurope.com\/@fr\/114903436838504359","error":""},"_links":{"self":[{"href":"https:\/\/www.europesays.com\/fr\/wp-json\/wp\/v2\/posts\/268399","targetHints":{"allow":["GET"]}}],"collection":[{"href":"https:\/\/www.europesays.com\/fr\/wp-json\/wp\/v2\/posts"}],"about":[{"href":"https:\/\/www.europesays.com\/fr\/wp-json\/wp\/v2\/types\/post"}],"author":[{"embeddable":true,"href":"https:\/\/www.europesays.com\/fr\/wp-json\/wp\/v2\/users\/2"}],"replies":[{"embeddable":true,"href":"https:\/\/www.europesays.com\/fr\/wp-json\/wp\/v2\/comments?post=268399"}],"version-history":[{"count":0,"href":"https:\/\/www.europesays.com\/fr\/wp-json\/wp\/v2\/posts\/268399\/revisions"}],"wp:featuredmedia":[{"embeddable":true,"href":"https:\/\/www.europesays.com\/fr\/wp-json\/wp\/v2\/media\/268400"}],"wp:attachment":[{"href":"https:\/\/www.europesays.com\/fr\/wp-json\/wp\/v2\/media?parent=268399"}],"wp:term":[{"taxonomy":"category","embeddable":true,"href":"https:\/\/www.europesays.com\/fr\/wp-json\/wp\/v2\/categories?post=268399"},{"taxonomy":"post_tag","embeddable":true,"href":"https:\/\/www.europesays.com\/fr\/wp-json\/wp\/v2\/tags?post=268399"}],"curies":[{"name":"wp","href":"https:\/\/api.w.org\/{rel}","templated":true}]}}