{"id":268419,"date":"2025-07-23T16:24:15","date_gmt":"2025-07-23T16:24:15","guid":{"rendered":"https:\/\/www.europesays.com\/fr\/268419\/"},"modified":"2025-07-23T16:24:15","modified_gmt":"2025-07-23T16:24:15","slug":"est-ce-que-le-tour-de-france-a-eu-un-impact-pour-les-professionnels-du-tourisme-a-rouen","status":"publish","type":"post","link":"https:\/\/www.europesays.com\/fr\/268419\/","title":{"rendered":"est-ce que le Tour de France a eu un impact pour les professionnels du tourisme \u00e0 Rouen"},"content":{"rendered":"<p>            Par<br \/>\n        <strong><br \/>\n            <a href=\"https:\/\/actu.fr\/auteur\/adrien-tisserand\" title=\"Consulter tous les articles de Adrien Tisserand\" target=\"_blank\" rel=\"noopener\">Adrien Tisserand<\/a><br \/>\n        <\/strong><\/p>\n<p>        Publi\u00e9 le<\/p>\n<p>            23 juil. 2025 \u00e0 18h00<br \/>\n        ; mis \u00e0 jour le 23 juil. 2025 \u00e0 18h01    <\/p>\n<p>Le\u2009<a href=\"https:\/\/actu.fr\/normandie\/rouen_76540\/passage-de-tour-de-france-a-rouen-j-ai-teste-la-fin-de-parcours-et-ca-monte-fort_62767104.html\" target=\"_blank\" rel=\"noopener\">passage du Tour de France<\/a> a permis de mettre un coup de projecteur sur la ville de <a href=\"https:\/\/actu.fr\/normandie\/rouen_76540\" target=\"_blank\" rel=\"noopener\">Rouen (Seine-Maritime)<\/a> pour le <strong>tourisme \u00e9tranger<\/strong>. L\u2019industrie h\u00f4teli\u00e8re rouennaise a pu b\u00e9n\u00e9ficier de cet afflux de visiteurs, les journ\u00e9es des 7 et 8\u00a0juillet. Dans un communiqu\u00e9 publi\u00e9 ce 23\u00a0juillet 2025, <strong>Seine-Maritime Attractivit\u00e9<\/strong> revient sur les chiffres importants pour le tourisme local.<\/p>\n<p>Un bilan tr\u00e8s positif pour les h\u00e9bergements<\/p>\n<p class=\" wall-content\">Il y a eu pr\u00e8s de <strong>23\u2009000 nuit\u00e9es touristiques<\/strong> enregistr\u00e9es les 7 et 8\u00a0juillet 2025, \u00e0 <a href=\"https:\/\/actu.fr\/normandie\/rouen_76540\" target=\"_blank\" rel=\"noopener\">Rouen, <\/a>selon des chiffres communiqu\u00e9s par Seine-Maritime Attractivit\u00e9 (avec Flux Vision). L\u2019agence souligne une hausse de 36\u2009% par rapport aux nuit\u00e9es de la semaine pr\u00e9c\u00e9dente, et 11\u2009% par rapport \u00e0 la suivante.<\/p>\n<p class=\" wall-content\">Les r\u00e9servations de meubl\u00e9s marchands, sur des sites comme Booking ou Airbnb, recueillies par Seine-Maritime Attractivit\u00e9 et FTO Lighthouse, suivent cette tendance.<\/p>\n<p class=\" wall-content\">Le bilan global des <strong>nuit\u00e9es dans les h\u00e9bergements marchands<\/strong> (h\u00f4tels, auberges de jeunesse, campings, locations de courte dur\u00e9e, etc.) sur les 7 et 8\u00a0juillet est de +\u00a040\u2009% par rapport \u00e0 la semaine d\u2019avant et +\u00a024\u2009% par rapport \u00e0 la semaine suivante.<\/p>\n<p>Un pic de fr\u00e9quentation avec le passage des coureurs<\/p>\n<p class=\" wall-content\">Sur l\u2019apr\u00e8s-midi du 8\u00a0juillet, au passage de la course, Seine-Maritime Attractivit\u00e9 a enregistr\u00e9 44\u2009000 excursionnistes (visites \u00e0 la journ\u00e9e sans nuit\u00e9e), avec un pic entre 16\u00a0heures et 18\u00a0heures. Parmi ces touristes d\u2019un jour, on note beaucoup <strong>d\u2019\u00e9trangers<\/strong> (deux fois plus que la semaine pr\u00e9c\u00e9dente aux m\u00eames heures).<\/p>\n<p class=\" wall-content\">L\u2019h\u00f4tellerie a donc pu b\u00e9n\u00e9ficier de belles retomb\u00e9es \u00e9conomiques sur ces deux jours avec pr\u00e8s de <strong>180\u2009000\u00a0euros<\/strong> r\u00e9colt\u00e9s, <a href=\"https:\/\/actu.fr\/normandie\/rouen_76540\/y-a-t-il-eu-un-effet-tour-de-france-chez-les-commercants-de-rouen_62919443.html\" target=\"_blank\" rel=\"noopener\">m\u00eame si les commer\u00e7ants rouennais ne peuvent pas en dire autant<\/a>.<\/p>\n<p class=\" wall-content\">D\u2019autres f\u00eates comme les<a href=\"https:\/\/actu.fr\/normandie\/dieppe_76217\/photos-70-ans-dalpine-a-dieppe-un-rendez-vous-entre-histoire-passion-et-innovation_62714040.html\" target=\"_blank\" rel=\"noopener\"> 70\u00a0ans d\u2019Alpine<\/a> \u00e0 Dieppe ou <a href=\"https:\/\/actu.fr\/normandie\/le-havre_76351\/les-grandes-voiles-du-havre-ces-superstitions-et-croyances-que-redoutent-les-marins_62797297.html\" target=\"_blank\" rel=\"noopener\">Les Grandes Voiles<\/a> du\u00a0<a href=\"https:\/\/actu.fr\/normandie\/le-havre_76351\" target=\"_blank\" rel=\"noopener\">Havre<\/a> ont pu g\u00e9n\u00e9rer une hausse de la fr\u00e9quentation sur quelques jours cette ann\u00e9e, et enclencher une \u00ab<strong>\u2009dynamique touristique<\/strong> autour de l\u2019\u00e9v\u00e9nementiel sur le territoire\u2009\u00bb, comme le souligne enfin Seine-Maritime Attractivit\u00e9.<\/p>\n<p>Suivez l\u2019actualit\u00e9 de Rouen <a href=\"https:\/\/www.whatsapp.com\/channel\/0029VaKfnf99hXF2ddApFB1D\" target=\"_blank\" rel=\"noopener\">sur notre cha\u00eene WhatsApp<\/a> et <a href=\"https:\/\/www.tiktok.com\/@76actu.fr?lang=fr\" target=\"_blank\" rel=\"noopener\">sur notre compte TikTok<\/a><\/p>\n<p class=\" wall-content\">Suivez toute l\u2019actualit\u00e9 de vos villes et m\u00e9dias favoris en vous inscrivant \u00e0 <a href=\"https:\/\/moncompte.actu.fr\" title=\"D\u00e9couvez Mon Actu\" rel=\"nofollow noopener\" data-trk=\"{&quot;cta&quot;:{&quot;action&quot;:&quot;https:\\\/\\\/moncompte.actu.fr&quot;,&quot;category&quot;:&quot;mon compte&quot;,&quot;from&quot;:&quot;article footer&quot;,&quot;name&quot;:&quot;Mon actu&quot;,&quot;type&quot;:&quot;cta&quot;}}\" target=\"_blank\">Mon Actu<\/a>.<\/p>\n<ul class=\"ac-article-tag wall-content\">\n<li><a href=\"https:\/\/actu.fr\/tag\/tour-de-france-2025\" data-trk=\"{&quot;cta&quot;:{&quot;action&quot;:&quot;Tour de France 2025&quot;,&quot;category&quot;:&quot;tag&quot;,&quot;from&quot;:&quot;article footer&quot;,&quot;name&quot;:&quot;Tour de France 2025&quot;,&quot;type&quot;:&quot;cta&quot;}}\" target=\"_blank\" rel=\"noopener\">#Tour de France 2025<\/a><\/li>\n<li><a href=\"https:\/\/actu.fr\/tag\/tourisme\" data-trk=\"{&quot;cta&quot;:{&quot;action&quot;:&quot;Tourisme&quot;,&quot;category&quot;:&quot;tag&quot;,&quot;from&quot;:&quot;article footer&quot;,&quot;name&quot;:&quot;Tourisme&quot;,&quot;type&quot;:&quot;cta&quot;}}\" target=\"_blank\" rel=\"noopener\">#Tourisme<\/a><\/li>\n<\/ul>\n<p>                    <script async src=\"\/\/www.tiktok.com\/embed.js\"><\/script><\/p>\n","protected":false},"excerpt":{"rendered":"Par Adrien Tisserand Publi\u00e9 le 23 juil. 2025 \u00e0 18h00 ; mis \u00e0 jour le 23 juil. 2025&hellip;\n","protected":false},"author":2,"featured_media":268420,"comment_status":"","ping_status":"","sticky":false,"template":"","format":"standard","meta":{"footnotes":""},"categories":[9587],"tags":[1111,11,33,1777,674,1011,27,12,5161,25,9590,2116,602],"class_list":{"0":"post-268419","1":"post","2":"type-post","3":"status-publish","4":"format-standard","5":"has-post-thumbnail","7":"category-rouen","8":"tag-actu","9":"tag-actualites","10":"tag-economie","11":"tag-eu","12":"tag-europe","13":"tag-fr","14":"tag-france","15":"tag-news","16":"tag-normandie","17":"tag-republique-francaise","18":"tag-rouen","19":"tag-tour-de-france-2025","20":"tag-tourisme"},"share_on_mastodon":{"url":"https:\/\/pubeurope.com\/@fr\/114903479926635735","error":""},"_links":{"self":[{"href":"https:\/\/www.europesays.com\/fr\/wp-json\/wp\/v2\/posts\/268419","targetHints":{"allow":["GET"]}}],"collection":[{"href":"https:\/\/www.europesays.com\/fr\/wp-json\/wp\/v2\/posts"}],"about":[{"href":"https:\/\/www.europesays.com\/fr\/wp-json\/wp\/v2\/types\/post"}],"author":[{"embeddable":true,"href":"https:\/\/www.europesays.com\/fr\/wp-json\/wp\/v2\/users\/2"}],"replies":[{"embeddable":true,"href":"https:\/\/www.europesays.com\/fr\/wp-json\/wp\/v2\/comments?post=268419"}],"version-history":[{"count":0,"href":"https:\/\/www.europesays.com\/fr\/wp-json\/wp\/v2\/posts\/268419\/revisions"}],"wp:featuredmedia":[{"embeddable":true,"href":"https:\/\/www.europesays.com\/fr\/wp-json\/wp\/v2\/media\/268420"}],"wp:attachment":[{"href":"https:\/\/www.europesays.com\/fr\/wp-json\/wp\/v2\/media?parent=268419"}],"wp:term":[{"taxonomy":"category","embeddable":true,"href":"https:\/\/www.europesays.com\/fr\/wp-json\/wp\/v2\/categories?post=268419"},{"taxonomy":"post_tag","embeddable":true,"href":"https:\/\/www.europesays.com\/fr\/wp-json\/wp\/v2\/tags?post=268419"}],"curies":[{"name":"wp","href":"https:\/\/api.w.org\/{rel}","templated":true}]}}