{"id":268421,"date":"2025-07-23T16:25:15","date_gmt":"2025-07-23T16:25:15","guid":{"rendered":"https:\/\/www.europesays.com\/fr\/268421\/"},"modified":"2025-07-23T16:25:15","modified_gmt":"2025-07-23T16:25:15","slug":"elite-2-les-beliers-de-kemper-dans-leur-nouvelle-grande-salle-le-10-octobre-contre-rouen-le-calendrier-complet-de-la-saison","status":"publish","type":"post","link":"https:\/\/www.europesays.com\/fr\/268421\/","title":{"rendered":"\u00c9lite 2\u00a0: les B\u00e9liers de Kemper dans leur nouvelle grande salle le 10\u00a0octobre contre Rouen, le calendrier complet de la saison \u00a0"},"content":{"rendered":"<p>\u00c9lite 2 (ex-Pro B)1. Rouen dans la grande salle le 10 octobre<\/p>\n<p>Huit jours avant la chanteuse Santa, premier spectacle &#8211; d\u00e9j\u00e0 \u00e0 guichets ferm\u00e9s &#8211; organis\u00e9 dans la nouvelle grande salle de Quimper \u00e0 l\u2019Eau Blanche le 18 octobre, les B\u00e9liers de Kemper \u00e9trenneront le nouvel \u00e9quipement communautaire par la r\u00e9ception de Rouen le 10 octobre. En amont, ils avaient demand\u00e9 \u00e0 disputer tous leurs matchs \u00e0 l\u2019ext\u00e9rieur, soit les quatre premi\u00e8res journ\u00e9es.<\/p>\n<p>La ligue nationale de basket a quand m\u00eame \u00e9t\u00e9 oblig\u00e9e de fixer un match \u00e0 domicile le 30 septembre (3e journ\u00e9e) contre Aix-Maurienne, rencontre qui pourrait \u00eatre report\u00e9 le 11 novembre dans la nouvelle salle, car l\u2019ancienne salle Michel-Gloaguen ne peut pas \u00eatre un plan de recours.<\/p>\n<p>\u00c0 noter que dans une \u00c9lite 2 d\u00e9sormais \u00e0 20 clubs, les B\u00e9liers accueilleront 19 \u00e9quipes \u00e0 domicile pour 38 journ\u00e9es disput\u00e9es, hors play-offs ou play-in.<\/p>\n<p>2. Derbys contre Nantes et Challans<\/p>\n<p>On peut consid\u00e9rer que les B\u00e9liers de Kemper vont disputer deux derbys cette saison. Celui contre Nantes, plus proche \u00e9quipe sur le plan g\u00e9ographique, est un classique de l\u2019ex-Pro B. Il aura lieu \u00e0 l\u2019Eau Blanche le 9 janvier 2026 (18e journ\u00e9e).<\/p>\n<p>La venue de Challans, deuxi\u00e8me \u00e9quipe la plus proche et compagnon de mont\u00e9e, interviendra le 21 novembre (12e journ\u00e9e).<\/p>\n<p>3. Les grandes dates<\/p>\n<p>Grand nom du basket fran\u00e7ais, Pau-Orthez sera l\u2019h\u00f4te des B\u00e9liers de Kemper le 6 f\u00e9vrier 2026 (22e journ\u00e9e). Parmi les favoris annonc\u00e9s, Orl\u00e9ans sera \u00e0 Quimper le 24 octobre (7e journ\u00e9e), alors que Gries-Souffel, finaliste malheureux des play-offs en juin dernier face au Portel, sera l\u00e0 le 12 d\u00e9cembre (14e journ\u00e9e).<\/p>\n<p>Seule \u00e9quipe d\u2019\u00c9lite 1 r\u00e9trograd\u00e9e, La Rochelle &#8211; presque un voisin &#8211; sera \u00e0 l\u2019Eau Blanche le 17 mars (27e journ\u00e9e).<\/p>\n<p class=\"titre-tech\">Le calendrier (dates susceptibles d\u2019\u00eatre modifi\u00e9es)<\/p>\n<p>Coupe de France : samedi 13 septembre : Vitr\u00e9 (NM1) + 7 &#8211; B\u00e9liers de Kemper (BK).<\/p>\n<p>\u00c9lite 2 : Vendredi 19 septembre (J1) : Evreux &#8211; BK. Vendredi 26 septembre (J2) : Antibes &#8211; BK. Vendredi 3 octobre (J4) : Poitiers &#8211; BK. Vendredi 10 octobre (J5) : BK &#8211; Rouen. Vendredi 17 octobre (J6) : Roanne &#8211; BK. Vendredi 24 octobre (J7) : BK &#8211; Orl\u00e9ans. Mardi 28 octobre (J8) : Pau-Orthez -BK. Vendredi 31 octobre (J9) : BK &#8211; Denain. Vendredi 7 novembre (J10) : BK &#8211; Caen. Mardi 11 novembre (J3) : BK &#8211; Aix-Maurienne ? Vendredi 14 novembre (J11) : La Rochelle &#8211; BK. Vendredi 21 novembre (J12) : BK &#8211; Challans. Vendredi 5 d\u00e9cembre (J13) : Ch\u00e2lons-Reims &#8211; BK. Vendredi 12 d\u00e9cembre (J14) : BK -Gries-Souffel. Vendredi 19 d\u00e9cembre (J15) : Saint-Chamond-Andr\u00e9zieux &#8211; BK. Mardi 23 d\u00e9cembre (J16) : BK &#8211; Blois. Samedi 27 d\u00e9cembre (J17) : Vichy &#8211; BK. Vendredi 9 janvier (J18) : BK &#8211; Nantes. Vendredi 16 janvier (J19) : BK &#8211; Hy\u00e8res-Toulon. Samedi 24cjanvier (J20) : Orl\u00e9ans &#8211; BK. Vendredi 30 janvier (J21) : Gries-Souffel &#8211; BK. Vendredi 6 f\u00e9vrier (J22) : BK &#8211; Pau-Orthez. Vendredi 13 f\u00e9vrier (J23) : Aix-Maurienne &#8211; BK. Mardi 17 f\u00e9vrier (J24) : BK &#8211; Vichy. Vendredi 06 mars (J25) : Nantes &#8211; BK. Vendredi 13 mars (J26) : BK &#8211; Poitiers. Mardi 17 mars (J27) : BK &#8211; La Rochelle. Vendredi 20 mars (J28) : Challans &#8211; BK. Vendredi 27 mars (J29) : Rouen &#8211; BK. Vendredi 3 avril (J30) : BK &#8211; Ch\u00e2lons-Reims. Mardi 7 avril (J31) : Caen &#8211; BK. Vendredi 10 avril (J32) : BK &#8211; Saint-Chamond-Andr\u00e9zieux. Vendredi 17 avril (J33) : BK &#8211; Antibes. Mardi 21 avril (J34) : Hy\u00e8res-Toulon &#8211; BK. Vendredi 24 avril (J35) : BK &#8211; Roanne. Samedi 2 mai (J36) : Blois &#8211; BK. Vendredi 8 mai (J37) : BK &#8211; Evreux. Vendredi 15 mai (J38) : Denain &#8211; BK.<\/p>\n","protected":false},"excerpt":{"rendered":"\u00c9lite 2 (ex-Pro B)1. Rouen dans la grande salle le 10 octobre Huit jours avant la chanteuse Santa,&hellip;\n","protected":false},"author":2,"featured_media":268422,"comment_status":"","ping_status":"","sticky":false,"template":"","format":"standard","meta":{"footnotes":""},"categories":[9587],"tags":[1111,11,1465,26419,3166,1777,674,1011,27,12,5161,3319,25,9590,60],"class_list":{"0":"post-268421","1":"post","2":"type-post","3":"status-publish","4":"format-standard","5":"has-post-thumbnail","7":"category-rouen","8":"tag-actu","9":"tag-actualites","10":"tag-basket","11":"tag-beliers-de-kemper","12":"tag-en-continu-sports","13":"tag-eu","14":"tag-europe","15":"tag-fr","16":"tag-france","17":"tag-news","18":"tag-normandie","19":"tag-quimper","20":"tag-republique-francaise","21":"tag-rouen","22":"tag-sports"},"share_on_mastodon":{"url":"https:\/\/pubeurope.com\/@fr\/114903483989653464","error":""},"_links":{"self":[{"href":"https:\/\/www.europesays.com\/fr\/wp-json\/wp\/v2\/posts\/268421","targetHints":{"allow":["GET"]}}],"collection":[{"href":"https:\/\/www.europesays.com\/fr\/wp-json\/wp\/v2\/posts"}],"about":[{"href":"https:\/\/www.europesays.com\/fr\/wp-json\/wp\/v2\/types\/post"}],"author":[{"embeddable":true,"href":"https:\/\/www.europesays.com\/fr\/wp-json\/wp\/v2\/users\/2"}],"replies":[{"embeddable":true,"href":"https:\/\/www.europesays.com\/fr\/wp-json\/wp\/v2\/comments?post=268421"}],"version-history":[{"count":0,"href":"https:\/\/www.europesays.com\/fr\/wp-json\/wp\/v2\/posts\/268421\/revisions"}],"wp:featuredmedia":[{"embeddable":true,"href":"https:\/\/www.europesays.com\/fr\/wp-json\/wp\/v2\/media\/268422"}],"wp:attachment":[{"href":"https:\/\/www.europesays.com\/fr\/wp-json\/wp\/v2\/media?parent=268421"}],"wp:term":[{"taxonomy":"category","embeddable":true,"href":"https:\/\/www.europesays.com\/fr\/wp-json\/wp\/v2\/categories?post=268421"},{"taxonomy":"post_tag","embeddable":true,"href":"https:\/\/www.europesays.com\/fr\/wp-json\/wp\/v2\/tags?post=268421"}],"curies":[{"name":"wp","href":"https:\/\/api.w.org\/{rel}","templated":true}]}}