{"id":268423,"date":"2025-07-23T16:26:31","date_gmt":"2025-07-23T16:26:31","guid":{"rendered":"https:\/\/www.europesays.com\/fr\/268423\/"},"modified":"2025-07-23T16:26:31","modified_gmt":"2025-07-23T16:26:31","slug":"les-perturbations-annoncees-sur-ce-secteur","status":"publish","type":"post","link":"https:\/\/www.europesays.com\/fr\/268423\/","title":{"rendered":"les perturbations annonc\u00e9es sur ce secteur"},"content":{"rendered":"<p>            Par<br \/>\n        <strong><br \/>\n            <a href=\"https:\/\/actu.fr\/auteur\/lisa-rodrigues\" title=\"Consulter tous les articles de Lisa Rodrigues\" rel=\"nofollow noopener\" target=\"_blank\">Lisa Rodrigues<\/a><br \/>\n        <\/strong><\/p>\n<p>        Publi\u00e9 le<\/p>\n<p>            23 juil. 2025 \u00e0 15h24        <\/p>\n<p>Avec quelques mois de retard sur le calendrier initial, le chantier de la <a href=\"https:\/\/actu.fr\/auvergne-rhone-alpes\/grenoble_38185\/grenoble-les-travaux-polemiques-de-la-chronovelo-de-berriat-vont-debuter-voici-quand_61395554.html\" rel=\"nofollow noopener\" target=\"_blank\">Chronov\u00e9lo 1<\/a> reliant Grenoble \u00e0 Fontaine a <strong>d\u00e9marr\u00e9 \u00e0 la mi-juillet<\/strong>. Les travaux, pilot\u00e9s par <a href=\"https:\/\/actu.fr\/tag\/grenoble-alpes-metropole\" rel=\"nofollow noopener\" target=\"_blank\">Grenoble-Alpes M\u00e9tropole<\/a>, vont s\u2019\u00e9taler sur deux ans. La <strong>premi\u00e8re phase<\/strong> tout juste d\u00e9clench\u00e9e sur Grenoble concerne principalement la rue du Vercors et doit se terminer \u00e0 la fin de l\u2019ann\u00e9e 2025.<\/p>\n<p>    <a href=\"https:\/\/www.google.com\/maps\/embed?pb=!1m18!1m12!1m3!1d5623.597104324934!2d5.704647976135693!3d45.191173971070825!2m3!1f0!2f0!3f0!3m2!1i1024!2i768!4f13.1!3m3!1m2!1s0x478af37ec2b3e7e5%3A0xf70ad0d17ecad36c!2sRue%20du%20Vercors%2C%2038000%20Grenoble!5e0!3m2!1sfr!2sfr!4v1753264193893!5m2!1sfr!2sfr\" title=\"Ouvrie le lien\" rel=\"nofollow noopener\" target=\"_blank\">Cliquez ici pour visualiser le contenu<\/a><\/p>\n<p class=\" wall-content\">En cons\u00e9quence, des <strong>perturbations<\/strong> concernant la circulation sont \u00e0 pr\u00e9voir sur le secteur.<\/p>\n<p class=\" wall-content\">\n<p>Modification de circulation<\/p>\n<p class=\" wall-content\">Durant toute la dur\u00e9e du chantier, la rue du Vercors et une partie des axes alentour sont logiquement ferm\u00e9s \u00e0 la circulation, que ce soit pour les automobilistes ou les cyclistes :<\/p>\n<ul class=\" wall-content\">\n<li>La <strong>rue du Vercors<\/strong> depuis la rue Am\u00e9d\u00e9e-Morel et jusqu\u2019\u00e0 la rue d\u2019Alembert est bloqu\u00e9e,<\/li>\n<li>La <strong>rue d\u2019Alembert<\/strong> est ferm\u00e9e depuis la rue Pierre-S\u00e9mard, jusqu\u2019au croisement de la rue du Vercors,<\/li>\n<li>Les rues Aim\u00e9-Berey et du capitaine Veyron-Lacroix sont mises en impasse.<\/li>\n<\/ul>\n<p class=\" wall-content\">La M\u00e9tropole informe \u00e9galement que l\u2019acc\u00e8s \u00e0 certains garages pourrait \u00eatre temporairement suspendu pendant les travaux : les habitants concern\u00e9s seront pr\u00e9venus en amont par voie d\u2019affichage.<\/p>\n<p class=\" wall-content\">Le march\u00e9 sur la place Firmin-Gauthier est maintenu et les commerces restent ouverts pendant les travaux.<\/p>\n<p>Une ligne de bus d\u00e9vi\u00e9e<\/p>\n<p class=\" wall-content\">Les transports en commun se sont aussi adapt\u00e9s sur le secteur, ajoute <a href=\"https:\/\/actu.fr\/auvergne-rhone-alpes\/grenoble_38185\/grenoble-la-tag-a-un-nouveau-nom-voici-ce-qui-va-changer-pour-les-transports_61526212.html\" rel=\"nofollow noopener\" target=\"_blank\">MR\u00e9so<\/a>, gestionnaire des mobilit\u00e9s sur l\u2019agglom\u00e9ration grenobloise.<\/p>\n<p class=\" wall-content\">C\u2019est notamment le cas pour la <strong>ligne C5<\/strong> :<\/p>\n<ul class=\" wall-content\">\n<li>En direction de \u00ab\u00a0Universit\u00e9 \u2013 Biologie\u00a0\u00bb, elle est <strong>d\u00e9vi\u00e9e<\/strong> entre les arr\u00eats \u00ab\u00a0Palais de Justice \u2013 Gare\u00a0\u00bb et \u00ab\u00a0Berriat \u2013 Le Magasin\u00a0\u00bb,<\/li>\n<li>Les bus passent d\u00e9sormais par la rue de la Frise (derri\u00e8re la tribunal),<\/li>\n<li>L\u2019arr\u00eat \u00ab\u00a0Esclagon\u00a0\u00bb habituellement sur la rue du Vercors est report\u00e9 une centaine de m\u00e8tres plus loin, sur la rue F\u00e9lix-Esclagon.<\/li>\n<\/ul>\n<p>Mise en sens unique \u00e0 la fin des travaux<\/p>\n<p class=\" wall-content\">Les travaux de la Chronov\u00e9lo sur la rue du Vercors vont faire la liaison avec les am\u00e9nagements c\u00f4t\u00e9 <a href=\"https:\/\/actu.fr\/auvergne-rhone-alpes\/fontaine_38169\" rel=\"nofollow noopener\" target=\"_blank\">Fontaine<\/a> (avenues Ambroise-Croizat et du Vercors), inaugur\u00e9s en d\u00e9but d\u2019ann\u00e9e.\u00a0<\/p>\n<p><img decoding=\"async\" loading=\"lazy\" src=\"https:\/\/www.europesays.com\/fr\/wp-content\/uploads\/2025\/07\/chronovelo-fontaine-metropole-960x640.jpg\" alt=\"La Chronov\u00e9lo 1 \u00e0 Fontaine a \u00e9t\u00e9 inaugur\u00e9e d\u00e9but 2025. Elle sera reli\u00e9e \u00e0 la partie en cours de construction, rue du Vercors c\u00f4t\u00e9 Grenoble.\" width=\"960\" height=\"640\"\/>La Chronov\u00e9lo 1 \u00e0 Fontaine a \u00e9t\u00e9 inaugur\u00e9e d\u00e9but 2025. Elle sera reli\u00e9e \u00e0 la partie en cours de construction, rue du Vercors c\u00f4t\u00e9 Grenoble. (\u00a9Document remis \u00e0 actu Grenoble \/ Grenoble-Alpes M\u00e9tropole)<\/p>\n<p class=\" wall-content\">C\u00f4t\u00e9 rue du Vercors \u00e0 <a href=\"https:\/\/actu.fr\/auvergne-rhone-alpes\/grenoble_38185\" rel=\"nofollow noopener\" target=\"_blank\">Grenoble<\/a>, le chantier va permettre de cr\u00e9er une piste cyclable de 3 m\u00e8tres de large, s\u00e9par\u00e9e de la chauss\u00e9e. Des <strong>places de livraison<\/strong> seront disponibles \u00e0 proximit\u00e9 des commerces et des arceaux v\u00e9los vont \u00eatre install\u00e9s sur le secteur. Concernant la v\u00e9g\u00e9talisation, \u00ab\u00a0les arbres existants sont conserv\u00e9s\u00a0\u00bb, assure Grenoble-Alpes M\u00e9tropole.<\/p>\n<p>    <a href=\"https:\/\/www.facebook.com\/plugins\/post.php?href=https%3A%2F%2Fwww.facebook.com%2Fericpiolle%2Fposts%2Fpfbid0LuQXX7jFMHn4nECcUSBFVxJ2h8f37HmcTrzRjxXahDGKJ9hkxsrp2zKWes5jE4QZl&amp;show_text=true&amp;width=350\" title=\"Ouvrie le lien\" rel=\"nofollow noopener\" target=\"_blank\">Cliquez ici pour visualiser le contenu<\/a><\/p>\n<p class=\" wall-content\">\u00c0 noter qu\u2019\u00e0 la fin des travaux sur la rue du Vercors, celle-ci \u00ab\u00a0sera <strong>mise en sens unique<\/strong>\u00a0\u00bb dans le sens Est-Ouest pour les v\u00e9hicules \u00e0 moteur.<\/p>\n<p>Les prochaines phases du chantier<\/p>\n<p class=\" wall-content\">Une fois termin\u00e9e, une autre phase de chantier s\u2019ouvrira <strong>rue Pierre-S\u00e9mard<\/strong>, au niveau du tribunal, jusqu\u2019\u00e0 la gare SNCF dans le courant du premier semestre 2026.<\/p>\n<p class=\" wall-content\">Il sera ensuite temps d\u2019entamer le chantier sur le <strong>cours Berriat<\/strong>, vraisemblablement dans le courant du 4e trimestre 2026, malgr\u00e9 le <a href=\"https:\/\/actu.fr\/auvergne-rhone-alpes\/grenoble_38185\/grenoble-les-travaux-polemiques-de-la-chronovelo-de-berriat-vont-debuter-voici-quand_61395554.html\" rel=\"nofollow noopener\" target=\"_blank\">scepticisme<\/a> de certains habitants et commer\u00e7ants, r\u00e9clamant des modifications du projet. Ils ont toutefois r\u00e9ussi \u00e0 <a href=\"https:\/\/actu.fr\/auvergne-rhone-alpes\/grenoble_38185\/grenoble-le-debut-du-chantier-polemique-de-la-chronovelo-reporte-voici-pourquoi_62864643.html\" rel=\"nofollow noopener\" target=\"_blank\">obtenir un report<\/a> de d\u00e9but des travaux sur le cours Berriat, qui devait initialement d\u00e9marrer plus t\u00f4t.<\/p>\n<p class=\" wall-content\">Pour la M\u00e9tropole, la Chronov\u00e9lo 1 doit permettre la \u00ab\u00a0liaison directe entre deux centres-villes\u00a0\u00bb, tout en \u00e9tant connect\u00e9e aux grands p\u00f4les d\u2019\u00e9change et bassins d\u2019emploi de l\u2019ouest grenoblois, ainsi qu\u2019\u00e0 la Chronov\u00e9lo 2 et aux berges du Drac.<\/p>\n<p class=\" wall-content\">Suivez toute l\u2019actualit\u00e9 de vos villes et m\u00e9dias favoris en vous inscrivant \u00e0 <a href=\"https:\/\/moncompte.actu.fr\" title=\"D\u00e9couvez Mon Actu\" rel=\"nofollow noopener\" data-trk=\"{&quot;cta&quot;:{&quot;action&quot;:&quot;https:\\\/\\\/moncompte.actu.fr&quot;,&quot;category&quot;:&quot;mon compte&quot;,&quot;from&quot;:&quot;article footer&quot;,&quot;name&quot;:&quot;Mon actu&quot;,&quot;type&quot;:&quot;cta&quot;}}\" target=\"_blank\">Mon Actu<\/a>.<\/p>\n","protected":false},"excerpt":{"rendered":"Par Lisa Rodrigues Publi\u00e9 le 23 juil. 2025 \u00e0 15h24 Avec quelques mois de retard sur le calendrier&hellip;\n","protected":false},"author":2,"featured_media":268424,"comment_status":"","ping_status":"","sticky":false,"template":"","format":"standard","meta":{"footnotes":""},"categories":[9566],"tags":[1111,11,2430,1777,674,1011,27,2731,12,25,104,2086,208],"class_list":{"0":"post-268423","1":"post","2":"type-post","3":"status-publish","4":"format-standard","5":"has-post-thumbnail","7":"category-grenoble","8":"tag-actu","9":"tag-actualites","10":"tag-auvergne-rhone-alpes","11":"tag-eu","12":"tag-europe","13":"tag-fr","14":"tag-france","15":"tag-grenoble","16":"tag-news","17":"tag-republique-francaise","18":"tag-societe","19":"tag-travaux","20":"tag-velo"},"share_on_mastodon":{"url":"https:\/\/pubeurope.com\/@fr\/114903487933199875","error":""},"_links":{"self":[{"href":"https:\/\/www.europesays.com\/fr\/wp-json\/wp\/v2\/posts\/268423","targetHints":{"allow":["GET"]}}],"collection":[{"href":"https:\/\/www.europesays.com\/fr\/wp-json\/wp\/v2\/posts"}],"about":[{"href":"https:\/\/www.europesays.com\/fr\/wp-json\/wp\/v2\/types\/post"}],"author":[{"embeddable":true,"href":"https:\/\/www.europesays.com\/fr\/wp-json\/wp\/v2\/users\/2"}],"replies":[{"embeddable":true,"href":"https:\/\/www.europesays.com\/fr\/wp-json\/wp\/v2\/comments?post=268423"}],"version-history":[{"count":0,"href":"https:\/\/www.europesays.com\/fr\/wp-json\/wp\/v2\/posts\/268423\/revisions"}],"wp:featuredmedia":[{"embeddable":true,"href":"https:\/\/www.europesays.com\/fr\/wp-json\/wp\/v2\/media\/268424"}],"wp:attachment":[{"href":"https:\/\/www.europesays.com\/fr\/wp-json\/wp\/v2\/media?parent=268423"}],"wp:term":[{"taxonomy":"category","embeddable":true,"href":"https:\/\/www.europesays.com\/fr\/wp-json\/wp\/v2\/categories?post=268423"},{"taxonomy":"post_tag","embeddable":true,"href":"https:\/\/www.europesays.com\/fr\/wp-json\/wp\/v2\/tags?post=268423"}],"curies":[{"name":"wp","href":"https:\/\/api.w.org\/{rel}","templated":true}]}}