{"id":268425,"date":"2025-07-23T16:27:17","date_gmt":"2025-07-23T16:27:17","guid":{"rendered":"https:\/\/www.europesays.com\/fr\/268425\/"},"modified":"2025-07-23T16:27:17","modified_gmt":"2025-07-23T16:27:17","slug":"grenoble-loqtf-de-linfluenceur-algerien-imad-tintin-annulee-par-la-justice","status":"publish","type":"post","link":"https:\/\/www.europesays.com\/fr\/268425\/","title":{"rendered":"Grenoble. L&rsquo;OQTF de l&rsquo;influenceur alg\u00e9rien Imad Tintin annul\u00e9e par la justice"},"content":{"rendered":"<p>            Par<br \/>\n        <strong><br \/>\n            <a href=\"https:\/\/actu.fr\/auteur\/lisa-rodrigues\" title=\"Consulter tous les articles de Lisa Rodrigues\" rel=\"nofollow noopener\" target=\"_blank\">Lisa Rodrigues<\/a><br \/>\n        <\/strong><\/p>\n<p>        Publi\u00e9 le<\/p>\n<p>            23 juil. 2025 \u00e0 17h28        <\/p>\n<p>L\u2019influenceur <strong>Imad Tintin<\/strong>, de son vrai nom Imad Ould Brahim, \u00e2g\u00e9 de 31 ans, a vu le tribunal administratif de <a href=\"https:\/\/actu.fr\/auvergne-rhone-alpes\/grenoble_38185\" rel=\"nofollow noopener\" target=\"_blank\">Grenoble<\/a> <strong>annuler son OQTF<\/strong> (obligation de quitter le territoire fran\u00e7ais), dans une d\u00e9cision rendue lundi 21 juillet, comme le rapporte <a href=\"https:\/\/c.ledauphine.com\/faits-divers-justice\/2025\/07\/22\/isere-grenoble-l-oqtf-d-imad-tintin-annulee-par-le-tribunal-administratif\" rel=\"nofollow noopener\" target=\"_blank\">Le Dauphin\u00e9 Lib\u00e9r\u00e9<\/a>.<\/p>\n<p class=\" wall-content\">En janvier 2025, alors que le trentenaire se trouvait en garde \u00e0 vue, la pr\u00e9fecture de l\u2019Is\u00e8re a d\u00e9livr\u00e9 une OQTF \u00e0 son encontre. Une d\u00e9cision que l\u2019influenceur a contest\u00e9 devant la justice.<\/p>\n<p>Il avait fait une demande de titre de s\u00e9jour<\/p>\n<p class=\" wall-content\">Toujours selon Le Dauphin\u00e9, Imad Tintin a fait une demande de titre de s\u00e9jour au motif \u00ab\u00a0vie priv\u00e9e et familiale\u00a0\u00bb en d\u00e9cembre 2024 juste <strong>apr\u00e8s la naissance de sa fille<\/strong>, de nationalit\u00e9 fran\u00e7aise, comme autoris\u00e9 par des accords pass\u00e9s entre l\u2019\u00c9tat alg\u00e9rien et la France.<\/p>\n<p class=\" wall-content\">Le probl\u00e8me soulev\u00e9 par le tribunal administratif est que la pr\u00e9fecture n\u2019a pas v\u00e9rifi\u00e9 l\u2019existence d\u2019une demande de titre de s\u00e9jour sous ce motif au moment o\u00f9 elle a d\u00e9livr\u00e9 son OQTF. Il est ainsi demand\u00e9 \u00e0 la <a href=\"https:\/\/actu.fr\/politique\/isere-catherine-seguin-est-la-nouvelle-prefete-du-departement-voici-son-parcours_61843063.html\" rel=\"nofollow noopener\" target=\"_blank\">pr\u00e9f\u00e8te de l\u2019Is\u00e8re<\/a> de statuer dans un d\u00e9lai de trois mois sur la situation d\u2019Imad Tintin en prenant en compte ce fait et de lui d\u00e9livrer une autorisation provisoire de s\u00e9jour en attendant.<\/p>\n<p class=\" wall-content\">\u00ab Cette d\u00e9cision n\u2019est pas encore d\u00e9finitive, la pr\u00e9f\u00e8te dispose d\u2019un d\u00e9lai d\u2019un mois pour faire appel, mais devra ex\u00e9cuter la d\u00e9cision nonobstant l\u2019appel \u00bb, pr\u00e9cise au journal Me Alexandre Rouvier, avocat de l\u2019influenceur.<\/p>\n<p>Condamn\u00e9 \u00e0 une amende pour \u00ab\u00a0menaces\u00a0\u00bb<\/p>\n<p class=\" wall-content\">Pour rappel, Imad Tintin a \u00e9t\u00e9 poursuivi en d\u00e9but d\u2019ann\u00e9e apr\u00e8s la <a href=\"https:\/\/actu.fr\/auvergne-rhone-alpes\/grenoble_38185\/bruler-vif-tuer-et-violer-en-france-l-influenceur-algerien-imad-tintin-finalement-en-prison_62080824.html\" rel=\"nofollow noopener\" target=\"_blank\">publication d\u2019une vid\u00e9o pol\u00e9mique<\/a>, retir\u00e9e depuis. Une premi\u00e8re traduction de ses propos sugg\u00e9rait qu\u2019il appelait \u00e0 \u00ab br\u00fbler vif, tuer et violer sur le sol fran\u00e7ais \u00bb, ce qui l\u2019a conduit \u00e0 \u00eatre accus\u00e9 de \u00ab provocation directe \u00e0 un acte de terrorisme \u00bb.<\/p>\n<p class=\" wall-content\">Apr\u00e8s une nouvelle expertise, les <strong>faits ont \u00e9t\u00e9 requalifi\u00e9s<\/strong> en \u00ab\u00a0menaces de commettre des violences\u00a0\u00bb. Il a finalement \u00e9t\u00e9 <a href=\"https:\/\/actu.fr\/auvergne-rhone-alpes\/grenoble_38185\/grenoble-affaire-imad-tintin-l-influenceur-algerien-condamne-apres-six-mois-de-procedure_62755441.html\" rel=\"nofollow noopener\" target=\"_blank\">condamn\u00e9 \u00e0 une amende<\/a> de 450 euros.<\/p>\n<p class=\" wall-content\">Suivez toute l\u2019actualit\u00e9 de vos villes et m\u00e9dias favoris en vous inscrivant \u00e0 <a href=\"https:\/\/moncompte.actu.fr\" title=\"D\u00e9couvez Mon Actu\" rel=\"nofollow noopener\" data-trk=\"{&quot;cta&quot;:{&quot;action&quot;:&quot;https:\\\/\\\/moncompte.actu.fr&quot;,&quot;category&quot;:&quot;mon compte&quot;,&quot;from&quot;:&quot;article footer&quot;,&quot;name&quot;:&quot;Mon actu&quot;,&quot;type&quot;:&quot;cta&quot;}}\" target=\"_blank\">Mon Actu<\/a>.<\/p>\n","protected":false},"excerpt":{"rendered":"Par Lisa Rodrigues Publi\u00e9 le 23 juil. 2025 \u00e0 17h28 L\u2019influenceur Imad Tintin, de son vrai nom Imad&hellip;\n","protected":false},"author":2,"featured_media":268426,"comment_status":"","ping_status":"","sticky":false,"template":"","format":"standard","meta":{"footnotes":""},"categories":[9566],"tags":[1111,11,2430,1777,674,1011,27,2731,303,12,25,104],"class_list":{"0":"post-268425","1":"post","2":"type-post","3":"status-publish","4":"format-standard","5":"has-post-thumbnail","7":"category-grenoble","8":"tag-actu","9":"tag-actualites","10":"tag-auvergne-rhone-alpes","11":"tag-eu","12":"tag-europe","13":"tag-fr","14":"tag-france","15":"tag-grenoble","16":"tag-justice","17":"tag-news","18":"tag-republique-francaise","19":"tag-societe"},"share_on_mastodon":{"url":"https:\/\/pubeurope.com\/@fr\/114903491752254771","error":""},"_links":{"self":[{"href":"https:\/\/www.europesays.com\/fr\/wp-json\/wp\/v2\/posts\/268425","targetHints":{"allow":["GET"]}}],"collection":[{"href":"https:\/\/www.europesays.com\/fr\/wp-json\/wp\/v2\/posts"}],"about":[{"href":"https:\/\/www.europesays.com\/fr\/wp-json\/wp\/v2\/types\/post"}],"author":[{"embeddable":true,"href":"https:\/\/www.europesays.com\/fr\/wp-json\/wp\/v2\/users\/2"}],"replies":[{"embeddable":true,"href":"https:\/\/www.europesays.com\/fr\/wp-json\/wp\/v2\/comments?post=268425"}],"version-history":[{"count":0,"href":"https:\/\/www.europesays.com\/fr\/wp-json\/wp\/v2\/posts\/268425\/revisions"}],"wp:featuredmedia":[{"embeddable":true,"href":"https:\/\/www.europesays.com\/fr\/wp-json\/wp\/v2\/media\/268426"}],"wp:attachment":[{"href":"https:\/\/www.europesays.com\/fr\/wp-json\/wp\/v2\/media?parent=268425"}],"wp:term":[{"taxonomy":"category","embeddable":true,"href":"https:\/\/www.europesays.com\/fr\/wp-json\/wp\/v2\/categories?post=268425"},{"taxonomy":"post_tag","embeddable":true,"href":"https:\/\/www.europesays.com\/fr\/wp-json\/wp\/v2\/tags?post=268425"}],"curies":[{"name":"wp","href":"https:\/\/api.w.org\/{rel}","templated":true}]}}