{"id":268427,"date":"2025-07-23T16:28:12","date_gmt":"2025-07-23T16:28:12","guid":{"rendered":"https:\/\/www.europesays.com\/fr\/268427\/"},"modified":"2025-07-23T16:28:12","modified_gmt":"2025-07-23T16:28:12","slug":"la-dalle-colombier-va-changer-de-visage-a-rennes-voici-ce-qui-est-prevu","status":"publish","type":"post","link":"https:\/\/www.europesays.com\/fr\/268427\/","title":{"rendered":"La dalle Colombier va changer de visage \u00e0 Rennes\u00a0: voici ce qui est pr\u00e9vu"},"content":{"rendered":"<p>Elle semble fig\u00e9e dans le pass\u00e9, mais cette fois, la dalle du Colombier, dans le centre-ville de Rennes, devrait bien entamer sa mue. Int\u00e9gr\u00e9e \u00e0 la Zac EuroRennes, secteur en pleine m\u00e9tamorphose centr\u00e9 sur la gare, la dalle fait plut\u00f4t parler d\u2019elle pour la v\u00e9tust\u00e9 de ses \u00e9quipements, le sentiment d\u2019ins\u00e9curit\u00e9 qui y r\u00e8gne et son look tr\u00e8s min\u00e9ral.<\/p>\n<p>Pour lui donner une nouvelle jeunesse, la soci\u00e9t\u00e9 publique \u00ab Territoires \u00bb, bras arm\u00e9 de Rennes m\u00e9tropole pour ses grands projets urbains, a lanc\u00e9 un appel d\u2019offres le 17 juillet 2025 pour \u00ab pr\u00e9figurer les futurs am\u00e9nagements de la dalle du Colombier \u00bb. Pas de projet pr\u00e9cis pour le moment, donc, mais une premi\u00e8re \u00e9tape pour lancer la r\u00e9novation de cette dalle qui, au fil des ans, conna\u00eet un d\u00e9samour croissant des Rennais.<\/p>\n<p>Places paysag\u00e8res, am\u00e9liorer le parcours sur la dalle\u2026<\/p>\n<p>Les porteurs de projet ont jusqu\u2019au 8 septembre pour envoyer leur candidature et imaginer la future dalle. Elle devra r\u00e9pondre \u00e0 plusieurs enjeux urbanistiques et environnementaux, notamment \u00ab permettre d\u2019am\u00e9liorer les parcours sur la dalle et les liaisons avec les rues environnantes (Puits Mauger, Isly\u2026) \u00bb, \u00ab d\u00e9velopper une pr\u00e9sence forte du v\u00e9g\u00e9tal \u00bb, \u00e0 travers notamment la cr\u00e9ation de places paysag\u00e8res, \u00ab d\u00e9gager un ou des espaces pour favoriser l\u2019\u00e9v\u00e9nementiel, questionner la place de l\u2019eau (confort d\u2019\u00e9t\u00e9) et d\u00e9velopper un \u00e9clairage public adapt\u00e9 et s\u00e9curisant \u00bb, indique Territoires dans son appel d\u2019offres.<\/p>\n<p>Chaque porteur de projet est ensuite libre de mettre en application ces enjeux pour red\u00e9finir la dalle Colombier. \u00c0 quelques exceptions pr\u00e8s. \u00ab Quelques invariants devront \u00eatre pris en compte dans cette phase de pr\u00e9figuration \u00bb, rappelle Territoires dans cet appel d\u2019offres. Les impond\u00e9rables ? Cr\u00e9er un nouvel acc\u00e8s au centre commercial des Trois Soleils, faire une \u00ab extension du rez-de-chauss\u00e9e du Sully jusqu\u2019au droit des poteaux \u00bb, ce qui veut dire supprimer les arcades, mais aussi int\u00e9grer la \u00ab d\u00e9molition de la cellule commerciale la plus au nord \u00bb, l\u00e0 o\u00f9 se situent un caf\u00e9-brasserie et un opticien, et la \u00ab r\u00e9novation des deux cellules commerciales au sud \u00bb.<\/p>\n<p>Contact\u00e9, Territoires pr\u00e9cise \u00eatre \u00ab en lien avec l\u2019ensemble des riverains et des commer\u00e7ants pour \u00e9changer sur l\u2019avenir de la dalle. Le projet a \u00e9t\u00e9 pr\u00e9sent\u00e9 aux riverains et commer\u00e7ants lors d\u2019une r\u00e9union de pr\u00e9sentation le 24 juin. Les premi\u00e8res r\u00e9actions se r\u00e9v\u00e8lent plut\u00f4t positives et enthousiastes. Si certains commer\u00e7ants et riverains ont exprim\u00e9 des inqui\u00e9tudes quant \u00e0 l\u2019impact du projet sur leur activit\u00e9, la Ville de Rennes et Territoires, partiellement propri\u00e9taire des murs, s\u2019engagent \u00e0 les accompagner tout au long de sa mise en \u0153uvre. Pour le moment, la Ville de Rennes et Territoires recueillent leurs retours pour leur proposer des solutions adapt\u00e9es \u00e0 leurs attentes. Des n\u00e9gociations sont en cours. \u00bb<\/p>\n<p>Imaginer le futur du Cin\u00e9ville<\/p>\n<p>Les candidats devront aussi imaginer le futur du cin\u00e9ma Le Cin\u00e9ville, ferm\u00e9 depuis 2019. \u00ab Il s\u2019agit de d\u00e9finir les conditions de premi\u00e8res occupations transitoires (accessibilit\u00e9 ERP) afin de d\u00e9buter la mutation du site. \u00c0 ce jour, sa d\u00e9molition ou sa conservation n\u2019est pas arr\u00eat\u00e9e \u00bb, pr\u00e9cise Territoires dans l\u2019appel d\u2019offres. L\u2019id\u00e9e, \u00e0 l\u2019instant T, est de \u00ab faire \u00e9merger un projet d\u2019occupation transitoire. Il appara\u00eet pr\u00e9matur\u00e9 \u00e0 ce stade d\u2019envisager une pr\u00e9figuration p\u00e9renne du b\u00e2timent. \u00bb<\/p>\n<p>Le choix du laur\u00e9at sera connu fin septembre 2025. Les \u00e9tudes pr\u00e9liminaires et concertations avec les habitants et commer\u00e7ants se poursuivront ensuite jusqu\u2019\u00e0 d\u00e9but 2026 pour peaufiner le projet.<\/p>\n","protected":false},"excerpt":{"rendered":"Elle semble fig\u00e9e dans le pass\u00e9, mais cette fois, la dalle du Colombier, dans le centre-ville de Rennes,&hellip;\n","protected":false},"author":2,"featured_media":268428,"comment_status":"","ping_status":"","sticky":false,"template":"","format":"standard","meta":{"footnotes":""},"categories":[2821],"tags":[1111,11,829,1777,674,1011,27,848,12,584,25,10810],"class_list":{"0":"post-268427","1":"post","2":"type-post","3":"status-publish","4":"format-standard","5":"has-post-thumbnail","7":"category-rennes","8":"tag-actu","9":"tag-actualites","10":"tag-bretagne","11":"tag-eu","12":"tag-europe","13":"tag-fr","14":"tag-france","15":"tag-ille-et-vilaine","16":"tag-news","17":"tag-rennes","18":"tag-republique-francaise","19":"tag-urbanisme-a-rennes"},"share_on_mastodon":{"url":"https:\/\/pubeurope.com\/@fr\/114903495725937773","error":""},"_links":{"self":[{"href":"https:\/\/www.europesays.com\/fr\/wp-json\/wp\/v2\/posts\/268427","targetHints":{"allow":["GET"]}}],"collection":[{"href":"https:\/\/www.europesays.com\/fr\/wp-json\/wp\/v2\/posts"}],"about":[{"href":"https:\/\/www.europesays.com\/fr\/wp-json\/wp\/v2\/types\/post"}],"author":[{"embeddable":true,"href":"https:\/\/www.europesays.com\/fr\/wp-json\/wp\/v2\/users\/2"}],"replies":[{"embeddable":true,"href":"https:\/\/www.europesays.com\/fr\/wp-json\/wp\/v2\/comments?post=268427"}],"version-history":[{"count":0,"href":"https:\/\/www.europesays.com\/fr\/wp-json\/wp\/v2\/posts\/268427\/revisions"}],"wp:featuredmedia":[{"embeddable":true,"href":"https:\/\/www.europesays.com\/fr\/wp-json\/wp\/v2\/media\/268428"}],"wp:attachment":[{"href":"https:\/\/www.europesays.com\/fr\/wp-json\/wp\/v2\/media?parent=268427"}],"wp:term":[{"taxonomy":"category","embeddable":true,"href":"https:\/\/www.europesays.com\/fr\/wp-json\/wp\/v2\/categories?post=268427"},{"taxonomy":"post_tag","embeddable":true,"href":"https:\/\/www.europesays.com\/fr\/wp-json\/wp\/v2\/tags?post=268427"}],"curies":[{"name":"wp","href":"https:\/\/api.w.org\/{rel}","templated":true}]}}