{"id":268429,"date":"2025-07-23T16:29:13","date_gmt":"2025-07-23T16:29:13","guid":{"rendered":"https:\/\/www.europesays.com\/fr\/268429\/"},"modified":"2025-07-23T16:29:13","modified_gmt":"2025-07-23T16:29:13","slug":"cet-illustrateur-talentueux-dessine-une-carte-originale-de-la-bretagne","status":"publish","type":"post","link":"https:\/\/www.europesays.com\/fr\/268429\/","title":{"rendered":"cet illustrateur talentueux dessine une carte originale de la Bretagne"},"content":{"rendered":"<p>            Par<br \/>\n        <strong><br \/>\n            <a href=\"https:\/\/actu.fr\/auteur\/lou-batteux\" title=\"Consulter tous les articles de Lou Batteux\" target=\"_blank\" rel=\"noopener\">Lou Batteux<\/a><br \/>\n        <\/strong><\/p>\n<p>        Publi\u00e9 le<\/p>\n<p>            23 juil. 2025 \u00e0 17h49        <\/p>\n<p>Alexis Carlier, de son nom d\u2019artiste <strong>Alcatela<\/strong>, est un <strong>dessinateur talentueux<\/strong>. S\u2019il a travaill\u00e9 \u00e0 la RATP pendant un temps, il vit maintenant de sa passion, le dessin. Apr\u00e8s <a href=\"https:\/\/actu.fr\/rennes\/\" target=\"_blank\" rel=\"noopener\">Rennes<\/a>, Brest et Le Havre, Alexis s\u2019est appliqu\u00e9 \u00e0 reproduire en entier la carte de la plus belle r\u00e9gion de France (en toute impartialit\u00e9 bien \u00e9videmment !).<\/p>\n<p>Un cartographe tendance<\/p>\n<p class=\" wall-content\"><strong>\u00ab\u00a0Lorsque je travaillais \u00e0 la RATP, je dessinais beaucoup les plans de m\u00e9tro.\u00a0\u00bb<\/strong> Un jour, il a publi\u00e9 un de ses dessins sur les r\u00e9seaux sociaux et le \u00ab\u00a0buzz\u00a0\u00bb a commenc\u00e9. Plusieurs entreprises l\u2019ont contact\u00e9 et m\u00eame le Comit\u00e9 international olympique (CIO).<\/p>\n<p class=\" wall-content\">Il a <a href=\"https:\/\/actu.fr\/bretagne\/rennes_35238\/coloree-et-poetique-la-magnifique-carte-du-metro-de-rennes-d-alcatela_39802541.html\" target=\"_blank\" rel=\"noopener\">croqu\u00e9 la carte du m\u00e9tro de Rennes en 2021<\/a>, comme les cartes de nombreuses autres villes fran\u00e7aises qui \u00ab\u00a0l\u2019inspirent\u00a0\u00bb, mais aussi <strong>dessin\u00e9 chaque jour pour le compte du CIO lors des JO de Paris 2024.<\/strong><\/p>\n<p class=\" wall-content\">Il y a quelques mois, Alcatela a lanc\u00e9 un sondage en story Instagram. Le but ? Que ses abonn\u00e9s lui donnent des id\u00e9es de dessins \u00e0 reproduire. <strong>\u00ab\u00a0Plus de 800 personnes m\u2019ont demand\u00e9 la Bretagne\u00a0\u00bb<\/strong> s\u2019exclame Alexis, constatant le poids des Bretons dans sa communaut\u00e9 en ligne.<\/p>\n<blockquote class=\"ac-article-quote wall-content\">\n<p>Ma meilleure amie habite \u00e0 Rennes et j&rsquo;ai pass\u00e9 de nombreux week-ends \u00e0 Quiberon, Vannes, Saint-Malo\u2026 Je connais bien la Bretagne.<\/p>\n<p>    <strong>Alexis Carlier<\/strong><br \/>\n        Dessinateur parisien de son nom d&rsquo;artiste Alcatela    <\/p><\/blockquote>\n<p class=\" wall-content\">Ni une, ni deux, Alcatela s\u2019est empar\u00e9 de sa feuille A2 et ses crayons.<strong> Pendant 23 jours<\/strong>, il s\u2019est affair\u00e9 \u00e0 reproduire int\u00e9gralement<strong>\u00a0\u00e0 la main<\/strong> la carte de la Bretagne. Il y a r\u00e9pertori\u00e9 les <strong>lieux pr\u00e9f\u00e9r\u00e9s des Bretons<\/strong>. Au total, <strong>18 phares, 64 menhirs et 113 cr\u00eaperies<\/strong>\u00a0illustrent sa cartographie.<\/p>\n<p>    <img   decoding=\"async\" loading=\"lazy\" src=\"https:\/\/www.europesays.com\/fr\/wp-content\/uploads\/2025\/07\/carte-de-la-bretagne-alcatela-960x640.jpeg\" alt=\"vv\" width=\"960\" height=\"640\"\/><br \/>\n    Apr\u00e8s plus de trois semaines de travail, Alcatela est parvenu \u00e0 reproduire enti\u00e8rement, \u00e0 la main, la carte de la Bretagne. (\u00a9 Alcatela)Des cartes remplies de nostalgie et de couleurs\u00a0<\/p>\n<p class=\" wall-content\">D\u2019abord surpris par le succ\u00e8s de ses dessins \u00ab\u00a0tr\u00e8s simples et sans exactitudes architecturales\u00a0\u00bb, Alexis Carlier explique qu\u2019il cherche \u00e0 y <strong>rappeler aux gens des souvenirs<\/strong> et susciter leur nostalgie. C\u2019est pourquoi il a d\u2019abord demand\u00e9 \u00e0 ses abonn\u00e9s et \u00e0 ses amis bretons les lieux embl\u00e9matiques de cette r\u00e9gion et ceux qu\u2019ils aiment le plus, engageant une <strong>d\u00e9marche collaborative<\/strong>.<\/p>\n<blockquote class=\"ac-article-quote wall-content\">\n<p>Une fois le croquis termin\u00e9, je choisis les couleurs de la carte en fonction de l&rsquo;ambiance du territoire. En Bretagne, les fleurs au bord des maisons et les derniers s\u00e9jours que j&rsquo;y ai pass\u00e9s m&rsquo;ont inspir\u00e9 des couleurs bleu fonc\u00e9, bleu clair\u2026 Des tons froids, mais color\u00e9s.<\/p>\n<p>    <strong>Alexis Carlier<\/strong><br \/>\n        Dessinateur parisien de son nom d&rsquo;artiste Alcatela    <\/p><\/blockquote>\n<p class=\" wall-content\"><a href=\"https:\/\/www.instagram.com\/reel\/DJTST05ITAT\/embed\" title=\"Ouvrir le lien sur Instagram\" target=\"_blank\" rel=\"noopener\">Visualiser le contenu sur Instagram<\/a><\/p>\n<p class=\" wall-content\">Si sa DA (direction artistique) aux couleurs flashy ne s\u00e9duit pas tout public, cette carte de la Bretagne a \u00e9t\u00e9 <strong>son plus gros succ\u00e8s<\/strong>, la plus vendue de toutes. La raison de cette forte visibilit\u00e9 ? Les d\u00e9bats qui ont anim\u00e9 l\u2019espace commentaires sous ses vid\u00e9os. Des militants bretons ont \u00e9t\u00e9 d\u00e9\u00e7us de ne pas y voir <strong>\u00ab\u00a0le cinqui\u00e8me d\u00e9partement de la Bretagne\u00a0\u00bb, <\/strong>la Loire-Atlantique, repr\u00e9sent\u00e9. Alcatela va donc retoucher sa carte de la Bretagne pour en proposer une <strong>deuxi\u00e8me version \u00ab\u00a0\u00e9largie\u00a0\u00bb<\/strong>.<\/p>\n<p class=\" wall-content\">En attendant, pour commander la premi\u00e8re version de cette carte de la Bretagne, rendez-vous sur <a href=\"https:\/\/alcatela.com\/shop\" target=\"_blank\" rel=\"noopener\">le site internet d\u2019Alcatela<\/a>. Cette affiche au <strong>format A2<\/strong> (59,4 x 42cm) et au prix de <strong>49 euros<\/strong> est disponible en \u00e9dition limit\u00e9e. Elle a \u00e9t\u00e9 imprim\u00e9e en <strong>1 000 exemplaires <\/strong>et plus de la moiti\u00e9 a d\u00e9j\u00e0 \u00e9t\u00e9 vendue.<\/p>\n<p class=\" wall-content\">Suivez toute l\u2019actualit\u00e9 de vos villes et m\u00e9dias favoris en vous inscrivant \u00e0 <a href=\"https:\/\/moncompte.actu.fr\" title=\"D\u00e9couvez Mon Actu\" rel=\"nofollow noopener\" data-trk=\"{&quot;cta&quot;:{&quot;action&quot;:&quot;https:\\\/\\\/moncompte.actu.fr&quot;,&quot;category&quot;:&quot;mon compte&quot;,&quot;from&quot;:&quot;article footer&quot;,&quot;name&quot;:&quot;Mon actu&quot;,&quot;type&quot;:&quot;cta&quot;}}\" target=\"_blank\">Mon Actu<\/a>.<\/p>\n<p>                    <script async src=\"\/\/www.instagram.com\/embed.js\"><\/script><\/p>\n","protected":false},"excerpt":{"rendered":"Par Lou Batteux Publi\u00e9 le 23 juil. 2025 \u00e0 17h49 Alexis Carlier, de son nom d\u2019artiste Alcatela, est&hellip;\n","protected":false},"author":2,"featured_media":268430,"comment_status":"","ping_status":"","sticky":false,"template":"","format":"standard","meta":{"footnotes":""},"categories":[2821],"tags":[1111,11,829,9439,26972,1777,674,1011,27,5000,12,584,25,104],"class_list":{"0":"post-268429","1":"post","2":"type-post","3":"status-publish","4":"format-standard","5":"has-post-thumbnail","7":"category-rennes","8":"tag-actu","9":"tag-actualites","10":"tag-bretagne","11":"tag-bretagne-nord","12":"tag-bretagne-sud","13":"tag-eu","14":"tag-europe","15":"tag-fr","16":"tag-france","17":"tag-metro-de-rennes","18":"tag-news","19":"tag-rennes","20":"tag-republique-francaise","21":"tag-societe"},"share_on_mastodon":{"url":"https:\/\/pubeurope.com\/@fr\/114903499601395516","error":""},"_links":{"self":[{"href":"https:\/\/www.europesays.com\/fr\/wp-json\/wp\/v2\/posts\/268429","targetHints":{"allow":["GET"]}}],"collection":[{"href":"https:\/\/www.europesays.com\/fr\/wp-json\/wp\/v2\/posts"}],"about":[{"href":"https:\/\/www.europesays.com\/fr\/wp-json\/wp\/v2\/types\/post"}],"author":[{"embeddable":true,"href":"https:\/\/www.europesays.com\/fr\/wp-json\/wp\/v2\/users\/2"}],"replies":[{"embeddable":true,"href":"https:\/\/www.europesays.com\/fr\/wp-json\/wp\/v2\/comments?post=268429"}],"version-history":[{"count":0,"href":"https:\/\/www.europesays.com\/fr\/wp-json\/wp\/v2\/posts\/268429\/revisions"}],"wp:featuredmedia":[{"embeddable":true,"href":"https:\/\/www.europesays.com\/fr\/wp-json\/wp\/v2\/media\/268430"}],"wp:attachment":[{"href":"https:\/\/www.europesays.com\/fr\/wp-json\/wp\/v2\/media?parent=268429"}],"wp:term":[{"taxonomy":"category","embeddable":true,"href":"https:\/\/www.europesays.com\/fr\/wp-json\/wp\/v2\/categories?post=268429"},{"taxonomy":"post_tag","embeddable":true,"href":"https:\/\/www.europesays.com\/fr\/wp-json\/wp\/v2\/tags?post=268429"}],"curies":[{"name":"wp","href":"https:\/\/api.w.org\/{rel}","templated":true}]}}