{"id":268433,"date":"2025-07-23T16:31:13","date_gmt":"2025-07-23T16:31:13","guid":{"rendered":"https:\/\/www.europesays.com\/fr\/268433\/"},"modified":"2025-07-23T16:31:13","modified_gmt":"2025-07-23T16:31:13","slug":"absent-du-stage-dalaves-panichelli-se-rapproche-de-strasbourg-alsasports","status":"publish","type":"post","link":"https:\/\/www.europesays.com\/fr\/268433\/","title":{"rendered":"Absent du stage d&rsquo;Alav\u00e9s, Panichelli se rapproche de Strasbourg \u2014 Alsa&rsquo;Sports"},"content":{"rendered":"<p><strong>Le quotidien espangol Marca a annonc\u00e9 ce mercredi apr\u00e8s-midi l\u2019absence de Joaquin Panichelli au stage de pr\u00e9-saison d\u2019Alav\u00e9s. L\u2019attaquant se rapproche du Racing. <\/strong><\/p>\n<p>Le transfert de Joaquin Panichelli se pr\u00e9cise. Marca <a href=\"https:\/\/www.marca.com\/futbol\/alaves\/2025\/07\/23\/alaves-comienza-stage-girona-panichelli.html\" target=\"_blank\" rel=\"noopener\">annonce que l\u2019attaquant argentin ne fait pas partie du groupe d\u2019Alav\u00e9s<\/a> parti ce mercredi en stage de pr\u00e9paration \u00e0 G\u00e9rone. Il s\u2019agit d\u2019un d\u00e9placement de huit jours au cours duquel le Deportivo Alav\u00e9s disputera deux matches amicaux. Absent donc de ce rendez-vous collectif, le joueur de 22 ans se rapproche encore un peu plus de Strasbourg. <\/p>\n<p><strong>Pas une priorit\u00e9 au d\u00e9part, mais l\u2019offre \u00e0 la baisse a chang\u00e9 la donne<\/strong><\/p>\n<p>C\u2019est un int\u00e9r\u00eat qui se manifeste depuis d\u00e9but mai, \u00e0 en croire \u00e0 l\u2019\u00e9poque la presse argentine et le journaliste italien sp\u00e9cialiste du mercato Matteo Moretto. Nous l\u2019avions confirm\u00e9, le Racing Club de Strasbourg suivait bel et bien Joaquin Panichelli, jeune attaquant argentin de 22 ans actuellement sous contrat avec le Deportivo Alav\u00e9s et pr\u00eat\u00e9 la saison derni\u00e8re \u00e0 Mirand\u00e9s en deuxi\u00e8me division espagnole (21\u00a0buts et 8 passes d\u00e9cisives en 44 matches). Mais cette piste n\u2019\u00e9tait pas une priorit\u00e9 \u00e0 ce moment-l\u00e0, notamment en raison du prix r\u00e9clam\u00e9 par Alav\u00e9s (20 millions d\u2019euros, le montant de sa clause lib\u00e9ratoire), jug\u00e9 trop \u00e9lev\u00e9 par le Racing.<\/p>\n<p>Mais d\u2019autres sources et notamment celle menant au journaliste mercato le plus fiable du monde, Fabrizio Romano, avancent ces derni\u00e8res heures que Strasbourg serait proche d\u2019un accord avec Alav\u00e9s pour 16 millions d\u2019euros sur un contrat de cinq ans. Une situation o\u00f9 le Racing serait plus enclin \u00e0 n\u00e9gocier et m\u00eame \u00e0 conclure l\u2019affaire. Le club alsacien esp\u00e9rait recruter le joueur cette semaine, et son absence lors du stage d\u2019Alav\u00e9s confirme la tendance. <\/p>\n","protected":false},"excerpt":{"rendered":"Le quotidien espangol Marca a annonc\u00e9 ce mercredi apr\u00e8s-midi l\u2019absence de Joaquin Panichelli au stage de pr\u00e9-saison d\u2019Alav\u00e9s.&hellip;\n","protected":false},"author":2,"featured_media":268434,"comment_status":"","ping_status":"","sticky":false,"template":"","format":"standard","meta":{"footnotes":""},"categories":[2820],"tags":[1111,11,1777,674,63,1011,27,775,40773,12,4448,25,640],"class_list":{"0":"post-268433","1":"post","2":"type-post","3":"status-publish","4":"format-standard","5":"has-post-thumbnail","7":"category-strasbourg","8":"tag-actu","9":"tag-actualites","10":"tag-eu","11":"tag-europe","12":"tag-football","13":"tag-fr","14":"tag-france","15":"tag-grand-est","16":"tag-joaquin-panichelli","17":"tag-news","18":"tag-rc-strasbourg","19":"tag-republique-francaise","20":"tag-strasbourg"},"share_on_mastodon":{"url":"https:\/\/pubeurope.com\/@fr\/114903507594970941","error":""},"_links":{"self":[{"href":"https:\/\/www.europesays.com\/fr\/wp-json\/wp\/v2\/posts\/268433","targetHints":{"allow":["GET"]}}],"collection":[{"href":"https:\/\/www.europesays.com\/fr\/wp-json\/wp\/v2\/posts"}],"about":[{"href":"https:\/\/www.europesays.com\/fr\/wp-json\/wp\/v2\/types\/post"}],"author":[{"embeddable":true,"href":"https:\/\/www.europesays.com\/fr\/wp-json\/wp\/v2\/users\/2"}],"replies":[{"embeddable":true,"href":"https:\/\/www.europesays.com\/fr\/wp-json\/wp\/v2\/comments?post=268433"}],"version-history":[{"count":0,"href":"https:\/\/www.europesays.com\/fr\/wp-json\/wp\/v2\/posts\/268433\/revisions"}],"wp:featuredmedia":[{"embeddable":true,"href":"https:\/\/www.europesays.com\/fr\/wp-json\/wp\/v2\/media\/268434"}],"wp:attachment":[{"href":"https:\/\/www.europesays.com\/fr\/wp-json\/wp\/v2\/media?parent=268433"}],"wp:term":[{"taxonomy":"category","embeddable":true,"href":"https:\/\/www.europesays.com\/fr\/wp-json\/wp\/v2\/categories?post=268433"},{"taxonomy":"post_tag","embeddable":true,"href":"https:\/\/www.europesays.com\/fr\/wp-json\/wp\/v2\/tags?post=268433"}],"curies":[{"name":"wp","href":"https:\/\/api.w.org\/{rel}","templated":true}]}}