{"id":268443,"date":"2025-07-23T16:36:15","date_gmt":"2025-07-23T16:36:15","guid":{"rendered":"https:\/\/www.europesays.com\/fr\/268443\/"},"modified":"2025-07-23T16:36:15","modified_gmt":"2025-07-23T16:36:15","slug":"pourquoi-la-gironde-est-epargnee","status":"publish","type":"post","link":"https:\/\/www.europesays.com\/fr\/268443\/","title":{"rendered":"pourquoi la Gironde est \u00e9pargn\u00e9e\u00a0?"},"content":{"rendered":"<p>            Par<br \/>\n        <strong><br \/>\n            <a href=\"https:\/\/actu.fr\/auteur\/juliette-cardinale\" title=\"Consulter tous les articles de Juliette Cardinale\" rel=\"nofollow noopener\" target=\"_blank\">Juliette Cardinale<\/a><br \/>\n        <\/strong><\/p>\n<p>        Publi\u00e9 le<\/p>\n<p>            23 juil. 2025 \u00e0 15h42        <\/p>\n<p>La quasi-totalit\u00e9 de la France est en vigilance jaune <a href=\"https:\/\/actu.fr\/meteo\/des-orages-virulents-vont-balayer-la-france-mercredi-departements-vigilance-orange-presque-tout-le-pays-en-vigilance-jaune_62941167.html\" rel=\"nofollow noopener\" target=\"_blank\">pour risques d\u2019orages,<\/a> ce mercredi 23\u00a0juillet 2025. Alors que les d\u00e9partements limitrophes (sauf les Landes) sont concern\u00e9s, la Gironde est touch\u00e9e par les averses mais <strong>\u00e9pargn\u00e9e par les orages.<\/strong> On s\u2019est demand\u00e9 pourquoi.<\/p>\n<p class=\" wall-content\">Le contexte m\u00e9t\u00e9o national est typique \u00ab\u2009d\u2019un for\u00e7age d\u2019altitude\u2009\u00bb, a expliqu\u00e9 \u00e0 <a href=\"https:\/\/actu.fr\/meteo\/des-orages-virulents-vont-balayer-la-france-mercredi-departements-vigilance-orange-presque-tout-le-pays-en-vigilance-jaune_62941167.html\" rel=\"nofollow noopener\" target=\"_blank\">actu.fr<\/a> le m\u00e9t\u00e9orologue Yann Amice. Une<strong> goutte froide, <\/strong>une poche d\u2019air tr\u00e8s froid \u00e0 plus de 5\u2009000\u00a0m\u00e8tres d\u2019altitude, contraste avec un fond de chaleur encore bien pr\u00e9sent. Les contrastes thermiques rendent l\u2019atmosph\u00e8re instable.<\/p>\n<p class=\" wall-content\">\u00ab\u2009Cette goutte froide descend peu \u00e0 peu sur le centre de la France, et <strong>l\u2019Aquitaine se trouve \u00e0 l\u2019ouest<\/strong> de cette d\u00e9pression\u2009\u00bb, a ajout\u00e9 Guillaume S\u00e9chet, m\u00e9t\u00e9orologue et fondateur de\u00a0<a href=\"https:\/\/www.meteo-bordeaux.com\/\" rel=\"nofollow noopener\" target=\"_blank\">M\u00e9t\u00e9o-Villes<\/a>. Avec un vent du Nord-Ouest, et un fond d\u2019air plus frais, l\u2019instabilit\u00e9 est moins grande en Gironde.<\/p>\n<p>Et ensuite\u2009?<\/p>\n<p class=\" wall-content\">Le temps est nuageux et propice aux averses en marge de ce tourbillon, mais \u00ab\u2009rien voir avec ce qui est <a href=\"https:\/\/actu.fr\/ile-de-france\/paris_75056\/les-orages-vont-a-nouveau-frapper-meteo-france-place-paris-et-l-ile-de-france-en-vigilance-mercredi_62943727.html\" rel=\"nofollow noopener\" target=\"_blank\">attendu dans le Bassin parisien\u2009\u00bb,<\/a> a pr\u00e9cis\u00e9 le m\u00e9t\u00e9orologue.\u00a0La pluie devrait continuer de tomber ce mercredi apr\u00e8s-midi, avec des <strong>rafales \u00e0 45 kilom\u00e8tres<\/strong> par heure \u00e0 Bordeaux.<\/p>\n<p>    <img   decoding=\"async\" loading=\"lazy\" src=\"https:\/\/www.europesays.com\/fr\/wp-content\/uploads\/2025\/07\/meteo-france-vigi-orage-960x640.jpg\" alt=\"La quasi-totalit\u00e9 de la France est en vigilance jaune pour risques d'orages ce mercredi, mais pas la Gironde.\" width=\"960\" height=\"640\"\/><br \/>\n    La quasi-totalit\u00e9 de la France est en vigilance jaune pour risques d\u2019orages ce mercredi, mais pas la Gironde. (\u00a9Capture d\u2019\u00e9cran M\u00e9t\u00e9o France)<\/p>\n<p class=\" wall-content\">Des averses sont \u00e9galement attendues ce jeudi, avant un retour du soleil pour vendredi et samedi. C\u00f4t\u00e9 temp\u00e9ratures, elles sont <strong>en dessous des normales de saison<\/strong> en milieu de semaine et remonteront jusqu\u2019\u00e0 29 degr\u00e9s ce samedi. Dimanche, attention au retour des averses et des coups de vent.<\/p>\n<p class=\" wall-content\">Suivez toute l\u2019actualit\u00e9 de vos villes et m\u00e9dias favoris en vous inscrivant \u00e0 <a href=\"https:\/\/moncompte.actu.fr\" title=\"D\u00e9couvez Mon Actu\" rel=\"nofollow noopener\" data-trk=\"{&quot;cta&quot;:{&quot;action&quot;:&quot;https:\\\/\\\/moncompte.actu.fr&quot;,&quot;category&quot;:&quot;mon compte&quot;,&quot;from&quot;:&quot;article footer&quot;,&quot;name&quot;:&quot;Mon actu&quot;,&quot;type&quot;:&quot;cta&quot;}}\" target=\"_blank\">Mon Actu<\/a>.<\/p>\n","protected":false},"excerpt":{"rendered":"Par Juliette Cardinale Publi\u00e9 le 23 juil. 2025 \u00e0 15h42 La quasi-totalit\u00e9 de la France est en vigilance&hellip;\n","protected":false},"author":2,"featured_media":268444,"comment_status":"","ping_status":"","sticky":false,"template":"","format":"standard","meta":{"footnotes":""},"categories":[2817],"tags":[1111,11,1997,1777,674,1011,27,2487,2357,12,2219,4594,25],"class_list":{"0":"post-268443","1":"post","2":"type-post","3":"status-publish","4":"format-standard","5":"has-post-thumbnail","7":"category-bordeaux","8":"tag-actu","9":"tag-actualites","10":"tag-bordeaux","11":"tag-eu","12":"tag-europe","13":"tag-fr","14":"tag-france","15":"tag-meteo","16":"tag-meteo-france","17":"tag-news","18":"tag-nouvelle-aquitaine","19":"tag-orages","20":"tag-republique-francaise"},"share_on_mastodon":{"url":"https:\/\/pubeurope.com\/@fr\/114903527233852790","error":""},"_links":{"self":[{"href":"https:\/\/www.europesays.com\/fr\/wp-json\/wp\/v2\/posts\/268443","targetHints":{"allow":["GET"]}}],"collection":[{"href":"https:\/\/www.europesays.com\/fr\/wp-json\/wp\/v2\/posts"}],"about":[{"href":"https:\/\/www.europesays.com\/fr\/wp-json\/wp\/v2\/types\/post"}],"author":[{"embeddable":true,"href":"https:\/\/www.europesays.com\/fr\/wp-json\/wp\/v2\/users\/2"}],"replies":[{"embeddable":true,"href":"https:\/\/www.europesays.com\/fr\/wp-json\/wp\/v2\/comments?post=268443"}],"version-history":[{"count":0,"href":"https:\/\/www.europesays.com\/fr\/wp-json\/wp\/v2\/posts\/268443\/revisions"}],"wp:featuredmedia":[{"embeddable":true,"href":"https:\/\/www.europesays.com\/fr\/wp-json\/wp\/v2\/media\/268444"}],"wp:attachment":[{"href":"https:\/\/www.europesays.com\/fr\/wp-json\/wp\/v2\/media?parent=268443"}],"wp:term":[{"taxonomy":"category","embeddable":true,"href":"https:\/\/www.europesays.com\/fr\/wp-json\/wp\/v2\/categories?post=268443"},{"taxonomy":"post_tag","embeddable":true,"href":"https:\/\/www.europesays.com\/fr\/wp-json\/wp\/v2\/tags?post=268443"}],"curies":[{"name":"wp","href":"https:\/\/api.w.org\/{rel}","templated":true}]}}