{"id":268445,"date":"2025-07-23T16:37:10","date_gmt":"2025-07-23T16:37:10","guid":{"rendered":"https:\/\/www.europesays.com\/fr\/268445\/"},"modified":"2025-07-23T16:37:10","modified_gmt":"2025-07-23T16:37:10","slug":"en-national-2-avec-les-girondins-de-bordeaux-dinan-lehon-debutera-a-angouleme","status":"publish","type":"post","link":"https:\/\/www.europesays.com\/fr\/268445\/","title":{"rendered":"en National 2 avec les Girondins de Bordeaux, Dinan-L\u00e9hon d\u00e9butera \u00e0 Angoul\u00eame"},"content":{"rendered":"<p>            Par<br \/>\n        <strong><br \/>\n            <a href=\"https:\/\/actu.fr\/auteur\/pascal-cayeux\" title=\"Consulter tous les articles de Pascal Cayeux\" target=\"_blank\" rel=\"noopener\">Pascal Cayeux<\/a><br \/>\n        <\/strong><\/p>\n<p>        Publi\u00e9 le<\/p>\n<p>            23 juil. 2025 \u00e0 18h04        <\/p>\n<p>La saison <b>2025-26<\/b> sera pour le <a href=\"https:\/\/actu.fr\/tag\/dinan-lehon-fc\" target=\"_blank\" rel=\"noopener\">Dinan-L\u00e9hon Football-Club<\/a> sa troisi\u00e8me, cons\u00e9cutive de surcro\u00eet, en <b>National 2<\/b>, le quatri\u00e8me \u00e9chelon dans l\u2019architecture des championnats fran\u00e7ais compos\u00e9 de <b>trois groupes de 16 \u00e9quipes.<\/b><\/p>\n<p class=\" wall-content\">Le DLFC du pr\u00e9sident <a href=\"https:\/\/actu.fr\/bretagne\/dinan_22050\/cotes-darmor-dans-ce-club-repute-les-dirigeants-sen-prennent-a-leurs-elus-a-propos-des-terrains_62255458.html\" target=\"_blank\" rel=\"noopener\">Laurent Dartois<\/a> a \u00e9t\u00e9 vers\u00e9 dans le groupe A, celui de la moiti\u00e9 ouest. Particularit\u00e9 de ce groupe : n\u2019y figure aucun rel\u00e9gu\u00e9 du cran au dessus (mais il n\u2019y a que le <b>N\u00eemes Olympique<\/b> dans cette situation, plac\u00e9 dans le groupe du sud, le C).<\/p>\n<p>Aucun rel\u00e9gu\u00e9, quatre promus<\/p>\n<p class=\" wall-content\">Les joueurs de <a href=\"https:\/\/actu.fr\/bretagne\/dinan_22050\/linterview-decalee-stephane-lamant-entraineur-dinan-lehon_22558166.html\" target=\"_blank\" rel=\"noopener\">St\u00e9phane Lamant<\/a> retrouveront donc les autres \u00e9quipes bretonnes mais aussi celles de Normandie et des Pays de Loire, adversaires souvent crois\u00e9s par le pass\u00e9, en N2 ou en N3 : <b>Locmin\u00e9<\/b>, Lorient (B), <a href=\"https:\/\/actu.fr\/bretagne\/saint-malo_35288\/saint-malo-les-diables-noirs-sont-fixes-sur-la-composition-de-leur-groupe_62943688.html\" target=\"_blank\" rel=\"noopener\">Saint-Malo<\/a>, <b>Chateaubriant<\/b>, La Roche\/Yon, <b>Les Herbiers<\/b>, Granville, <a href=\"https:\/\/actu.fr\/tag\/us-avranches\" target=\"_blank\" rel=\"noopener\">Avranches<\/a>. Ces neuf \u00e9quipes repr\u00e9sentent donc plus de la moiti\u00e9 du contingent.<\/p>\n<p class=\" wall-content\">Les autres ? <b>Poitiers<\/b>, o\u00f9 Dinan avait jou\u00e9 son dernier match de la saison derni\u00e8re, et Saumur, autre adversaire de la saison pass\u00e9e, qui aurait d\u00fb \u00eatre rel\u00e9gu\u00e9, <a href=\"https:\/\/actu.fr\/normandie\/granville_50218\/football-lus-granville-repechee-en-national-2_62925232.html\" target=\"_blank\" rel=\"noopener\">comme Granville<\/a>, mais qui a \u00e9t\u00e9 rep\u00each\u00e9, rattrap\u00e9 par la ficelle du short. Et les <b>Girondins de Bordeaux<\/b>, l\u2019\u00e9pouvantail de ce groupe, ancien multiple champion de France dans la panade, sans doute dans l\u2019obligation de monter \u00e0 la fin du prochain exercice pour se donner des chance d\u2019exister encore au-del\u00e0.<\/p>\n<p>Vid\u00e9os : en ce moment sur ActuPour Bordeaux et Saint-Malo, il faudra attendre 2026<\/p>\n<p class=\" wall-content\">Sinon ? <b>Angoul\u00eame<\/b>, le club de la Charente au (lointain) pass\u00e9 professionnel que le DLFC n\u2019avait encore jamais eu l\u2019occasion de croiser, une solide formation de N2 depuis longtemps. Et des promus plus \u00e9loign\u00e9s, comme <b>Bayonne<\/b> (Pyr\u00e9n\u00e9es-Atlantiques), <b>Montlouis<\/b> (Indre-et-Loire, \u00e0 12 km de Tours) et <b>Chauray<\/b> (Deux-S\u00e8vres). Avec Lorient,\u00a0 \u00e7a fait quatre promus dans ce seul groupe.<\/p>\n<p class=\" wall-content\">Pour ouvrir sa saison, les Bleus se rendront justement \u00e0 Angoul\u00eame (qu\u2019ils recevront lors de la derni\u00e8re journ\u00e9e de championnat), le <b>samedi 16 ao\u00fbt 2025<\/b>. Une semaine plus tard, premier match \u00e0 domicile, et ce sera contre Poitiers (23 ao\u00fbt). Suivront un d\u00e9placement \u00e0 La Roche\/Yon (30 ao\u00fbt) puis la r\u00e9ception de Chauray (6 septembre).<\/p>\n<p class=\" wall-content\">Parmi les dates \u00e0 retenir, <b>la r\u00e9ception de Bordeaux<\/b> interviendra tardivement, en 2026, le 18 avril. Quant aux deux derbys attendus contre Saint-Malo, ils sont programm\u00e9s eux aussi en 2026, l\u2019aller \u00e0 Dinan le <b>17 janvier<\/b> (15e journ\u00e9e), le retour dans la cit\u00e9 corsaire le 9 mai (avant-derni\u00e8re journ\u00e9e).<\/p>\n<p>    <a href=\"https:\/\/www.facebook.com\/plugins\/post.php?href=https%3A%2F%2Fwww.facebook.com%2Fdinanlehon%2Fposts%2Fpfbid02mykoRazhBLri61y9uZhyNWz3nQghFPGBYCbcr16TMK2Qhj93H6uuYHSCz7xQpCXpl&amp;show_text=true&amp;width=350\" title=\"Ouvrie le lien\" target=\"_blank\" rel=\"noopener\">Cliquez ici pour visualiser le contenu<\/a><\/p>\n<p>Un international mauritanien est arriv\u00e9<\/p>\n<p class=\" wall-content\">C\u00f4t\u00e9 effectif, <a href=\"https:\/\/actu.fr\/bretagne\/dinan_22050\/national-2-douze-departs-et-neuf-arrivees-le-mercato-xxl-du-dinan-lehon-football-club_62819623.html\" target=\"_blank\" rel=\"noopener\">aux arriv\u00e9es d\u00e9j\u00e0 annonc\u00e9es<\/a> de <b>James Le Marer<\/b> (ex Stade briochin, N2), <b>Claude Eboumbou<\/b> (ex Belfort, N3), <b>Amir Arli<\/b> (ex Jura Sud, N2), <b>Yanis Ammour<\/b> (ex Evian Thonon Grand Gen\u00e8ve, N3), <b>Ely Julien<\/b> (ex Saint-Quentin, N3), <b>Damani Tour\u00e9 <\/b>(Milizac, N3), <b>Ulrick Eneme-Ella<\/b> (ex Paris Atletico, National),<b> Noah Bongo<\/b> (ex Andr\u00e9zieux-Bouth\u00e9on, N2) s\u2019en sont ajout\u00e9es deux autres depuis cette premi\u00e8re salve de recrutements.<\/p>\n<p class=\" wall-content\">Celle de <b>Abdoulkader Thiam<\/b>, d\u00e9fenseur international mauritanien de 26 ans en provenance de Saint-Pryv\u00e9-Saint-Hilaire (N2), form\u00e9 \u00e0 Monaco et pass\u00e9 par Orl\u00e9ans, Boulogne\/Mer et Cholet. Il suppl\u00e9e le faux-bond de Guilain Zrankeon qui a finalement opt\u00e9 pour un contrat professionnel en Suisse.<\/p>\n<p>L&rsquo;effectif 2025\/26 du Dinan-L\u00e9hon F.C. (National 2)<\/p>\n<p>Gardiens de but : Nicolas Pistol, Th\u00e9o Hamelin, Gabriel Michel-Vulcain ;<br \/>&#13;<br \/>\nD\u00e9fenseurs : James Le Marer, Abdoulkader Thiam, Christopher Mendy, Thomas Biziki, Hugo Julien, Alexandre Huot, K\u00e9vin Coiffic ;<br \/>&#13;<br \/>\nMilieux : Claude Eboumbou, Amir Arli, Lino Duffouil, Saidou Sam, Hugo Jacquemin, Victor Lefebvre ;<br \/>&#13;<br \/>\nAttaquants : Anthony Vermet, Yanis Ammour, Ely Julien, Damani Tour\u00e9, Ulrick Eneme-Ella, Noah Bongo, Nolan Heurlin.<\/p>\n<p>Du mouvement chez les gardiens<\/p>\n<p class=\" wall-content\">Autre arriv\u00e9e, celle de <b>T\u00e9o Hamelin<\/b>, gardien de but de 28 ans (1, 89 m) qui arrive de Calais. Form\u00e9 \u00e0 Nice puis pass\u00e9 par Bastia, il a surtout effectu\u00e9 quatre saisons \u00e0 Foug\u00e8res (2019-2023, 48 matches) avant de filer aux Herbiers (1 saison) et l\u2019an pass\u00e9 \u00e0 Calais (24 matchs en N3). Il compense le d\u00e9part de <b>Isa\u00efa Hubert<\/b> pour Granville.<\/p>\n<p class=\" wall-content\">Quant au troisi\u00e8me gardien de but de l\u2019effectif, il s\u2019agira de <b>Gabriel Michel-Vulcain,<\/b> titulaire de l\u2019\u00e9quipe U18 qui avait r\u00e9ussi l\u2019exploit la saison pass\u00e9e d\u2019atteindre les 1\/8e de finales de la coupe Gambardella.<\/p>\n<p class=\" wall-content\">Suivez toute l\u2019actualit\u00e9 de vos villes et m\u00e9dias favoris en vous inscrivant \u00e0 <a href=\"https:\/\/moncompte.actu.fr\" title=\"D\u00e9couvez Mon Actu\" rel=\"nofollow noopener\" data-trk=\"{&quot;cta&quot;:{&quot;action&quot;:&quot;https:\\\/\\\/moncompte.actu.fr&quot;,&quot;category&quot;:&quot;mon compte&quot;,&quot;from&quot;:&quot;article footer&quot;,&quot;name&quot;:&quot;Mon actu&quot;,&quot;type&quot;:&quot;cta&quot;}}\" target=\"_blank\">Mon Actu<\/a>.<\/p>\n","protected":false},"excerpt":{"rendered":"Par Pascal Cayeux Publi\u00e9 le 23 juil. 2025 \u00e0 18h04 La saison 2025-26 sera pour le Dinan-L\u00e9hon Football-Club&hellip;\n","protected":false},"author":2,"featured_media":268446,"comment_status":"","ping_status":"","sticky":false,"template":"","format":"standard","meta":{"footnotes":""},"categories":[2817],"tags":[1111,11,1997,40774,1777,674,63,1011,27,2908,12,2219,25,60,40775],"class_list":{"0":"post-268445","1":"post","2":"type-post","3":"status-publish","4":"format-standard","5":"has-post-thumbnail","7":"category-bordeaux","8":"tag-actu","9":"tag-actualites","10":"tag-bordeaux","11":"tag-dinan-lehon-fc","12":"tag-eu","13":"tag-europe","14":"tag-football","15":"tag-fr","16":"tag-france","17":"tag-girondins-de-bordeaux","18":"tag-news","19":"tag-nouvelle-aquitaine","20":"tag-republique-francaise","21":"tag-sports","22":"tag-us-avranches"},"share_on_mastodon":{"url":"https:\/\/pubeurope.com\/@fr\/114903531178984583","error":""},"_links":{"self":[{"href":"https:\/\/www.europesays.com\/fr\/wp-json\/wp\/v2\/posts\/268445","targetHints":{"allow":["GET"]}}],"collection":[{"href":"https:\/\/www.europesays.com\/fr\/wp-json\/wp\/v2\/posts"}],"about":[{"href":"https:\/\/www.europesays.com\/fr\/wp-json\/wp\/v2\/types\/post"}],"author":[{"embeddable":true,"href":"https:\/\/www.europesays.com\/fr\/wp-json\/wp\/v2\/users\/2"}],"replies":[{"embeddable":true,"href":"https:\/\/www.europesays.com\/fr\/wp-json\/wp\/v2\/comments?post=268445"}],"version-history":[{"count":0,"href":"https:\/\/www.europesays.com\/fr\/wp-json\/wp\/v2\/posts\/268445\/revisions"}],"wp:featuredmedia":[{"embeddable":true,"href":"https:\/\/www.europesays.com\/fr\/wp-json\/wp\/v2\/media\/268446"}],"wp:attachment":[{"href":"https:\/\/www.europesays.com\/fr\/wp-json\/wp\/v2\/media?parent=268445"}],"wp:term":[{"taxonomy":"category","embeddable":true,"href":"https:\/\/www.europesays.com\/fr\/wp-json\/wp\/v2\/categories?post=268445"},{"taxonomy":"post_tag","embeddable":true,"href":"https:\/\/www.europesays.com\/fr\/wp-json\/wp\/v2\/tags?post=268445"}],"curies":[{"name":"wp","href":"https:\/\/api.w.org\/{rel}","templated":true}]}}