{"id":268449,"date":"2025-07-23T16:39:14","date_gmt":"2025-07-23T16:39:14","guid":{"rendered":"https:\/\/www.europesays.com\/fr\/268449\/"},"modified":"2025-07-23T16:39:14","modified_gmt":"2025-07-23T16:39:14","slug":"une-expo-a-albi-raconte-comment-toulouse-lautrec-a-revolutionne-laffiche","status":"publish","type":"post","link":"https:\/\/www.europesays.com\/fr\/268449\/","title":{"rendered":"Une expo \u00e0 Albi raconte comment Toulouse-Lautrec a r\u00e9volutionn\u00e9 l&rsquo;affiche"},"content":{"rendered":"<p class=\"editor-content__paragraph\">Ses <strong>affiches<\/strong> sont devenues les<strong> symboles du Paris effervescent de la Belle \u00c9poque<\/strong>\u00a0! Port\u00e9e par une grande libert\u00e9 accord\u00e9e \u00e0 la presse mais aussi \u00e0 l\u2019affichage et au commerce, ce m\u00e9dium conna\u00eet <strong>son \u00e2ge d\u2019or<\/strong>, <a href=\"https:\/\/www.beauxarts.com\/expos\/toulouse-lautrec-cheret-mucha-quand-lart-de-laffiche-metamorphosait-les-rues-de-paris\/\" target=\"_blank\" rel=\"noopener nofollow\">saturant de couleurs les rues de Paris<\/a>. Si <strong><a href=\"https:\/\/www.beauxarts.com\/grand-format\/henri-de-toulouse-lautrec-en-2-minutes\/\" target=\"_blank\" rel=\"noopener nofollow\">Henri de Toulouse-Lautrec<\/a><\/strong> (1864\u20131901) n\u2019en est pas le ma\u00eetre le plus prolifique \u2013 il n\u2019en a produit que 31\u00a0contre un millier pour <a href=\"https:\/\/www.beauxarts.com\/grand-format\/jules-cheret-en-2-minutes\/\" target=\"_blank\" rel=\"noopener nofollow\">Jules Ch\u00e9ret<\/a> \u2013, il est celui qui en a fait <strong>un art d\u2019une modernit\u00e9 absolu<\/strong>, un terrain d\u2019exp\u00e9rimentation et d\u2019innovation stylistique in\u00e9dit.<\/p>\n<p class=\"editor-content__paragraph editor-content__paragraph--is-hidden\">C\u2019est aussi gr\u00e2ce \u00e0 l\u2019affiche que l\u2019Albigeois devient un artiste c\u00e9l\u00e8bre\u00a0! <strong>Sa silhouette de Jane Avril au Divan japonais<\/strong> comme <strong>sa figure imp\u00e9riale d\u2019Aristide Bruant<\/strong>, chapeaut\u00e9 et drap\u00e9 de rouge, restent \u00e0 jamais grav\u00e9es dans l\u2019imaginaire collectif tant l\u2019artiste fait preuve d\u2019inventivit\u00e9. Expression, mouvement, synth\u00e9tisme, composition, palette r\u00e9duite\u2026 Toulouse-Lautrec parvient \u00e0 une <strong>ma\u00eetrise totale<\/strong> de ce moyen d\u2019expression tout en saisissant bien<strong> ses enjeux commerciaux<\/strong>.<\/p>\n<p>            <strong>Continuez votre lecture<\/strong><\/p>\n<p>\n                et acc\u00e9dez \u00e0 Beaux Arts Magazine<br \/>et \u00e0 tous les contenus web<br \/><strong>en illimit\u00e9 \u00e0 partir de 5,75\u20ac \/ mois<\/strong>\n            <\/p>\n<p class=\"cta-abonnement__log-in\">\n        D\u00e9j\u00e0 abonn\u00e9 ?        <a data-id=\"aHR0cHM6Ly93d3cuYmVhdXhhcnRzLmNvbS9tb24tY29tcHRlLw==\">Connectez-vous<\/a>\n    <\/p>\n<p>            <img data-vllblanksrc=\"https:\/\/www.beauxarts.com\/expos\/comment-toulouse-lautrec-a-revolutionne-lart-de-laffiche\/1\" data-vllsrc=\"https:\/\/www.europesays.com\/fr\/wp-content\/uploads\/2025\/06\/couv-bam-493-494-232x300.png\" alt=\"\"\/><img data-vllblanksrc=\"https:\/\/www.beauxarts.com\/expos\/comment-toulouse-lautrec-a-revolutionne-lart-de-laffiche\/1\" data-vllsrc=\"https:\/\/www.europesays.com\/fr\/wp-content\/uploads\/2025\/05\/couv-bam-492-232x300.png\" alt=\"\"\/>        <\/p>\n","protected":false},"excerpt":{"rendered":"Ses affiches sont devenues les symboles du Paris effervescent de la Belle \u00c9poque\u00a0! Port\u00e9e par une grande libert\u00e9&hellip;\n","protected":false},"author":2,"featured_media":268450,"comment_status":"","ping_status":"","sticky":false,"template":"","format":"standard","meta":{"footnotes":""},"categories":[2816],"tags":[1111,11,2084,12870,1777,674,1011,27,40776,12,2680,25,2312],"class_list":{"0":"post-268449","1":"post","2":"type-post","3":"status-publish","4":"format-standard","5":"has-post-thumbnail","7":"category-toulouse","8":"tag-actu","9":"tag-actualites","10":"tag-affiche","11":"tag-art-moderne","12":"tag-eu","13":"tag-europe","14":"tag-fr","15":"tag-france","16":"tag-musee-toulouse-lautrec","17":"tag-news","18":"tag-occitanie","19":"tag-republique-francaise","20":"tag-toulouse"},"share_on_mastodon":{"url":"https:\/\/pubeurope.com\/@fr\/114903539209562416","error":""},"_links":{"self":[{"href":"https:\/\/www.europesays.com\/fr\/wp-json\/wp\/v2\/posts\/268449","targetHints":{"allow":["GET"]}}],"collection":[{"href":"https:\/\/www.europesays.com\/fr\/wp-json\/wp\/v2\/posts"}],"about":[{"href":"https:\/\/www.europesays.com\/fr\/wp-json\/wp\/v2\/types\/post"}],"author":[{"embeddable":true,"href":"https:\/\/www.europesays.com\/fr\/wp-json\/wp\/v2\/users\/2"}],"replies":[{"embeddable":true,"href":"https:\/\/www.europesays.com\/fr\/wp-json\/wp\/v2\/comments?post=268449"}],"version-history":[{"count":0,"href":"https:\/\/www.europesays.com\/fr\/wp-json\/wp\/v2\/posts\/268449\/revisions"}],"wp:featuredmedia":[{"embeddable":true,"href":"https:\/\/www.europesays.com\/fr\/wp-json\/wp\/v2\/media\/268450"}],"wp:attachment":[{"href":"https:\/\/www.europesays.com\/fr\/wp-json\/wp\/v2\/media?parent=268449"}],"wp:term":[{"taxonomy":"category","embeddable":true,"href":"https:\/\/www.europesays.com\/fr\/wp-json\/wp\/v2\/categories?post=268449"},{"taxonomy":"post_tag","embeddable":true,"href":"https:\/\/www.europesays.com\/fr\/wp-json\/wp\/v2\/tags?post=268449"}],"curies":[{"name":"wp","href":"https:\/\/api.w.org\/{rel}","templated":true}]}}