{"id":268457,"date":"2025-07-23T16:43:09","date_gmt":"2025-07-23T16:43:09","guid":{"rendered":"https:\/\/www.europesays.com\/fr\/268457\/"},"modified":"2025-07-23T16:43:09","modified_gmt":"2025-07-23T16:43:09","slug":"rouille-moisissures-et-pigeons-les-locataires-des-anais-a-marseille-en-apnee-dans-leur-appartement","status":"publish","type":"post","link":"https:\/\/www.europesays.com\/fr\/268457\/","title":{"rendered":"Rouille, moisissures et pigeons, les locataires des Ana\u00efs \u00e0 Marseille \u00ab\u00a0en apn\u00e9e\u00a0\u00bb dans leur appartement"},"content":{"rendered":"<p>Un logement peut-il d\u00e9t\u00e9riorer la sant\u00e9 jusqu\u2019\u00e0 un point de non retour\u00a0? C\u2019est la question \u00e0 laquelle sont confront\u00e9s les m\u00e9decins des locataires de la r\u00e9sidence Les Ana\u00efs (14e), dans laquelle plus d\u2019une dizaine de familles disent \u00ab\u00a0cumuler les ennuis m\u00e9dicaux\u00a0\u00bb dans <a href=\"https:\/\/www.laprovence.com\/article\/faits-divers-justice\/94878264353529\/logement-indigne-a-marseille-au-camas-une-cave-transformee-en-logement-et-des-toilettes-a-l-air-libre\" target=\"_blank\" rel=\"noopener\">des appartements en mauvais \u00e9tat<\/a>. <a href=\"https:\/\/www.laprovence.com\/article\/faits-divers-justice\/15950121680913\/le-medecin-imaginaire-consultait-les-vrais-malades-d-un-centre-de-sante\" target=\"_blank\" rel=\"noopener\">Les blouses blanches<\/a> ont, entre autres, diagnostiqu\u00e9 \u00ab\u00a0des crises d\u2019asthme \u00e0 r\u00e9p\u00e9tition\u00a0\u00bb chez un enfant dans un logement o\u00f9 \u00ab\u00a0l\u2019humidit\u00e9 dure depuis cinq ans\u00a0\u00bb, \u00ab\u00a0un lip\u0153d\u00e8me s\u00e9v\u00e8re\u00a0\u00bb (maladie famili\u00e8rement appel\u00e9e \u00ab\u00a0des jambes poteaux\u00a0\u00bb) chez une m\u00e8re qui s\u2019est vue refuser un logement au rez-de-chauss\u00e9e, tandis qu\u2019un autre s\u2019interroge sur les cons\u00e9quences de la pr\u00e9sence de rouille dans la baignoire de son patient.<\/p>\n","protected":false},"excerpt":{"rendered":"Un logement peut-il d\u00e9t\u00e9riorer la sant\u00e9 jusqu\u2019\u00e0 un point de non retour\u00a0? C\u2019est la question \u00e0 laquelle sont&hellip;\n","protected":false},"author":2,"featured_media":268458,"comment_status":"","ping_status":"","sticky":false,"template":"","format":"standard","meta":{"footnotes":""},"categories":[2814],"tags":[17,1111,11,40780,154,1777,674,1011,27,151,11296,884,40778,12,40779,882,16,25,40777],"class_list":{"0":"post-268457","1":"post","2":"type-post","3":"status-publish","4":"format-standard","5":"has-post-thumbnail","7":"category-marseille","8":"tag-17","9":"tag-actu","10":"tag-actualites","11":"tag-anais","12":"tag-des","13":"tag-eu","14":"tag-europe","15":"tag-fr","16":"tag-france","17":"tag-les","18":"tag-locataires","19":"tag-marseille","20":"tag-moisissures","21":"tag-news","22":"tag-pigeons","23":"tag-provence-alpes-cote-dazur","24":"tag-region","25":"tag-republique-francaise","26":"tag-rouille"},"share_on_mastodon":{"url":"https:\/\/pubeurope.com\/@fr\/114903554784910056","error":""},"_links":{"self":[{"href":"https:\/\/www.europesays.com\/fr\/wp-json\/wp\/v2\/posts\/268457","targetHints":{"allow":["GET"]}}],"collection":[{"href":"https:\/\/www.europesays.com\/fr\/wp-json\/wp\/v2\/posts"}],"about":[{"href":"https:\/\/www.europesays.com\/fr\/wp-json\/wp\/v2\/types\/post"}],"author":[{"embeddable":true,"href":"https:\/\/www.europesays.com\/fr\/wp-json\/wp\/v2\/users\/2"}],"replies":[{"embeddable":true,"href":"https:\/\/www.europesays.com\/fr\/wp-json\/wp\/v2\/comments?post=268457"}],"version-history":[{"count":0,"href":"https:\/\/www.europesays.com\/fr\/wp-json\/wp\/v2\/posts\/268457\/revisions"}],"wp:featuredmedia":[{"embeddable":true,"href":"https:\/\/www.europesays.com\/fr\/wp-json\/wp\/v2\/media\/268458"}],"wp:attachment":[{"href":"https:\/\/www.europesays.com\/fr\/wp-json\/wp\/v2\/media?parent=268457"}],"wp:term":[{"taxonomy":"category","embeddable":true,"href":"https:\/\/www.europesays.com\/fr\/wp-json\/wp\/v2\/categories?post=268457"},{"taxonomy":"post_tag","embeddable":true,"href":"https:\/\/www.europesays.com\/fr\/wp-json\/wp\/v2\/tags?post=268457"}],"curies":[{"name":"wp","href":"https:\/\/api.w.org\/{rel}","templated":true}]}}