{"id":268460,"date":"2025-07-23T16:45:10","date_gmt":"2025-07-23T16:45:10","guid":{"rendered":"https:\/\/www.europesays.com\/fr\/268460\/"},"modified":"2025-07-23T16:45:10","modified_gmt":"2025-07-23T16:45:10","slug":"elle-peut-vous-couter-tres-cher","status":"publish","type":"post","link":"https:\/\/www.europesays.com\/fr\/268460\/","title":{"rendered":"elle peut vous co\u00fbter tr\u00e8s cher"},"content":{"rendered":"<p>            Par<br \/>\n        <strong><br \/>\n            <a href=\"https:\/\/actu.fr\/auteur\/redaction-lyon\" title=\"Consulter tous les articles de R\u00e9daction Lyon\" rel=\"nofollow noopener\" target=\"_blank\">R\u00e9daction Lyon<\/a><br \/>\n        <\/strong><\/p>\n<p>        Publi\u00e9 le<\/p>\n<p>            23 juil. 2025 \u00e0 18h39        <\/p>\n<p>Si vous avez re\u00e7u un mail du <a href=\"https:\/\/actu.fr\/auvergne-rhone-alpes\/lyon_69123\" rel=\"nofollow noopener\" target=\"_blank\">r\u00e9seau TCL<\/a>, faites attention et regardez-y \u00e0 deux fois. La communication du r\u00e9seau des transports de l\u2019agglom\u00e9ration de <a href=\"https:\/\/actu.fr\/tag\/transports-en-commun-lyonnais-tcl\" rel=\"nofollow noopener\" target=\"_blank\">Lyon<\/a> alerte sur une <strong>arnaque en cours visant les usagers et abonn\u00e9s<\/strong>.\u00a0<\/p>\n<p class=\" wall-content\">\u00ab\u00a0Un email frauduleux, usurpant l\u2019identit\u00e9 graphique de TCL, circule actuellement. Dans cet email, des malfaiteurs vous informent que votre abonnement TCL arrive \u00e0 expiration et vous demandent de proc\u00e9der au renouvellement de ce dernier\u00a0\u00bb, explique TCL sur son site internet. Il s\u2019agit en r\u00e9alit\u00e9 d\u2019une arnaque et tomber dedans <strong>peut vous co\u00fbter cher<\/strong>.<\/p>\n<p>Une arnaque \u00e0 l\u2019abonnement TCL<\/p>\n<p class=\" wall-content\">Dans un mail reprenant le logo rouge TCL bien connu des Lyonnais, il est indiqu\u00e9 en objet : \u00ab\u00a0votre abonnement TCL arrive \u00e0 \u00e9ch\u00e9ance, on vous explique tout\u00a0\u00bb.<\/p>\n<p class=\" wall-content\">Dans le corps du texte, on peut lire : \u00ab\u00a0Ch\u00e8r(e) usager TCL, Nous avons le regret de vous annoncer que votre abonnement TCL arrive \u00e0 expiration, votre dernier pr\u00e9l\u00e8vement a \u00e9t\u00e9 d\u00e9clin\u00e9 par votre \u00e9tablissement bancaire. Si vous souhaitez proc\u00e9der au renouvellement de votre abonnement TCL, nous vous invitons \u00e0 vous connecter \u00e0 votre espace client par le biais du bouton pr\u00e9sent ci-dessous.\u00a0\u00bb<\/p>\n<p class=\" wall-content\">\n<p class=\" wall-content\">Le mail est sign\u00e9 de \u00ab\u00a0Florence Lecluse, Directrice Relation Usagers\u00a0\u00bb avec une fausse signature manuscrite.\u00a0<\/p>\n<p>\u00ab\u00a0Faire une opposition bancaire\u00a0\u00bb<\/p>\n<p class=\" wall-content\">\u00ab\u00a0Si vous avez cliqu\u00e9 sur le lien et renseign\u00e9 vos identifiants et mot de passe : modifiez ce dernier sur tous vos comptes\u00a0\u00bb, conseille TCL.<\/p>\n<p class=\" wall-content\">En cas de paiement, \u00ab\u00a0nous vous recommandons dans les plus brefs d\u00e9lais de contacter votre banque afin de faire une opposition bancaire en sp\u00e9cifiant qu\u2019il s\u2019agit d\u2019une arnaque en ligne. Votre banque vous indiquera la d\u00e9marche \u00e0 suivre.\u00a0\u00bb<\/p>\n<blockquote class=\"ac-article-quote wall-content\">\n<p>Cette arnaque en ligne est organis\u00e9e au moment m\u00eame o\u00f9 des communications officielles TCL sont envoy\u00e9es \u00e0 l\u2019approche de la rentr\u00e9e. Pour vous assurer qu\u2019il s\u2019agit d\u2019une communication officielle TCL, v\u00e9rifiez l\u2019email de l\u2019exp\u00e9diteur : les emails envoy\u00e9s par nos \u00e9quipes ont tous une adresse se terminant par \u00ab @tcl.fr \u00bb.<\/p>\n<p>    <strong>TCL<\/strong>\n            <\/p><\/blockquote>\n<p class=\" wall-content\">Suivez toute l\u2019actualit\u00e9 de vos villes et m\u00e9dias favoris en vous inscrivant \u00e0 <a href=\"https:\/\/moncompte.actu.fr\" title=\"D\u00e9couvez Mon Actu\" rel=\"nofollow noopener\" data-trk=\"{&quot;cta&quot;:{&quot;action&quot;:&quot;https:\\\/\\\/moncompte.actu.fr&quot;,&quot;category&quot;:&quot;mon compte&quot;,&quot;from&quot;:&quot;article footer&quot;,&quot;name&quot;:&quot;Mon actu&quot;,&quot;type&quot;:&quot;cta&quot;}}\" target=\"_blank\">Mon Actu<\/a>.<\/p>\n<ul class=\"ac-article-tag wall-content\">\n<li><a href=\"https:\/\/actu.fr\/tag\/arnaque\" data-trk=\"{&quot;cta&quot;:{&quot;action&quot;:&quot;Arnaque&quot;,&quot;category&quot;:&quot;tag&quot;,&quot;from&quot;:&quot;article footer&quot;,&quot;name&quot;:&quot;Arnaque&quot;,&quot;type&quot;:&quot;cta&quot;}}\" rel=\"nofollow noopener\" target=\"_blank\">#Arnaque<\/a><\/li>\n<li><a href=\"https:\/\/actu.fr\/tag\/transports-en-commun-lyonnais-tcl\" data-trk=\"{&quot;cta&quot;:{&quot;action&quot;:&quot;Transports en commun lyonnais (TCL)&quot;,&quot;category&quot;:&quot;tag&quot;,&quot;from&quot;:&quot;article footer&quot;,&quot;name&quot;:&quot;Transports en commun lyonnais (TCL)&quot;,&quot;type&quot;:&quot;cta&quot;}}\" rel=\"nofollow noopener\" target=\"_blank\">#Transports en commun lyonnais (TCL)<\/a><\/li>\n<\/ul>\n","protected":false},"excerpt":{"rendered":"Par R\u00e9daction Lyon Publi\u00e9 le 23 juil. 2025 \u00e0 18h39 Si vous avez re\u00e7u un mail du r\u00e9seau&hellip;\n","protected":false},"author":2,"featured_media":268461,"comment_status":"","ping_status":"","sticky":false,"template":"","format":"standard","meta":{"footnotes":""},"categories":[1889],"tags":[1111,11,3514,2430,1777,674,1011,27,2428,12,25,104,5787],"class_list":{"0":"post-268460","1":"post","2":"type-post","3":"status-publish","4":"format-standard","5":"has-post-thumbnail","7":"category-lyon","8":"tag-actu","9":"tag-actualites","10":"tag-arnaque","11":"tag-auvergne-rhone-alpes","12":"tag-eu","13":"tag-europe","14":"tag-fr","15":"tag-france","16":"tag-lyon","17":"tag-news","18":"tag-republique-francaise","19":"tag-societe","20":"tag-transports-en-commun-lyonnais-tcl"},"share_on_mastodon":{"url":"https:\/\/pubeurope.com\/@fr\/114903562688049328","error":""},"_links":{"self":[{"href":"https:\/\/www.europesays.com\/fr\/wp-json\/wp\/v2\/posts\/268460","targetHints":{"allow":["GET"]}}],"collection":[{"href":"https:\/\/www.europesays.com\/fr\/wp-json\/wp\/v2\/posts"}],"about":[{"href":"https:\/\/www.europesays.com\/fr\/wp-json\/wp\/v2\/types\/post"}],"author":[{"embeddable":true,"href":"https:\/\/www.europesays.com\/fr\/wp-json\/wp\/v2\/users\/2"}],"replies":[{"embeddable":true,"href":"https:\/\/www.europesays.com\/fr\/wp-json\/wp\/v2\/comments?post=268460"}],"version-history":[{"count":0,"href":"https:\/\/www.europesays.com\/fr\/wp-json\/wp\/v2\/posts\/268460\/revisions"}],"wp:featuredmedia":[{"embeddable":true,"href":"https:\/\/www.europesays.com\/fr\/wp-json\/wp\/v2\/media\/268461"}],"wp:attachment":[{"href":"https:\/\/www.europesays.com\/fr\/wp-json\/wp\/v2\/media?parent=268460"}],"wp:term":[{"taxonomy":"category","embeddable":true,"href":"https:\/\/www.europesays.com\/fr\/wp-json\/wp\/v2\/categories?post=268460"},{"taxonomy":"post_tag","embeddable":true,"href":"https:\/\/www.europesays.com\/fr\/wp-json\/wp\/v2\/tags?post=268460"}],"curies":[{"name":"wp","href":"https:\/\/api.w.org\/{rel}","templated":true}]}}