{"id":268462,"date":"2025-07-23T16:46:09","date_gmt":"2025-07-23T16:46:09","guid":{"rendered":"https:\/\/www.europesays.com\/fr\/268462\/"},"modified":"2025-07-23T16:46:09","modified_gmt":"2025-07-23T16:46:09","slug":"pluie-et-inondations-14-departements-en-vigilance-orange-toute-lile-de-france-concernee","status":"publish","type":"post","link":"https:\/\/www.europesays.com\/fr\/268462\/","title":{"rendered":"Pluie et inondations\u00a0: 14 d\u00e9partements en vigilance orange, toute l\u2019\u00cele-de-France concern\u00e9e"},"content":{"rendered":"<p class=\"paragraph text_align_left lp-f-body-02\">\u00ab\u00a0Des cumuls de pluies pourraient \u00eatre importants sur le Bassin parisien\u00a0\u00bb, pr\u00e9vient <a href=\"https:\/\/www.leparisien.fr\/paris-75\/paris-meteo-france-renforce-la-vigilance-orange-aux-orages-a-partir-de-19-heures-25-06-2025-ICXTRRNMJFAHHCYUNIJDJMN74Y.php\" target=\"_blank\" rel=\"noreferrer nofollow noopener\">M\u00e9t\u00e9o France<\/a>, ce mercredi apr\u00e8s-midi. L\u2019institut m\u00e9t\u00e9o a plac\u00e9 pour ce mercredi soir et la journ\u00e9e de jeudi\u00a014 d\u00e9partements en vigilance orange, dont l\u2019ensemble de ceux situ\u00e9s en \u00cele-de-France, <a href=\"https:\/\/www.leparisien.fr\/meteo\/pluie-orages-fraicheur-ce-temps-pourri-ca-va-durer-longtemps-21-07-2025-WXNNX5KSL5ACXPRSY7IITLJS3A.php\" target=\"_blank\" rel=\"noreferrer nofollow noopener\">pour le risque de pluies et d\u2019inondations<\/a>.<\/p>\n<p class=\"paragraph text_align_left lp-f-body-02\">Les autres d\u00e9partements concern\u00e9s sont l\u2019Eure-et-Loir, le Loiret, l\u2019Aube, la Marne, l\u2019Aisne et l\u2019Yonne.<\/p>\n<p>Entre\u00a040 et 80\u00a0mm de pluie<\/p>\n<p class=\"paragraph text_align_left lp-f-body-02\">M\u00e9t\u00e9o France pr\u00e9vient que des pluies, parfois orageuses, vont s\u2019intensifier dans les 14 d\u00e9partements plac\u00e9s en vigilance orange. Plusieurs dizaines de mm de pluie y sont attendues.<\/p>\n<p class=\"paragraph text_align_left lp-f-body-02\">\u00ab\u00a0Il pourra tomber 40 \u00e0 60\u00a0mm, avec localement des pointes pouvant atteindre 60 \u00e0 80\u00a0mm sur les d\u00e9partements plac\u00e9s en niveau orange, m\u00eame s\u2019il existe encore des divergences concernant l\u2019axe pluvieux intense\u00a0\u00bb, pr\u00e9vient la Cha\u00eene M\u00e9t\u00e9o.<\/p>\n<p class=\"paragraph text_align_left lp-f-body-02\">Selon cette m\u00eame source, cela repr\u00e9senterait l\u2019\u00e9quivalent de trois semaines de pluies d\u2019un mois de juillet.<\/p>\n<blockquote class=\"twitter-tweet\">\n<p lang=\"fr\" dir=\"ltr\">\u26a0\ufe0f\ud83d\udfe0\ud83d\udfe1\ud83c\udf27\ufe0f Voici notre mise \u00e0 jour de notre alerte, avec un passage en ORANGE pour des cumuls possiblement significatifs d&rsquo;ici ce jeudi soir. <a href=\"https:\/\/t.co\/uMzFIhUdRN\" rel=\"nofollow\">https:\/\/t.co\/uMzFIhUdRN<\/a><\/p>\n<p>\u2014 La Cha\u00eene M\u00e9t\u00e9o (@lachainemeteo) <a href=\"https:\/\/twitter.com\/lachainemeteo\/status\/1948021333553512729?ref_src=twsrc%5Etfw\" rel=\"nofollow noopener\" target=\"_blank\">July 23, 2025<\/a><\/p><\/blockquote>\n<p class=\"paragraph text_align_left lp-f-body-02\">Des orages sont \u00e0 pr\u00e9voir d\u00e8s le lever du jour de ce jeudi, du nord de l\u2019Alsace vers les Ardennes, la Champagne, le Centre-Val de Loire et l\u2019\u00cele-de-France. Ils pourront se poursuivre dans l\u2019apr\u00e8s-midi, toutefois les pluies perdront en intensit\u00e9 dans la soir\u00e9e de jeudi.<\/p>\n<p><script async src=\"https:\/\/platform.twitter.com\/widgets.js\" charset=\"utf-8\"><\/script><\/p>\n","protected":false},"excerpt":{"rendered":"\u00ab\u00a0Des cumuls de pluies pourraient \u00eatre importants sur le Bassin parisien\u00a0\u00bb, pr\u00e9vient M\u00e9t\u00e9o France, ce mercredi apr\u00e8s-midi. L\u2019institut&hellip;\n","protected":false},"author":2,"featured_media":268463,"comment_status":"","ping_status":"","sticky":false,"template":"","format":"standard","meta":{"footnotes":""},"categories":[1592],"tags":[1111,11,1777,674,1011,27,662,2487,12,626,25],"class_list":{"0":"post-268462","1":"post","2":"type-post","3":"status-publish","4":"format-standard","5":"has-post-thumbnail","7":"category-ile-de-france","8":"tag-actu","9":"tag-actualites","10":"tag-eu","11":"tag-europe","12":"tag-fr","13":"tag-france","14":"tag-ile-de-france","15":"tag-meteo","16":"tag-news","17":"tag-paris","18":"tag-republique-francaise"},"share_on_mastodon":{"url":"https:\/\/pubeurope.com\/@fr\/114903566478127235","error":""},"_links":{"self":[{"href":"https:\/\/www.europesays.com\/fr\/wp-json\/wp\/v2\/posts\/268462","targetHints":{"allow":["GET"]}}],"collection":[{"href":"https:\/\/www.europesays.com\/fr\/wp-json\/wp\/v2\/posts"}],"about":[{"href":"https:\/\/www.europesays.com\/fr\/wp-json\/wp\/v2\/types\/post"}],"author":[{"embeddable":true,"href":"https:\/\/www.europesays.com\/fr\/wp-json\/wp\/v2\/users\/2"}],"replies":[{"embeddable":true,"href":"https:\/\/www.europesays.com\/fr\/wp-json\/wp\/v2\/comments?post=268462"}],"version-history":[{"count":0,"href":"https:\/\/www.europesays.com\/fr\/wp-json\/wp\/v2\/posts\/268462\/revisions"}],"wp:featuredmedia":[{"embeddable":true,"href":"https:\/\/www.europesays.com\/fr\/wp-json\/wp\/v2\/media\/268463"}],"wp:attachment":[{"href":"https:\/\/www.europesays.com\/fr\/wp-json\/wp\/v2\/media?parent=268462"}],"wp:term":[{"taxonomy":"category","embeddable":true,"href":"https:\/\/www.europesays.com\/fr\/wp-json\/wp\/v2\/categories?post=268462"},{"taxonomy":"post_tag","embeddable":true,"href":"https:\/\/www.europesays.com\/fr\/wp-json\/wp\/v2\/tags?post=268462"}],"curies":[{"name":"wp","href":"https:\/\/api.w.org\/{rel}","templated":true}]}}