{"id":268469,"date":"2025-07-23T16:50:11","date_gmt":"2025-07-23T16:50:11","guid":{"rendered":"https:\/\/www.europesays.com\/fr\/268469\/"},"modified":"2025-07-23T16:50:11","modified_gmt":"2025-07-23T16:50:11","slug":"stains-un-homme-rentre-chez-lui-et-lui-tire-dans-la-jambe-il-refuse-de-porter-plainte","status":"publish","type":"post","link":"https:\/\/www.europesays.com\/fr\/268469\/","title":{"rendered":"Stains\u00a0: un homme rentre chez lui et lui tire dans la jambe, il refuse de porter plainte"},"content":{"rendered":"<p class=\"paragraph text_align_left lp-f-body-02\">Depuis dimanche, date de sa blessure par balle, cet homme se mure dans le silence. Les violences se sont pass\u00e9es en journ\u00e9e \u00e0 son domicile dans le Clos Saint-Lazare, \u00e0 Stains (Seine-Saint-Denis). Un individu qui lui \u00e9tait familier est venu r\u00e9gler un diff\u00e9rend, muni d\u2019une arme. Il a fait feu une fois en lui tirant dans les jambes. La victime, gri\u00e8vement bless\u00e9e, n\u2019a cependant jamais craint pour sa vie.<\/p>\n<p class=\"paragraph text_align_left lp-f-body-02\">Auditionn\u00e9e par la police, elle a refus\u00e9 de donner le nom de son agresseur et de fournir des d\u00e9tails sur les raisons de ce r\u00e8glement de comptes. \u00ab Le bless\u00e9 venait de sortir de prison il y a environ un mois \u00bb, indique une source proche du dossier \u00bb.<\/p>\n<p class=\"paragraph text_align_left lp-f-body-02\">Est-ce une querelle d\u2019ordre priv\u00e9 ou une intimidation sur fond de trafic de stup\u00e9fiants ? L\u2019enqu\u00eate confi\u00e9e \u00e0 la s\u00fbret\u00e9 territoriale de Seine-Saint-Denis le d\u00e9terminera. L\u2019auteur est toujours activement recherch\u00e9 par les forces de l\u2019ordre.<\/p>\n<p class=\"paragraph text_align_left lp-f-body-02\">Ces derniers temps, les armes sortent \u00e0 tout bout de champ \u00e0 Stains. Mi-juillet, <a href=\"https:\/\/www.leparisien.fr\/seine-saint-denis-93\/stains-lhomme-blesse-par-six-balles-se-trouvait-dans-un-pavillon-transforme-en-boite-de-nuit-11-07-2025-5GVY3SCIMVA2DIREO56KZ2OK5I.php\" target=\"_self\" rel=\"nofollow noopener\">un homme se faisait tirer dessus \u00e0 six reprises.<\/a> Rien \u00e0 voir cependant avec les violences de dimanche dernier. Des esprits gris\u00e9s s\u2019\u00e9taient enflamm\u00e9s lors d\u2019une f\u00eate dans une bo\u00eete de nuit clandestine du quartier de la Cerisaie. Un homme avait re\u00e7u plusieurs tirs dans les jambes et s\u2019en \u00e9tait tir\u00e9 miraculeusement.<\/p>\n","protected":false},"excerpt":{"rendered":"Depuis dimanche, date de sa blessure par balle, cet homme se mure dans le silence. Les violences se&hellip;\n","protected":false},"author":2,"featured_media":268470,"comment_status":"","ping_status":"","sticky":false,"template":"","format":"standard","meta":{"footnotes":""},"categories":[1888],"tags":[11,1777,674,118,1011,27,1944,12,626,25,1945],"class_list":{"0":"post-268469","1":"post","2":"type-post","3":"status-publish","4":"format-standard","5":"has-post-thumbnail","7":"category-paris","8":"tag-actualites","9":"tag-eu","10":"tag-europe","11":"tag-faits-divers","12":"tag-fr","13":"tag-france","14":"tag-ma-ville","15":"tag-news","16":"tag-paris","17":"tag-republique-francaise","18":"tag-seine-saint-denis"},"share_on_mastodon":{"url":"https:\/\/pubeurope.com\/@fr\/114903582371908750","error":""},"_links":{"self":[{"href":"https:\/\/www.europesays.com\/fr\/wp-json\/wp\/v2\/posts\/268469","targetHints":{"allow":["GET"]}}],"collection":[{"href":"https:\/\/www.europesays.com\/fr\/wp-json\/wp\/v2\/posts"}],"about":[{"href":"https:\/\/www.europesays.com\/fr\/wp-json\/wp\/v2\/types\/post"}],"author":[{"embeddable":true,"href":"https:\/\/www.europesays.com\/fr\/wp-json\/wp\/v2\/users\/2"}],"replies":[{"embeddable":true,"href":"https:\/\/www.europesays.com\/fr\/wp-json\/wp\/v2\/comments?post=268469"}],"version-history":[{"count":0,"href":"https:\/\/www.europesays.com\/fr\/wp-json\/wp\/v2\/posts\/268469\/revisions"}],"wp:featuredmedia":[{"embeddable":true,"href":"https:\/\/www.europesays.com\/fr\/wp-json\/wp\/v2\/media\/268470"}],"wp:attachment":[{"href":"https:\/\/www.europesays.com\/fr\/wp-json\/wp\/v2\/media?parent=268469"}],"wp:term":[{"taxonomy":"category","embeddable":true,"href":"https:\/\/www.europesays.com\/fr\/wp-json\/wp\/v2\/categories?post=268469"},{"taxonomy":"post_tag","embeddable":true,"href":"https:\/\/www.europesays.com\/fr\/wp-json\/wp\/v2\/tags?post=268469"}],"curies":[{"name":"wp","href":"https:\/\/api.w.org\/{rel}","templated":true}]}}