{"id":268471,"date":"2025-07-23T16:51:11","date_gmt":"2025-07-23T16:51:11","guid":{"rendered":"https:\/\/www.europesays.com\/fr\/268471\/"},"modified":"2025-07-23T16:51:11","modified_gmt":"2025-07-23T16:51:11","slug":"lauteur-renvoye-aux-assises-pour-assassinats-racistes-mais-pas-terroristes","status":"publish","type":"post","link":"https:\/\/www.europesays.com\/fr\/268471\/","title":{"rendered":"l&rsquo;auteur renvoy\u00e9 aux assises pour assassinats racistes, mais pas terroristes"},"content":{"rendered":"<p>Des juges d&rsquo;instruction ont ordonn\u00e9 mardi le renvoi aux assises pour assassinats racistes, mais pas terroristes, de William Malet, un ex-chauffeur de TGV de 72 ans qui a <a href=\"https:\/\/www.ledauphine.com\/faits-divers-justice\/2022\/12\/25\/le-suspect-voulait-d-abord-tuer-des-etrangers-a-saint-denis\" target=\"_blank\" rel=\"noopener\">reconnu avoir tu\u00e9 trois Kurdes en d\u00e9cembre 2022 \u00e0 Paris<\/a>, a indiqu\u00e9 le parquet mercredi, confirmant une information de <a href=\"https:\/\/www.bfmtv.com\/police-justice\/info-bfmtv-fusillade-devant-un-centre-kurde-a-paris-william-malet-renvoye-devant-la-cour-d-assises-pour-assassinats-en-raison-de-la-race-mais-pas-pour-terrorisme_AN-202507230385.html\" target=\"_blank\" rel=\"nofollow noopener\">BFMTV<\/a>.<\/p>\n<p>Selon cette source, <a href=\"https:\/\/www.ledauphine.com\/faits-divers-justice\/2023\/05\/09\/tuerie-anti-kurdes-a-paris-le-principal-suspect-condamne-a-trois-ans-de-prison-dans-une-autre-affaire\" target=\"_blank\" rel=\"noopener\">William Malet<\/a>, qui avait dit en interrogatoire avoir voulu \u00ab faire un attentat \u00bb avant de nuancer, sera jug\u00e9 pour assassinats et tentatives d&rsquo;assassinats en raison de la race, ainsi que pour diverses infractions \u00e0 la l\u00e9gislation sur les armes.<\/p>\n<p>William Malet avait reconnu avoir ouvert le feu, le 23 d\u00e9cembre 2022, devant un centre culturel kurde rue d&rsquo;Enghien (10e arrondissement) \u00e0 Paris, faisant trois morts et trois bless\u00e9s.<\/p>\n<p>Ce contenu est bloqu\u00e9 car vous n&rsquo;avez pas accept\u00e9 les cookies et autres traceurs.<\/p>\n<p>En cliquant sur \u00ab J\u2019accepte \u00bb, les cookies et autres traceurs seront d\u00e9pos\u00e9s et vous pourrez visualiser les contenus  (<a href=\"\" class=\"consentModule_policy\" target=\"_blank\" title=\"Consulter la politique de protection des donn\u00e9es du fournisseur\">plus d&rsquo;informations<\/a>).<\/p>\n<p>En cliquant sur \u00ab J\u2019accepte tous les cookies \u00bb, vous autorisez des d\u00e9p\u00f4ts de cookies et autres traceurs pour le stockage de vos donn\u00e9es sur nos sites et applications \u00e0 des fins de personnalisation et de ciblage publicitaire.<\/p>\n<p class=\"consentModule_secondaryText\">Vous gardez la possibilit\u00e9 de retirer votre consentement \u00e0 tout moment en consultant notre <a href=\"https:\/\/www.ledauphine.com\/protection-des-donnees\" target=\"_blank\" title=\"Consulter notre politique de protection des donn\u00e9es\" rel=\"noopener\">politique de protection des donn\u00e9es<\/a>. <br \/>&#13;<br \/>\n            <a href=\"https:\/\/www.ledauphine.com\/faits-divers-justice\/2025\/07\/23\/javascript:Didomi.notice.show()\" class=\"consentModule_cmp\" target=\"_blank\" rel=\"noopener\">G\u00e9rer mes choix<\/a>&#13;\n        <\/p>\n<p>&#13;<br \/>\n                        J&rsquo;accepte&#13;<br \/>\n            J&rsquo;accepte tous les cookies&#13;\n        <\/p>\n<p>Mis en examen et <a href=\"https:\/\/www.ledauphine.com\/faits-divers-justice\/2022\/12\/26\/tuerie-a-paris-ce-que-l-on-sait-de-l-attaque-ou-trois-kurdes-sont-morts\" target=\"_blank\" rel=\"noopener\">\u00e9crou\u00e9 apr\u00e8s les faits<\/a> &#8211; il est toujours en d\u00e9tention provisoire -, il avait expliqu\u00e9 son geste par sa \u00ab haine pathologique \u00bb des \u00e9trangers. Onze jours avant son attaque, il \u00e9tait sorti d&rsquo;un an de d\u00e9tention provisoire pour avoir bless\u00e9 avec un sabre des migrants dans un campement parisien en d\u00e9cembre 2021.<\/p>\n<p>Une expertise psychiatrique a reconnu l&rsquo;alt\u00e9ration de son discernement. Il pourrait donc ne pas risquer la r\u00e9clusion criminelle \u00e0 perp\u00e9tuit\u00e9 mais 30 ans de prison.<\/p>\n<p>\u00c9tonnement des parties civiles<\/p>\n<p>\u00ab Les parties civiles s&rsquo;\u00e9tonnent de l&rsquo;absence de qualification terroriste, eu \u00e9gard aux d\u00e9clarations de M. Malet durant toute l&rsquo;instruction \u00bb, a indiqu\u00e9 \u00e0 l&rsquo;AFP Me David Andic, qui repr\u00e9sente plusieurs parties civiles dont le Conseil d\u00e9mocratique kurde en France (CDK-F) avec Me Christian Charri\u00e8re-Bournazel, Laurent Pasquet-Marinacce et Youri Krassoulia.<\/p>\n<p>Les parties civiles \u00ab prennent acte du refus d&rsquo;investiguer \u00bb sur ce point \u00ab et vont faire appel des ordonnances de rejet de demandes d&rsquo;actes rendues par les juges d&rsquo;instruction \u00bb, a ajout\u00e9 ce conseil. L&rsquo;avocat de M. Malet, Me Cl\u00e9ment Pialoux, n&rsquo;a pas r\u00e9pondu \u00e0 l&rsquo;AFP.<\/p>\n","protected":false},"excerpt":{"rendered":"Des juges d&rsquo;instruction ont ordonn\u00e9 mardi le renvoi aux assises pour assassinats racistes, mais pas terroristes, de William&hellip;\n","protected":false},"author":2,"featured_media":268472,"comment_status":"","ping_status":"","sticky":false,"template":"","format":"standard","meta":{"footnotes":""},"categories":[1888],"tags":[11,271,272,1777,674,274,107,1011,27,329,12,626,25],"class_list":{"0":"post-268471","1":"post","2":"type-post","3":"status-publish","4":"format-standard","5":"has-post-thumbnail","7":"category-paris","8":"tag-actualites","9":"tag-crime","10":"tag-delit-et-contravention","11":"tag-eu","12":"tag-europe","13":"tag-faits-divers-justice","14":"tag-fil-info","15":"tag-fr","16":"tag-france","17":"tag-france-monde","18":"tag-news","19":"tag-paris","20":"tag-republique-francaise"},"share_on_mastodon":{"url":"https:\/\/pubeurope.com\/@fr\/114903586723125983","error":""},"_links":{"self":[{"href":"https:\/\/www.europesays.com\/fr\/wp-json\/wp\/v2\/posts\/268471","targetHints":{"allow":["GET"]}}],"collection":[{"href":"https:\/\/www.europesays.com\/fr\/wp-json\/wp\/v2\/posts"}],"about":[{"href":"https:\/\/www.europesays.com\/fr\/wp-json\/wp\/v2\/types\/post"}],"author":[{"embeddable":true,"href":"https:\/\/www.europesays.com\/fr\/wp-json\/wp\/v2\/users\/2"}],"replies":[{"embeddable":true,"href":"https:\/\/www.europesays.com\/fr\/wp-json\/wp\/v2\/comments?post=268471"}],"version-history":[{"count":0,"href":"https:\/\/www.europesays.com\/fr\/wp-json\/wp\/v2\/posts\/268471\/revisions"}],"wp:featuredmedia":[{"embeddable":true,"href":"https:\/\/www.europesays.com\/fr\/wp-json\/wp\/v2\/media\/268472"}],"wp:attachment":[{"href":"https:\/\/www.europesays.com\/fr\/wp-json\/wp\/v2\/media?parent=268471"}],"wp:term":[{"taxonomy":"category","embeddable":true,"href":"https:\/\/www.europesays.com\/fr\/wp-json\/wp\/v2\/categories?post=268471"},{"taxonomy":"post_tag","embeddable":true,"href":"https:\/\/www.europesays.com\/fr\/wp-json\/wp\/v2\/tags?post=268471"}],"curies":[{"name":"wp","href":"https:\/\/api.w.org\/{rel}","templated":true}]}}