{"id":268475,"date":"2025-07-23T16:53:13","date_gmt":"2025-07-23T16:53:13","guid":{"rendered":"https:\/\/www.europesays.com\/fr\/268475\/"},"modified":"2025-07-23T16:53:13","modified_gmt":"2025-07-23T16:53:13","slug":"en-ukraine-volodymyr-zelensky-liquide-lindependance-des-agences-anticorruption-au-nom-de-la-lutte-contre-lingerence-russe","status":"publish","type":"post","link":"https:\/\/www.europesays.com\/fr\/268475\/","title":{"rendered":"En Ukraine, Volodymyr Zelensky liquide l\u2019ind\u00e9pendance des agences anticorruption au nom de la lutte contre l\u2019ing\u00e9rence russe"},"content":{"rendered":"<p>Depuis le d\u00e9but de <a href=\"https:\/\/www.humanite.fr\/monde\/guerre-en-ukraine\/guerre-en-ukraine-pourquoi-kiev-annonce-de-nouveaux-pourparlers-de-paix-avec-moscou\" rel=\"nofollow noopener\" target=\"_blank\">l\u2019invasion russe<\/a> en f\u00e9vrier 2022, l\u2019Ukraine n\u2019avait pas connu de manifestation de cette envergure. Au soir du mardi 22\u00a0juillet, plus d\u2019un millier d\u2019Ukrainiens se sont rassembl\u00e9s sous les fen\u00eatres de l\u2019administration pr\u00e9sidentielle \u00e0 Kiev.<\/p>\n<p>Quelques heures plus t\u00f4t, la Rada \u2013 le Parlement ukrainien \u2013 adoptait une loi soumettant les deux agences anticorruption \u00e0 l\u2019autorit\u00e9 du procureur g\u00e9n\u00e9ral, lui-m\u00eame nomm\u00e9 par le pr\u00e9sident de la R\u00e9publique.<\/p>\n<p>\u00ab\u00a0Mon p\u00e8re n\u2019est pas mort pour&#8230;<\/p>\n","protected":false},"excerpt":{"rendered":"Depuis le d\u00e9but de l\u2019invasion russe en f\u00e9vrier 2022, l\u2019Ukraine n\u2019avait pas connu de manifestation de cette envergure.&hellip;\n","protected":false},"author":2,"featured_media":268476,"comment_status":"","ping_status":"","sticky":false,"template":"","format":"standard","meta":{"footnotes":""},"categories":[1590],"tags":[11,1777,674,12,40781,220,134],"class_list":{"0":"post-268475","1":"post","2":"type-post","3":"status-publish","4":"format-standard","5":"has-post-thumbnail","7":"category-ukraine","8":"tag-actualites","9":"tag-eu","10":"tag-europe","11":"tag-news","12":"tag-place-mau00efdan","13":"tag-ukraine","14":"tag-volodymyr-zelensky"},"share_on_mastodon":{"url":"https:\/\/pubeurope.com\/@fr\/114903594046342332","error":""},"_links":{"self":[{"href":"https:\/\/www.europesays.com\/fr\/wp-json\/wp\/v2\/posts\/268475","targetHints":{"allow":["GET"]}}],"collection":[{"href":"https:\/\/www.europesays.com\/fr\/wp-json\/wp\/v2\/posts"}],"about":[{"href":"https:\/\/www.europesays.com\/fr\/wp-json\/wp\/v2\/types\/post"}],"author":[{"embeddable":true,"href":"https:\/\/www.europesays.com\/fr\/wp-json\/wp\/v2\/users\/2"}],"replies":[{"embeddable":true,"href":"https:\/\/www.europesays.com\/fr\/wp-json\/wp\/v2\/comments?post=268475"}],"version-history":[{"count":0,"href":"https:\/\/www.europesays.com\/fr\/wp-json\/wp\/v2\/posts\/268475\/revisions"}],"wp:featuredmedia":[{"embeddable":true,"href":"https:\/\/www.europesays.com\/fr\/wp-json\/wp\/v2\/media\/268476"}],"wp:attachment":[{"href":"https:\/\/www.europesays.com\/fr\/wp-json\/wp\/v2\/media?parent=268475"}],"wp:term":[{"taxonomy":"category","embeddable":true,"href":"https:\/\/www.europesays.com\/fr\/wp-json\/wp\/v2\/categories?post=268475"},{"taxonomy":"post_tag","embeddable":true,"href":"https:\/\/www.europesays.com\/fr\/wp-json\/wp\/v2\/tags?post=268475"}],"curies":[{"name":"wp","href":"https:\/\/api.w.org\/{rel}","templated":true}]}}