{"id":268479,"date":"2025-07-23T16:56:10","date_gmt":"2025-07-23T16:56:10","guid":{"rendered":"https:\/\/www.europesays.com\/fr\/268479\/"},"modified":"2025-07-23T16:56:10","modified_gmt":"2025-07-23T16:56:10","slug":"lallemagne-leve-son-veto-a-la-livraison-deurofighter-a-la-turquie","status":"publish","type":"post","link":"https:\/\/www.europesays.com\/fr\/268479\/","title":{"rendered":"L\u2019Allemagne l\u00e8ve son veto \u00e0 la livraison d\u2019Eurofighter \u00e0 la Turquie"},"content":{"rendered":"<p>                         <img loading=\"lazy\" decoding=\"async\" src=\"https:\/\/www.europesays.com\/fr\/wp-content\/uploads\/2025\/07\/99839d0_ftp-import-images-1-awm4uvxtajwy-2025-07-23t073328z-1610565455-rc27sfaw00fc-rtrmadp-3-turkey.jpeg\" alt=\"John Healey (\u00e0 gauche), secr\u00e9taire britannique \u00e0 la d\u00e9fense, et Yasar G\u00fcler, son homologue turc, lors d\u2019une c\u00e9r\u00e9monie de signature en marge du Salon international de l\u2019industrie de la d\u00e9fense, \u00e0 Istanbul, mercredi\u00a023\u00a0juillet\u00a02025.\"   width=\"664\" height=\"443\"\/>    John Healey (\u00e0 gauche), secr\u00e9taire britannique \u00e0 la d\u00e9fense, et Yasar G\u00fcler, son homologue turc, lors d\u2019une c\u00e9r\u00e9monie de signature en marge du Salon international de l\u2019industrie de la d\u00e9fense, \u00e0 Istanbul, mercredi\u00a023\u00a0juillet\u00a02025.  DILARA SENKAYA\/REUTERS                 <\/p>\n<p class=\"article__paragraph  \">Berlin a lev\u00e9 son opposition aux livraisons des Eurofighter demand\u00e9s par Ankara, a confirm\u00e9 le porte-parole du gouvernement allemand, Stefan Kornelius, mercredi 23\u00a0juillet. L\u2019Eurofighter \u00e9tant fabriqu\u00e9 au sein d\u2019un consortium compos\u00e9 de l\u2019Allemagne, du Royaume-Uni, de l\u2019Italie et de l\u2019Espagne, cette autorisation \u00e9tait n\u00e9cessaire \u00e0 toute exportation dans un pays tiers.<\/p>\n<p class=\"article__paragraph  \">La Turquie avait d\u00e9pos\u00e9 en mars\u00a02023 une demande d\u2019autorisation. L\u2019accord pr\u00e9voit la livraison de 40 avions de combat. Les appareils doivent \u00eatre construits au Royaume-Uni et les pi\u00e8ces fournies par l\u2019Allemagne.<\/p>\n<p class=\"article__paragraph  \">C\u2019est un tournant, \u00ab\u00a0le d\u00e9but d\u2019une nouvelle \u00e8re\u00a0\u00bb, selon Ankara, qui met fin \u00e0 deux ann\u00e9es de blocage, mais consacre aussi le retour d\u2019un pragmatisme assum\u00e9 dans la politique \u00e9trang\u00e8re allemande. Contrairement \u00e0 une position longtemps d\u00e9fendue, qui consistait \u00e0 refuser toute livraison d\u2019armement \u00e0 une puissance non d\u00e9mocratique ou en conflit ouvert, Berlin s\u2019est adapt\u00e9 \u00e0 la nouvelle \u00e8re de la g\u00e9opolitique. Plus question, d\u00e9sormais, de faire pression sur la Turquie pour ses libert\u00e9s prises avec la d\u00e9mocratie et les droits de l\u2019homme, comme <a href=\"https:\/\/www.lemonde.fr\/international\/article\/2025\/03\/23\/en-turquie-le-maire-d-istanbul-principal-opposant-a-erdogan-denonce-un-coup-d-etat-apres-son-incarceration_6585153_3210.html\" rel=\"nofollow noopener\" target=\"_blank\">l\u2019incarc\u00e9ration, en mars, du maire d\u2019Istanbul Ekrem Imamoglu, le principal opposant au pr\u00e9sident turc Erdogan<\/a>.<\/p>\n<p class=\"reading-mode-only \"><strong>Il vous reste 71.41% de cet article \u00e0 lire. La suite est r\u00e9serv\u00e9e aux abonn\u00e9s.<\/strong><\/p>\n","protected":false},"excerpt":{"rendered":"John Healey (\u00e0 gauche), secr\u00e9taire britannique \u00e0 la d\u00e9fense, et Yasar G\u00fcler, son homologue turc, lors d\u2019une c\u00e9r\u00e9monie&hellip;\n","protected":false},"author":2,"featured_media":268480,"comment_status":"","ping_status":"","sticky":false,"template":"","format":"standard","meta":{"footnotes":""},"categories":[1587],"tags":[11,672,1804,1805,1803,1777,674,1801,12,1802],"class_list":{"0":"post-268479","1":"post","2":"type-post","3":"status-publish","4":"format-standard","5":"has-post-thumbnail","7":"category-allemagne","8":"tag-actualites","9":"tag-allemagne","10":"tag-bundesrepublik-deutschland","11":"tag-de","12":"tag-deutschland","13":"tag-eu","14":"tag-europe","15":"tag-germany","16":"tag-news","17":"tag-republique-federale-dallemagne"},"share_on_mastodon":{"url":"https:\/\/pubeurope.com\/@fr\/114903605845838701","error":""},"_links":{"self":[{"href":"https:\/\/www.europesays.com\/fr\/wp-json\/wp\/v2\/posts\/268479","targetHints":{"allow":["GET"]}}],"collection":[{"href":"https:\/\/www.europesays.com\/fr\/wp-json\/wp\/v2\/posts"}],"about":[{"href":"https:\/\/www.europesays.com\/fr\/wp-json\/wp\/v2\/types\/post"}],"author":[{"embeddable":true,"href":"https:\/\/www.europesays.com\/fr\/wp-json\/wp\/v2\/users\/2"}],"replies":[{"embeddable":true,"href":"https:\/\/www.europesays.com\/fr\/wp-json\/wp\/v2\/comments?post=268479"}],"version-history":[{"count":0,"href":"https:\/\/www.europesays.com\/fr\/wp-json\/wp\/v2\/posts\/268479\/revisions"}],"wp:featuredmedia":[{"embeddable":true,"href":"https:\/\/www.europesays.com\/fr\/wp-json\/wp\/v2\/media\/268480"}],"wp:attachment":[{"href":"https:\/\/www.europesays.com\/fr\/wp-json\/wp\/v2\/media?parent=268479"}],"wp:term":[{"taxonomy":"category","embeddable":true,"href":"https:\/\/www.europesays.com\/fr\/wp-json\/wp\/v2\/categories?post=268479"},{"taxonomy":"post_tag","embeddable":true,"href":"https:\/\/www.europesays.com\/fr\/wp-json\/wp\/v2\/tags?post=268479"}],"curies":[{"name":"wp","href":"https:\/\/api.w.org\/{rel}","templated":true}]}}