{"id":268492,"date":"2025-07-23T17:05:10","date_gmt":"2025-07-23T17:05:10","guid":{"rendered":"https:\/\/www.europesays.com\/fr\/268492\/"},"modified":"2025-07-23T17:05:10","modified_gmt":"2025-07-23T17:05:10","slug":"atp-boris-becker-si-javais-ete-lentraineur-dalexander-zverev-je-lui-aurais-conseille-de-ne-pas-reveler-de-telles-informations-sur-son-etat-mental-apres-sa-defaite-au-premier-tour-de-wimbledon","status":"publish","type":"post","link":"https:\/\/www.europesays.com\/fr\/268492\/","title":{"rendered":"ATP > Boris Becker : \u00ab\u00a0Si j&rsquo;avais \u00e9t\u00e9 l&rsquo;entra\u00eeneur d&rsquo;Alexander Zverev, je lui aurais conseill\u00e9 de ne pas r\u00e9v\u00e9ler de telles informations sur son \u00e9tat mental apr\u00e8s sa d\u00e9faite au premier tour de Wimbledon\u00a0\u00bb"},"content":{"rendered":"<p>Boris Becker parle beau\u00adcoup d\u2019Alexander Zverev \u00e0 tel point que cela peut irriter ce dernier.\u00a0<\/p>\n<p>R\u00e9cemment invit\u00e9 pour un \u00e9v\u00e8ne\u00adment multi\u00adsports en Allemagne, l\u2019an\u00adcien num\u00e9ro 1 mondial s\u2019est une nouvelle fois exprim\u00e9 sur son compa\u00adtriote, qui a exprim\u00e9 un certain mal\u2010\u00eatre suite \u00e0 son \u00e9limi\u00adna\u00adtion d\u00e8s le premier tour de Wimbledon. Une erreur de commu\u00adni\u00adca\u00adtion pour \u00ab\u202fBoum\u2010Boum\u202f\u00bb.\u00a0<\/p>\n<p><strong>\u00ab\u202fAlexander Zverev est une sorte de fils adoptif sportif pour moi\u202f; j\u2019ai beau\u00adcoup d\u2019empathie pour lui. Si j\u2019avais \u00e9t\u00e9 son entra\u00ee\u00adneur, je lui aurais conseill\u00e9 de ne pas r\u00e9v\u00e9ler de telles infor\u00adma\u00adtions sur son \u00e9tat mental lors de la conf\u00e9\u00adrence de presse de Wimbledon. Id\u00e9alement, on ne se confie pas lors\u00adqu\u2019on est \u00e9limin\u00e9 au premier tour d\u2019un tournoi du Grand Chelem.\u202f\u00bb<\/strong><\/p>\n<p class=\"post-published-date\" style=\"color: silver; font-size: 75%; text-align: left;\">Publi\u00e9 le mercredi 23 juillet 2025 \u00e0 18:11<\/p>\n","protected":false},"excerpt":{"rendered":"Boris Becker parle beau\u00adcoup d\u2019Alexander Zverev \u00e0 tel point que cela peut irriter ce dernier.\u00a0 R\u00e9cemment invit\u00e9 pour&hellip;\n","protected":false},"author":2,"featured_media":8884,"comment_status":"","ping_status":"","sticky":false,"template":"","format":"standard","meta":{"footnotes":""},"categories":[1415],"tags":[1011,27,60,1467,4542],"class_list":{"0":"post-268492","1":"post","2":"type-post","3":"status-publish","4":"format-standard","5":"has-post-thumbnail","7":"category-tennis","8":"tag-fr","9":"tag-france","10":"tag-sports","11":"tag-tennis","12":"tag-zverev"},"share_on_mastodon":{"url":"https:\/\/pubeurope.com\/@fr\/114903641159495698","error":""},"_links":{"self":[{"href":"https:\/\/www.europesays.com\/fr\/wp-json\/wp\/v2\/posts\/268492","targetHints":{"allow":["GET"]}}],"collection":[{"href":"https:\/\/www.europesays.com\/fr\/wp-json\/wp\/v2\/posts"}],"about":[{"href":"https:\/\/www.europesays.com\/fr\/wp-json\/wp\/v2\/types\/post"}],"author":[{"embeddable":true,"href":"https:\/\/www.europesays.com\/fr\/wp-json\/wp\/v2\/users\/2"}],"replies":[{"embeddable":true,"href":"https:\/\/www.europesays.com\/fr\/wp-json\/wp\/v2\/comments?post=268492"}],"version-history":[{"count":0,"href":"https:\/\/www.europesays.com\/fr\/wp-json\/wp\/v2\/posts\/268492\/revisions"}],"wp:featuredmedia":[{"embeddable":true,"href":"https:\/\/www.europesays.com\/fr\/wp-json\/wp\/v2\/media\/8884"}],"wp:attachment":[{"href":"https:\/\/www.europesays.com\/fr\/wp-json\/wp\/v2\/media?parent=268492"}],"wp:term":[{"taxonomy":"category","embeddable":true,"href":"https:\/\/www.europesays.com\/fr\/wp-json\/wp\/v2\/categories?post=268492"},{"taxonomy":"post_tag","embeddable":true,"href":"https:\/\/www.europesays.com\/fr\/wp-json\/wp\/v2\/tags?post=268492"}],"curies":[{"name":"wp","href":"https:\/\/api.w.org\/{rel}","templated":true}]}}