{"id":268493,"date":"2025-07-23T17:07:11","date_gmt":"2025-07-23T17:07:11","guid":{"rendered":"https:\/\/www.europesays.com\/fr\/268493\/"},"modified":"2025-07-23T17:07:11","modified_gmt":"2025-07-23T17:07:11","slug":"voici-la-traduction-accrocheuse-et-raccourcie-le-pilote-motogp-en-tete-des-recrues-pour-les-equipes-worldsbk","status":"publish","type":"post","link":"https:\/\/www.europesays.com\/fr\/268493\/","title":{"rendered":"Voici la traduction accrocheuse et raccourcie : Le pilote MotoGP en t\u00eate des recrues pour les \u00e9quipes WorldSBK"},"content":{"rendered":"<p>Depuis plusieurs mois, la rumeur d\u2019un \u00e9ventuel transfert de Jack Miller vers le World Superbike (WorldSBK) en 2026 enfle. Mais une question persiste : ce changement se ferait-il n\u00e9cessairement sous la banni\u00e8re Honda ?<\/p>\n<p>Le march\u00e9 des pilotes en WorldSBK a \u00e9t\u00e9 profond\u00e9ment boulevers\u00e9 cette ann\u00e9e. D\u2019une part, le d\u00e9part de Toprak Razgatlioglu vers la MotoGP pour 2026 a ouvert plusieurs opportunit\u00e9s. D\u2019autre part, Ducati semble peu enclin \u00e0 prolonger son contrat avec \u00c1lvaro Bautista aux conditions actuelles. Cette dynamique se conjugue avec la fin prochaine des contrats de la plupart des \u00e9quipes d\u2019usine : BMW arrive au terme de l\u2019accord avec Michael van der Mark, Honda voit ses contrats avec ses pilotes expirer, tout comme Yamaha avec Jonathan Rea. De nombreuses portes s\u2019ouvrent ainsi pour la saison prochaine, et plusieurs pilotes pourraient bien tenter leur chance.<\/p>\n<p>Cependant, le passage de Razgatlioglu en MotoGP pourrait pousser certains \u00e0 la sortie, dont Jack Miller. L\u2019Australien souhaite toujours \u00e9voluer en MotoGP, avec pour unique option un renouvellement avec Yamaha. S\u2019engagerait-il alors avec Pramac Yamaha ou l\u2019\u00e9quipe officielle ? Miller pourrait rester aux c\u00f4t\u00e9s de Razgatlioglu. Mais si Pramac parvient \u00e0 devancer LCR Honda dans la signature de Diogo Moreira, et si Yamaha se d\u00e9cide \u00e0 l\u00e2cher Alex Rins, dont les performances ont d\u00e9\u00e7u en premi\u00e8re moiti\u00e9 de saison 2025, une place pourrait se lib\u00e9rer.<\/p>\n<p>Jack Miller, en t\u00eate de liste des \u00e9quipes WorldSBK<br \/>\n<img data-lazyloaded=\"1\" width=\"900\" height=\"599\" decoding=\"async\" src=\"https:\/\/www.europesays.com\/fr\/wp-content\/uploads\/2025\/07\/Voici-la-traduction-accrocheuse-et-raccourcie-Le-pilote-MotoGP.jpg\" alt=\"Jack Miller lors du Grand Prix de R\u00e9publique Tch\u00e8que 2025 de MotoGP\" loading=\"lazy\" style=\"max-width:100%;height:auto;\"\/>Jack Miller, Grand Prix MotoGP de R\u00e9publique Tch\u00e8que 2025 \u2013 Cr\u00e9dit : Gold &amp; Goose<\/p>\n<p>Si Miller venait \u00e0 \u00eatre \u00e9vinc\u00e9 de MotoGP, le WorldSBK pourrait alors devenir une option s\u00e9rieuse. Depuis plusieurs mois, son nom est associ\u00e9 \u00e0 une signature chez Honda, o\u00f9 il pourrait co\u00e9quipier avec Jake Dixon, d\u00e9j\u00e0 pressenti par l\u2019\u00e9curie japonaise.<\/p>\n<p>Mais Honda ne serait pas la seule \u00e9quipe \u00e0 convoiter Miller. Steve English, commentateur international pour WorldSBK, indique sur le m\u00e9dia officiel WorldSBK.com que plusieurs constructeurs gardent Miller \u00e0 l\u2019\u0153il : \u00ab Jack Miller figure en t\u00eate de liste des pilotes recherch\u00e9s par plusieurs fabricants en WorldSBK. \u00bb<\/p>\n<p>Pour l\u2019instant, Miller mise sur une derni\u00e8re chance en MotoGP, notamment avec l\u2019espoir d\u2019une Yamaha V4. Toutefois, en cas de plan B, plusieurs options s\u2019offrent \u00e0 lui.<\/p>\n<p>Bimota a d\u00e9j\u00e0 renouvel\u00e9 avec Alex Lowes et Axel Bassani pour 2026, et Kawasaki reste fid\u00e8le \u00e0 une seule machine au sein de Puccetti avec Garrett Gerloff. Cela laisse donc trois possibilit\u00e9s hors Honda :<\/p>\n<ul>\n<li>L\u2019\u00e9quipe officielle Yamaha en WorldSBK, si Miller souhaite rester chez Yamaha mais hors MotoGP.<\/li>\n<li>BMW, \u00e0 condition que le pilote Aron Canet ne soit pas sign\u00e9, le constructeur \u00e9tant leur priorit\u00e9 ou si Michael van der Mark quitte l\u2019\u00e9quipe.<\/li>\n<li>Ducati, qui pourrait th\u00e9oriquement remplacer \u00c1lvaro Bautista.<\/li>\n<\/ul>\n<p>D\u2019apr\u00e8s les rumeurs, Ducati pourrait tenter de d\u00e9baucher Canet, au grand d\u00e9sarroi de BMW. Le principal obstacle r\u00e9side dans la dur\u00e9e du contrat propos\u00e9e, BMW ne s\u2019engageant pas au-del\u00e0 de 2026. Si Canet rejoint Ducati, cela fermerait la porte au constructeur allemand pour Miller, mais verrait celle-ci s\u2019ouvrir davantage chez BMW, m\u00eame si van der Mark restait.<\/p>\n<p>En r\u00e9sum\u00e9, Miller est sans doute le pilote avec le plus de portes ouvertes pour 2026, offrant une diversit\u00e9 d\u2019options rares entre MotoGP et WorldSBK. Reste \u00e0 savoir quelle d\u00e9cision tranchera cette partie d\u2019\u00e9checs.<\/p>\n<p>Points \u00e0 retenir<\/p>\n<ul>\n<li>Le march\u00e9 des pilotes en WorldSBK est particuli\u00e8rement agit\u00e9, en grande partie \u00e0 cause des mouvements en MotoGP.<\/li>\n<li>Jack Miller souhaite avant tout rester en MotoGP, mais son avenir dans cette cat\u00e9gorie est incertain.<\/li>\n<li>Honda est intrigu\u00e9e par Miller, mais d\u2019autres constructeurs, comme Yamaha, BMW ou Ducati, envisagent aussi de l\u2019accueillir.<\/li>\n<li>Le d\u00e9fi principal pour BMW est d\u2019abord de s\u00e9curiser Aron Canet, plac\u00e9 devant Miller dans la hi\u00e9rarchie des signatures.<\/li>\n<li>Miller dispose d\u2019un choix strat\u00e9gique important, mais devra peut-\u00eatre s\u2019adapter s\u2019il veut continuer \u00e0 courir en 2026.<\/li>\n<\/ul>\n<p>Au final, qui aurait cru qu\u2019un pilote aussi d\u00e9termin\u00e9 que Jack Miller deviendrait la pi\u00e8ce ma\u00eetresse d\u2019un jeu de chaises musicales entre MotoGP et WorldSBK ? Peut-\u00eatre qu\u2019il va falloir que les \u00e9quipes commencent \u00e0 prendre des notes du c\u00f4t\u00e9 de Miller, histoire de ne pas laisser filer ce joueur aux mille options. En attendant, nous, on garde popcorn et lunettes, parce que la saison 2026 risque bien d\u2019\u00eatre aussi palpitante qu\u2019un dernier tour de Grand Prix en pleine pluie. Allez, on parie ?<\/p>\n","protected":false},"excerpt":{"rendered":"Depuis plusieurs mois, la rumeur d\u2019un \u00e9ventuel transfert de Jack Miller vers le World Superbike (WorldSBK) en 2026&hellip;\n","protected":false},"author":2,"featured_media":268494,"comment_status":"","ping_status":"","sticky":false,"template":"","format":"standard","meta":{"footnotes":""},"categories":[1413],"tags":[1011,27,1457,1456,60],"class_list":{"0":"post-268493","1":"post","2":"type-post","3":"status-publish","4":"format-standard","5":"has-post-thumbnail","7":"category-moto","8":"tag-fr","9":"tag-france","10":"tag-moto","11":"tag-motocycle","12":"tag-sports"},"share_on_mastodon":{"url":"https:\/\/pubeurope.com\/@fr\/114903649273074121","error":""},"_links":{"self":[{"href":"https:\/\/www.europesays.com\/fr\/wp-json\/wp\/v2\/posts\/268493","targetHints":{"allow":["GET"]}}],"collection":[{"href":"https:\/\/www.europesays.com\/fr\/wp-json\/wp\/v2\/posts"}],"about":[{"href":"https:\/\/www.europesays.com\/fr\/wp-json\/wp\/v2\/types\/post"}],"author":[{"embeddable":true,"href":"https:\/\/www.europesays.com\/fr\/wp-json\/wp\/v2\/users\/2"}],"replies":[{"embeddable":true,"href":"https:\/\/www.europesays.com\/fr\/wp-json\/wp\/v2\/comments?post=268493"}],"version-history":[{"count":0,"href":"https:\/\/www.europesays.com\/fr\/wp-json\/wp\/v2\/posts\/268493\/revisions"}],"wp:featuredmedia":[{"embeddable":true,"href":"https:\/\/www.europesays.com\/fr\/wp-json\/wp\/v2\/media\/268494"}],"wp:attachment":[{"href":"https:\/\/www.europesays.com\/fr\/wp-json\/wp\/v2\/media?parent=268493"}],"wp:term":[{"taxonomy":"category","embeddable":true,"href":"https:\/\/www.europesays.com\/fr\/wp-json\/wp\/v2\/categories?post=268493"},{"taxonomy":"post_tag","embeddable":true,"href":"https:\/\/www.europesays.com\/fr\/wp-json\/wp\/v2\/tags?post=268493"}],"curies":[{"name":"wp","href":"https:\/\/api.w.org\/{rel}","templated":true}]}}