{"id":268499,"date":"2025-07-23T17:10:10","date_gmt":"2025-07-23T17:10:10","guid":{"rendered":"https:\/\/www.europesays.com\/fr\/268499\/"},"modified":"2025-07-23T17:10:10","modified_gmt":"2025-07-23T17:10:10","slug":"plus-ou-moins-cher-quen-ligue-2","status":"publish","type":"post","link":"https:\/\/www.europesays.com\/fr\/268499\/","title":{"rendered":"plus ou moins cher qu&rsquo;en Ligue 2\u00a0?"},"content":{"rendered":"<p>            Par<br \/>\n        <strong><br \/>\n            <a href=\"https:\/\/actu.fr\/auteur\/alexandre-gourlaouen\" title=\"Consulter tous les articles de Alexandre Gourlaouen\" target=\"_blank\" rel=\"noopener\">Alexandre Gourlaouen<\/a><br \/>\n        <\/strong><\/p>\n<p>        Publi\u00e9 le<\/p>\n<p>            23 juil. 2025 \u00e0 17h49        <\/p>\n<p><b>Le retour au stade Michel d\u2019Ornano<\/b> approche pour le <a href=\"https:\/\/actu.fr\/tag\/stade-malherbe-de-caen\" target=\"_blank\" rel=\"noopener\">Stade Malherbe Caen<\/a>. Les Rouge et Bleu lanceront leur parcours en National <b>face \u00e0 Aubagne vendredi 8 ao\u00fbt 2025<\/b> (19h30). La billetterie en ligne a ouvert mercredi 23 juillet 2025 <b>avec une l\u00e9g\u00e8re baisse de prix \u00e0 noter.<\/b><\/p>\n<p>Quelques euros de moins dans chaque cat\u00e9gorie<\/p>\n<p class=\" wall-content\">Descente en troisi\u00e8me division oblige, le SM Caen a mis en place une <b>baisse de prix <\/b>sur les <b>abonnements <\/b>et sur les <b>places au match.<\/b> Ainsi, les prix pour les moins de 18 ans <b>d\u00e9marrent \u00e0 4 euros<\/b>, augmentant selon le placement dans le stade.<\/p>\n<p class=\" wall-content\">\u00c0 titre de comparaison,<b> il en coutait 24 euros sans r\u00e9duction<\/b> pour une place en tribune haute au niveau de la ligne m\u00e9diane (cat\u00e9gorie 3) la saison derni\u00e8re. Pour la r\u00e9ception d\u2019Aubagne, pour le m\u00eame prix, <b>les spectateurs sont plac\u00e9s en cat\u00e9gorie 1<\/b>, de l\u2019autre c\u00f4t\u00e9 du terrain (du c\u00f4t\u00e9 des bancs de touche), et en tribune basse.<\/p>\n<p class=\" wall-content\">Les \u00e9tudiants<b> ont aussi un tarif pr\u00e9f\u00e9rentiel \u00e0 5 euros<\/b>, uniquement valable en tribune Borrelli haute.<\/p>\n<p class=\" wall-content\">Juste en dessous, la Borrelli basse <b>sera ferm\u00e9e pour cette premi\u00e8re rencontre de la saison<\/b>, apr\u00e8s une sanction de la Ligue <a href=\"https:\/\/actu.fr\/normandie\/caen_14118\/rien-ne-va-plus-au-sm-caen-une-tribune-du-stade-doit-fermer-pour-deux-matchs_62550099.html\" target=\"_blank\" rel=\"noopener\">suite \u00e0 l\u2019envahissement de terrain<\/a> apr\u00e8s la d\u00e9faite contre Martigues vendredi 18 avril 2025 (0-3). Les abonn\u00e9s de cette zone <b>seront replac\u00e9s en tribune haute.<\/b> Les nouvelles places sont \u00e0 retirer \u00e0 la boutique du club.<\/p>\n<p>Des tribunes non ouvertes \u00e0 la vente<\/p>\n<p class=\" wall-content\">S\u2019il est difficile d\u2019estimer <b>la fr\u00e9quentation \u00e0 attendre pour cette premi\u00e8re rencontre de la saison<\/b>, le club a choisi de ne pas ouvrir certaines tribunes. Ainsi, toute la couronne haute, except\u00e9 la tribune Borrelli, <b>n\u2019est pas accessible \u00e0 la vente grand public.<\/b><\/p>\n<p class=\" wall-content\">\u00c0 noter que, comme les saisons pr\u00e9c\u00e9dentes en Ligue 2, <b>les tarifs appliqu\u00e9s d\u00e9pendront de l\u2019affiche.<\/b> Alors que la billetterie pour les r\u00e9ceptions de Dijon et Valenciennes, pr\u00e9vues en septembre, n\u2019est pas encore ouverte, <b>le prix d\u2019appel<\/b> indiqu\u00e9 est de<b> 5 euros pour les moins de 18 ans.\u00a0<\/b><\/p>\n<p class=\" wall-content\">Suivez toute l\u2019actualit\u00e9 de vos villes et m\u00e9dias favoris en vous inscrivant \u00e0 <a href=\"https:\/\/moncompte.actu.fr\" title=\"D\u00e9couvez Mon Actu\" rel=\"nofollow noopener\" data-trk=\"{&quot;cta&quot;:{&quot;action&quot;:&quot;https:\\\/\\\/moncompte.actu.fr&quot;,&quot;category&quot;:&quot;mon compte&quot;,&quot;from&quot;:&quot;article footer&quot;,&quot;name&quot;:&quot;Mon actu&quot;,&quot;type&quot;:&quot;cta&quot;}}\" target=\"_blank\">Mon Actu<\/a>.<\/p>\n","protected":false},"excerpt":{"rendered":"Par Alexandre Gourlaouen Publi\u00e9 le 23 juil. 2025 \u00e0 17h49 Le retour au stade Michel d\u2019Ornano approche pour&hellip;\n","protected":false},"author":2,"featured_media":268500,"comment_status":"","ping_status":"","sticky":false,"template":"","format":"standard","meta":{"footnotes":""},"categories":[1410],"tags":[63,1011,27,1745,60,266,1746],"class_list":{"0":"post-268499","1":"post","2":"type-post","3":"status-publish","4":"format-standard","5":"has-post-thumbnail","7":"category-football","8":"tag-football","9":"tag-fr","10":"tag-france","11":"tag-sport-caen","12":"tag-sports","13":"tag-stade-malherbe-de-caen","14":"tag-stade-michel-dornano"},"share_on_mastodon":{"url":"https:\/\/pubeurope.com\/@fr\/114903660846179973","error":""},"_links":{"self":[{"href":"https:\/\/www.europesays.com\/fr\/wp-json\/wp\/v2\/posts\/268499","targetHints":{"allow":["GET"]}}],"collection":[{"href":"https:\/\/www.europesays.com\/fr\/wp-json\/wp\/v2\/posts"}],"about":[{"href":"https:\/\/www.europesays.com\/fr\/wp-json\/wp\/v2\/types\/post"}],"author":[{"embeddable":true,"href":"https:\/\/www.europesays.com\/fr\/wp-json\/wp\/v2\/users\/2"}],"replies":[{"embeddable":true,"href":"https:\/\/www.europesays.com\/fr\/wp-json\/wp\/v2\/comments?post=268499"}],"version-history":[{"count":0,"href":"https:\/\/www.europesays.com\/fr\/wp-json\/wp\/v2\/posts\/268499\/revisions"}],"wp:featuredmedia":[{"embeddable":true,"href":"https:\/\/www.europesays.com\/fr\/wp-json\/wp\/v2\/media\/268500"}],"wp:attachment":[{"href":"https:\/\/www.europesays.com\/fr\/wp-json\/wp\/v2\/media?parent=268499"}],"wp:term":[{"taxonomy":"category","embeddable":true,"href":"https:\/\/www.europesays.com\/fr\/wp-json\/wp\/v2\/categories?post=268499"},{"taxonomy":"post_tag","embeddable":true,"href":"https:\/\/www.europesays.com\/fr\/wp-json\/wp\/v2\/tags?post=268499"}],"curies":[{"name":"wp","href":"https:\/\/api.w.org\/{rel}","templated":true}]}}