{"id":26851,"date":"2025-04-15T15:32:10","date_gmt":"2025-04-15T15:32:10","guid":{"rendered":"https:\/\/www.europesays.com\/fr\/26851\/"},"modified":"2025-04-15T15:32:10","modified_gmt":"2025-04-15T15:32:10","slug":"ma-vie-avec-marcel-proust-le-manuel-de-survie-de-catherine-cusset-rts-ch","status":"publish","type":"post","link":"https:\/\/www.europesays.com\/fr\/26851\/","title":{"rendered":"\u00ab\u00a0Ma vie avec Marcel Proust\u00a0\u00bb, le manuel de survie de Catherine Cusset\u00a0 &#8211; rts.ch"},"content":{"rendered":"<p>Catherine Cusset, la romanci\u00e8re fac\u00e9tieuse de \u00ab\u00a0La haine de la famille\u00a0\u00bb, d\u00e9cortique les diff\u00e9rentes (bonnes) raisons de lire et relire \u00ab\u00a0\u00c0 la recherche du temps perdu\u00a0\u00bb. Dans ce qu\u2019elle dit sur Proust et sa phrase, sur sa vision de l\u2019amour, l\u2019autrice se confie sur ce qui l\u2019a construite.\u00a0<\/p>\n<p>Comme elle le raconte en pr\u00e9ambule, Catherine Cusset a lu trois fois \u00ab\u00a0\u00c0 la recherche du temps perdu\u00a0\u00bb en entier: \u00ab\u00a0A quinze ans, comme le grand roman de l\u2019amour; \u00e0 vingt ans, comme le grand roman de la soci\u00e9t\u00e9; \u00e0 cinquante ans, comme le grand roman de l\u2019\u00e9criture\u00a0\u00bb.<\/p>\n<p>C\u2019est donc sous ces trois prismes qu\u2019elle reprend sa lecture aujourd\u2019hui, expliquant dans un livre \u00e0 la fois dr\u00f4le, tr\u00e8s instructif et souvent \u00e9mouvant ce qui conf\u00e8re \u00e0 Marcel Proust une place unique dans la litt\u00e9rature fran\u00e7aise.<\/p>\n<blockquote class=\"rts-quote quote\">\n<p class=\"q-text\">Proust est un grand comique dans la veine de Moli\u00e8re et de Woody Allen: sa lecture est un remontant, une joie, un antid\u00e9presseur.<\/p>\n<p>  Extrait de \u00ab\u00a0Ma vie avec Marcel Proust\u00a0\u00bb de Catherine Cusset <\/p><\/blockquote>\n<p>Le r\u00e9sultat est passionnant. Catherine Cusset, qui a longtemps enseign\u00e9 la litt\u00e9rature fran\u00e7aise \u00e0 New York, sait rendre \u00e0 Proust sa modernit\u00e9, en soulignant ses pr\u00e9occupations ultra-contemporaines. Elle montre aussi \u00e0 quel point il est un romancier de l\u2019intime, capable de sonder comme aucun autre auteur nos tourments amoureux et nos incertitudes.<\/p>\n<p>Comprendre les codes humains<\/p>\n<p>L\u2019\u00e9crivaine raconte aussi la vie de Proust, analyse comment on le voit peu \u00e0 peu \u00e9voluer dans ce qu\u2019il dit sur le microcosme parisien qui l\u2019entoure, notamment \u00e0 propos de l\u2019aristocratie, adul\u00e9e au d\u00e9but de son travail et dont il se d\u00e9tache ensuite. Ainsi la romanci\u00e8re r\u00e9fl\u00e9chit \u00e0 la fa\u00e7on dont un \u00e9crivain peut s\u2019ins\u00e9rer, ou pas, dans les codes et les carcans impos\u00e9s par la soci\u00e9t\u00e9.<\/p>\n<p>\u00ab\u00a0Je m\u2019int\u00e9resse \u00e0 d\u00e9crire la fa\u00e7on d\u2019agir de l\u2019\u00eatre humain, parce qu\u2019elle est souvent absurde, confie Catherine Cusset dans le podcast QWERTZ du 15 avril. Mais par ailleurs j\u2019exprime une peur, celle de ce que j\u2019appelle mon insensibilit\u00e9. Je suis gaffeuse et parfois mes gaffes peuvent faire mal \u00e0 l\u2019autre. Et j\u2019ai extr\u00eamement peur de faire mal \u00e0 l\u2019autre.\u00a0\u00bb<\/p>\n<p>Et c\u2019est aussi un aspect extr\u00eamement int\u00e9ressant de ce livre, qui raconte trente-cinq ans d\u2019\u00e9criture de Catherine Cusset. Ce n\u2019est pas la premi\u00e8re fois que l\u2019autrice travaille \u00e0 partir d\u2019un mat\u00e9riau autobiographique. Elle explore des moments-cl\u00e9s de sa vie, analyse ce dont elle a h\u00e9rit\u00e9 de sa famille, raconte ses d\u00e9buts de romanci\u00e8re et revient sur la gen\u00e8se de ce qui est peut-\u00eatre l&rsquo;un de ses plus beaux livres: \u00ab\u00a0L\u2019autre qu\u2019on adorait\u00a0\u00bb (2016). C\u2019\u00e9tait le poignant portrait d\u2019un ami proche, brillant et dr\u00f4le, fou de Proust. Un \u00e9ternel inadapt\u00e9 qui un jour s\u2019est suicid\u00e9, \u00e0 peu pr\u00e8s \u00e0 l\u2019\u00e2ge o\u00f9 l\u2019auteur d'\u00a0\u00bb\u00c0 la recherche du temps perdu\u00a0\u00bb s\u2019est mis \u00e0 \u00e9crire.<\/p>\n<p class=\"sources\">Sylvie Tanette\/aq<\/p>\n<p class=\"article-footnote\">Catherine Cusset, \u00ab\u00a0Ma vie avec Marcel Proust\u00a0\u00bb, Gallimard, mars 2025.<\/p>\n<p class=\"article-footnote\">Vous aimez lire?\u00a0<a href=\"https:\/\/www.rts.ch\/info\/culture\/livres\/10829254-vous-aimez-les-livres-voici-qwertz.html\" data-item-id=\"richtext_link\" target=\"_blank\" rel=\"noopener\">Abonnez-vous \u00e0 QWERTZ<\/a>\u00a0et recevez chaque vendredi cette newsletter consacr\u00e9e \u00e0 l&rsquo;actualit\u00e9 du livre pr\u00e9par\u00e9e par RTS Culture.<\/p>\n","protected":false},"excerpt":{"rendered":"Catherine Cusset, la romanci\u00e8re fac\u00e9tieuse de \u00ab\u00a0La haine de la famille\u00a0\u00bb, d\u00e9cortique les diff\u00e9rentes (bonnes) raisons de lire&hellip;\n","protected":false},"author":2,"featured_media":26852,"comment_status":"","ping_status":"","sticky":false,"template":"","format":"standard","meta":{"footnotes":""},"categories":[1357],"tags":[1693,1379,9475,251,58,9476,2005,59,652,1011,27,1351,1380,9477,9303,2004],"class_list":{"0":"post-26851","1":"post","2":"type-post","3":"status-publish","4":"format-standard","5":"has-post-thumbnail","7":"category-livres","8":"tag-arts-et-divertissement","9":"tag-books","10":"tag-catherine-cusset","11":"tag-culture","12":"tag-divertissement","13":"tag-ecriture","14":"tag-ecrivain","15":"tag-entertainment","16":"tag-famille","17":"tag-fr","18":"tag-france","19":"tag-litterature","20":"tag-livres","21":"tag-marcel-proust","22":"tag-recherche-scientifique","23":"tag-roman"},"share_on_mastodon":{"url":"https:\/\/pubeurope.com\/@fr\/114342706956877873","error":""},"_links":{"self":[{"href":"https:\/\/www.europesays.com\/fr\/wp-json\/wp\/v2\/posts\/26851","targetHints":{"allow":["GET"]}}],"collection":[{"href":"https:\/\/www.europesays.com\/fr\/wp-json\/wp\/v2\/posts"}],"about":[{"href":"https:\/\/www.europesays.com\/fr\/wp-json\/wp\/v2\/types\/post"}],"author":[{"embeddable":true,"href":"https:\/\/www.europesays.com\/fr\/wp-json\/wp\/v2\/users\/2"}],"replies":[{"embeddable":true,"href":"https:\/\/www.europesays.com\/fr\/wp-json\/wp\/v2\/comments?post=26851"}],"version-history":[{"count":0,"href":"https:\/\/www.europesays.com\/fr\/wp-json\/wp\/v2\/posts\/26851\/revisions"}],"wp:featuredmedia":[{"embeddable":true,"href":"https:\/\/www.europesays.com\/fr\/wp-json\/wp\/v2\/media\/26852"}],"wp:attachment":[{"href":"https:\/\/www.europesays.com\/fr\/wp-json\/wp\/v2\/media?parent=26851"}],"wp:term":[{"taxonomy":"category","embeddable":true,"href":"https:\/\/www.europesays.com\/fr\/wp-json\/wp\/v2\/categories?post=26851"},{"taxonomy":"post_tag","embeddable":true,"href":"https:\/\/www.europesays.com\/fr\/wp-json\/wp\/v2\/tags?post=26851"}],"curies":[{"name":"wp","href":"https:\/\/api.w.org\/{rel}","templated":true}]}}