{"id":268522,"date":"2025-07-23T17:22:10","date_gmt":"2025-07-23T17:22:10","guid":{"rendered":"https:\/\/www.europesays.com\/fr\/268522\/"},"modified":"2025-07-23T17:22:10","modified_gmt":"2025-07-23T17:22:10","slug":"dans-un-avis-historique-la-cour-internationale-de-justice-ouvre-la-voie-aux-reparations-climatiques","status":"publish","type":"post","link":"https:\/\/www.europesays.com\/fr\/268522\/","title":{"rendered":"Dans un avis \u00abhistorique\u00bb, la Cour internationale de justice ouvre la voie aux \u00abr\u00e9parations\u00bb climatiques"},"content":{"rendered":"<p>Les \u00c9tats ont \u00abdes obligations strictes de prot\u00e9ger le syst\u00e8me climatique\u00bb, y compris \u00e0 l\u2019\u00e9gard des g\u00e9n\u00e9rations futures, estime mercredi la Cour dans un avis consultatif tr\u00e8s attendu.<\/p>\n<p class=\"fig-paragraph\">Les \u00c9tats qui violent leurs obligations climatiques commettent un acte \u00abillicite\u00bb et pourraient se voir r\u00e9clamer des r\u00e9parations par les pays les plus affect\u00e9s, conclut mercredi la Cour internationale de justice dans un avis consultatif in\u00e9dit et qualifi\u00e9 d\u2019\u00abhistorique\u00bb par nombre d\u2019experts, car destin\u00e9 \u00e0 influencer la jurisprudence mondiale. La plus haute juridiction de l&rsquo;ONU, bas\u00e9e \u00e0 La Haye, \u00e9tablit \u00e0 l&rsquo;unanimit\u00e9 dans cet avis, initialement demand\u00e9 par des \u00e9tudiants sur l&rsquo;archipel de Vanuatu, une interpr\u00e9tation juridique du droit international, dont des l\u00e9gislateurs, avocats et juges du monde entier peuvent d\u00e9sormais se saisir pour changer les lois ou attaquer en justice les \u00c9tats pour leur<a href=\"http:\/\/www.lefigaro.fr\/sciences\/secheresses-inondations-des-sinistres-attaquent-l-etat-pour-inaction-climatique-20250408\" data-fig-type=\"NewsFlash\" data-gtm-custom-categorie=\"navigation\" data-gtm-custom-action=\"crossclick\" data-gtm-custom-label=\"Contextuel\" data-gtm-event=\"customEventSPE\" data-fig-domain=\"LEFIGARO\" rel=\"nofollow noopener\" target=\"_blank\">\u00a0inaction climatique.<\/a><\/p>\n<p class=\"fig-paragraph\">La d\u00e9gradation du climat,\u00a0<a href=\"http:\/\/www.lefigaro.fr\/sciences\/rechauffement-climatique-le-budget-carbone-mondial-sera-tres-bientot-epuise-20250619\" target=\"_blank\" data-fig-type=\"NewsFlash\" rel=\"noopener nofollow\" data-gtm-custom-categorie=\"navigation\" data-gtm-custom-action=\"crossclick\" data-gtm-custom-label=\"Contextuel\" data-gtm-event=\"customEventSPE\" data-fig-domain=\"LEFIGARO\">caus\u00e9 par les \u00e9missions de gaz \u00e0 effet de serre<\/a>, est une \u00abmenace urgente et existentielle\u00bb, a d\u00e9clar\u00e9 le juge Yuji Iwasawa, pr\u00e9sident de la Cour, lors d&rsquo;un discours de deux heures. \u00ab Il s\u2019agit d\u2019une pr\u00e9occupation d\u2019ampleur plan\u00e9taire qui menace toutes les formes de vie\u2026 La Cour rend cet avis avec l\u2019espoir que ses conclusions permettront au droit d\u2019inspirer et d\u2019orienter l\u2019action sociale et politique pour r\u00e9soudre la crise climatique actuelle\u00bb, a-t-il ajout\u00e9.<\/p>\n<p>                                    <a class=\"fig-a11y-skip a11y-hidden\" href=\"#fig-a11y-skip-main-inarticle\"><br \/>\n        Passer la publicit\u00e9<br \/>\n    <\/a><\/p>\n<p class=\"fig-paragraph\">La Cour a rejet\u00e9 l&rsquo;id\u00e9e d\u00e9fendue par les grands pays \u00e9metteurs de gaz \u00e0 effet de serre que les trait\u00e9s climatiques existants &#8211; et notamment\u00a0<a href=\"http:\/\/www.lefigaro.fr\/sciences\/cop29-comment-les-pays-ont-scelle-un-accord-financier-qui-decoit-presque-tout-le-monde-20241124\" target=\"_blank\" data-fig-type=\"Article\" rel=\"noopener nofollow\" data-gtm-custom-categorie=\"navigation\" data-gtm-custom-action=\"crossclick\" data-gtm-custom-label=\"Contextuel\" data-gtm-event=\"customEventSPE\" data-fig-domain=\"LEFIGARO\">le processus de n\u00e9gociation des COP annuelles &#8211;<\/a>\u00a0\u00e9taient suffisants. Les \u00c9tats ont \u00abdes obligations strictes de prot\u00e9ger le syst\u00e8me climatique\u00bb, a-t-il argu\u00e9. En accord avec les petits pays insulaires, il a confirm\u00e9 que le climat devait \u00eatre \u00abprot\u00e9g\u00e9 pour les g\u00e9n\u00e9rations pr\u00e9sentes et futures\u00bb &#8211; alors que les grands pays pollueurs refusaient absolument de reconna\u00eetre l\u00e9galement les droits d&rsquo;individus pas encore n\u00e9s.<\/p>\n<p class=\"fig-body-link\">\n            \u00c0 lire aussi<br \/>\n        <a class=\"fig-body-link__link fig-premium-mark\" href=\"http:\/\/www.lefigaro.fr\/sciences\/tensions-mise-en-scene-a-bakou-dans-les-coulisses-d-une-cop29-difficile-et-bizarre-20241125\" target=\"_blank\" data-fig-type=\"Article\" rel=\"noopener nofollow\" data-gtm-custom-categorie=\"navigation\" data-gtm-custom-action=\"crossclick\" data-gtm-custom-label=\"Contextuel\" data-gtm-event=\"customEventSPE\" data-fig-domain=\"LEFIGARO\">Tensions, mise en sc\u00e8ne&#8230; \u00c0 Bakou, dans les coulisses d\u2019une COP29 \u00abdifficile\u00bb et \u00abbizarre\u00bb<br \/>\n    <\/a>\n<\/p>\n<p class=\"fig-paragraph\">La partie la plus cons\u00e9quente de l&rsquo;avis, et qui suscitera le plus de r\u00e9sistance chez les pays riches, d\u00e9coule selon la Cour de ces obligations: les compensations dues aux pays ravag\u00e9s par le climat. \u00abLes cons\u00e9quences juridiques r\u00e9sultant de la commission d&rsquo;un fait internationalement illicite peuvent inclure [&#8230;] la r\u00e9paration int\u00e9grale du pr\u00e9judice subi par les \u00c9tats l\u00e9s\u00e9s sous forme de restitution, de compensation et de satisfaction\u00bb, a d\u00e9clar\u00e9 Yuji Iwasawa. La Cour ajoute toutefois qu&rsquo;un lien de causalit\u00e9 direct et certain doit \u00eatre \u00e9tabli \u00abentre le fait illicite et le pr\u00e9judice\u00bb, certes difficile \u00e0 \u00e9tablir devant une juridiction mais \u00abpas impossible\u00bb pour autant, concluent les 15 juges de la CIJ. Il s&rsquo;agit du cinqui\u00e8me avis unanime de la Cour en 80 ans, selon l&rsquo;ONU.<\/p>\n<p>Reculs politiques, avanc\u00e9es juridiques<\/p>\n<p class=\"fig-paragraph\">\u00abLe changement climatique n&rsquo;est pas qu&rsquo;un exercice acad\u00e9mique&#8230; On le vit au quotidien\u00bb, disait \u00e0 l&rsquo;AFP l&rsquo;\u00e9tudiant fidjien Vishal Prasad, 29 ans, qui a lanc\u00e9 la campagne en 2019 avec d&rsquo;autres \u00e9tudiants de l&rsquo;universit\u00e9 du Pacifique Sud, au Vanuatu. Nombre d&rsquo;ONG et militants attendaient avec impatience cet avis, frustr\u00e9s par l&rsquo;inaction ou la lenteur des pays \u00e0 r\u00e9duire leur combustion de p\u00e9trole, de charbon et de gaz. Quelques dizaines \u00e9taient pr\u00e9sents mercredi au Palais de la Paix, si\u00e8ge de la CIJ, derri\u00e8re une banderole imprim\u00e9e avant l&rsquo;audience et qui clame: \u00ables tribunaux ont parl\u00e9 &#8211; les gouvernements doivent agir maintenant\u00bb.<\/p>\n<p>    Nombre d\u2019ONG et militants attendaient avec impatience cet avis, frustr\u00e9s par l\u2019inaction ou la lenteur des pays \u00e0 r\u00e9duire leur combustion de p\u00e9trole, de charbon et de gaz.<br \/>\n                Marta Fiorin \/ REUTERS<\/p>\n<p class=\"fig-paragraph\"><a href=\"http:\/\/www.lefigaro.fr\/flash-actu\/l-onu-adopte-une-resolution-historique-pour-la-justice-climatique-20230329\" target=\"_blank\" data-fig-type=\"NewsFlash\" rel=\"noopener nofollow\" data-gtm-custom-categorie=\"navigation\" data-gtm-custom-action=\"crossclick\" data-gtm-custom-label=\"Contextuel\" data-gtm-event=\"customEventSPE\" data-fig-domain=\"LEFIGARO\">Les Nations unies avaient charg\u00e9, par un vote de l&rsquo;Assembl\u00e9e g\u00e9n\u00e9rale,\u00a0<\/a>la CIJ de r\u00e9pondre \u00e0 deux questions. Premi\u00e8rement: quelles obligations les \u00c9tats ont-ils en vertu du droit international de prot\u00e9ger la Terre contre les \u00e9missions de gaz \u00e0 effet de serre, majoritairement g\u00e9n\u00e9r\u00e9es par la combustion du p\u00e9trole, du charbon et du gaz,\u00a0<a href=\"http:\/\/www.lefigaro.fr\/sciences\/une-vie-en-terra-incognita-pour-les-jeunes-generations-le-poids-sans-precedent-du-fardeau-climatique-20250508\" target=\"_blank\" data-fig-type=\"Article\" rel=\"noopener nofollow\" data-gtm-custom-categorie=\"navigation\" data-gtm-custom-action=\"crossclick\" data-gtm-custom-label=\"Contextuel\" data-gtm-event=\"customEventSPE\" data-fig-domain=\"LEFIGARO\">pour les g\u00e9n\u00e9rations pr\u00e9sentes et futures?\u00a0<\/a>Deuxi\u00e8mement, quelles sont les cons\u00e9quences juridiques de ces obligations pour les \u00c9tats dont les \u00e9missions ont caus\u00e9 des dommages environnementaux, en particulier envers les \u00c9tats insulaires vuln\u00e9rables de faible altitude? La Cour a d\u00fb organiser les plus grandes audiences de son histoire, avec plus de 100 nations et groupes prenant la parole, en d\u00e9cembre au Palais de la Paix.<\/p>\n<p class=\"fig-paragraph\">La bataille du climat investit de plus en plus les tribunaux, qu&rsquo;ils soient nationaux ou internationaux, pour forcer une action climatique d&rsquo;une ampleur que les n\u00e9gociations au niveau politique n&rsquo;arrivent pas \u00e0 d\u00e9clencher &#8211; a fortiori \u00e0 une p\u00e9riode o\u00f9\u00a0<a href=\"http:\/\/www.lefigaro.fr\/sciences\/wopke-hoekstra-commissaire-europeen-au-climat-le-nucleaire-fait-partie-de-la-solution-20250620\" target=\"_blank\" data-fig-type=\"Article\" rel=\"noopener nofollow\" data-gtm-custom-categorie=\"navigation\" data-gtm-custom-action=\"crossclick\" data-gtm-custom-label=\"Contextuel\" data-gtm-event=\"customEventSPE\" data-fig-domain=\"LEFIGARO\">Europe<\/a>\u00a0et\u00a0<a href=\"http:\/\/www.lefigaro.fr\/sciences\/accord-de-paris-petrole-renouvelables-ce-que-le-retour-de-donald-trump-pourrait-changer-pour-le-climat-20241106\" target=\"_blank\" data-fig-type=\"Article\" rel=\"noopener nofollow\" data-gtm-custom-categorie=\"navigation\" data-gtm-custom-action=\"crossclick\" data-gtm-custom-label=\"Contextuel\" data-gtm-event=\"customEventSPE\" data-fig-domain=\"LEFIGARO\">\u00c9tats-Unis<\/a>\u00a0ralentissent ou reculent sur leurs engagements.\u00a0<a href=\"http:\/\/www.lefigaro.fr\/sciences\/ana-toni-directrice-generale-de-la-cop30-le-changement-climatique-est-aussi-une-guerre-silencieuse-qui-envahit-nos-foyers-20250427\" target=\"_blank\" data-fig-type=\"Article\" rel=\"noopener nofollow\" data-gtm-custom-categorie=\"navigation\" data-gtm-custom-action=\"crossclick\" data-gtm-custom-label=\"Contextuel\" data-gtm-event=\"customEventSPE\" data-fig-domain=\"LEFIGARO\">Les COP annuelles<\/a>\u00a0ont certes permis d&rsquo;infl\u00e9chir les pr\u00e9visions de r\u00e9chauffement, mais encore tr\u00e8s insuffisamment pour tenir l&rsquo;objectif limite de 2\u00b0C, par rapport \u00e0 l&rsquo;\u00e8re pr\u00e9industrielle, fix\u00e9 par l&rsquo;accord de Paris de 2015. Le monde en est d\u00e9j\u00e0 \u00e0 au moins 1,3\u00b0C de r\u00e9chauffement.<\/p>\n<p>                                    <a class=\"fig-a11y-skip a11y-hidden\" href=\"#fig-a11y-skip-main-inarticle_mtf\"><br \/>\n        Passer la publicit\u00e9<br \/>\n    <\/a><\/p>\n<p class=\"fig-paragraph\">Cet avis n\u2019est certes pas contraignant mais le droit international se construit avec de tels avis, a expliqu\u00e9 \u00e0 l&rsquo;AFP Andrew Raine, du d\u00e9partement juridique de l&rsquo;ONU Environnement: \u00abIls clarifient la mani\u00e8re dont le droit international s&rsquo;applique \u00e0 la crise climatique, ce qui a des r\u00e9percussions sur les tribunaux nationaux, les processus l\u00e9gislatifs et les d\u00e9bats publics\u00bb. \u00abC\u2019est une d\u00e9cision majeure\u00bb, estime de son c\u00f4t\u00e9 Johan Rockstr\u00f6m, directeur d\u2019un des instituts europ\u00e9ens les plus reconnus sur le climat, le Potsdam Institute for Climate Impact Research. Chaque pays peut selon lui \u00ab\u00eatre tenu pour responsable\u00bb devant les tribunaux, m\u00eame s\u2019il n\u2019est pas signataire des trait\u00e9s de l\u2019ONU\u00bb.<\/p>\n<p class=\"fig-paragraph\">Pour Mary Robinson, ancienne pr\u00e9sidente d\u2019Irlande et ex-Haut-Commissaire des Nations Unies aux droits de l\u2019homme, \u00abaujourd\u2019hui, la situation est renvers\u00e9e. La plus haute cour du monde nous fournit un nouvel outil puissant pour prot\u00e9ger les populations contre les effets d\u00e9vastateurs de la crise climatique et pour rendre justice aux dommages d\u00e9j\u00e0 caus\u00e9s par leurs \u00e9missions.\u00bb Cette reconnaissance ouvre donc la porte \u00e0 de nouvelles revendications juridiques.<\/p>\n","protected":false},"excerpt":{"rendered":"Les \u00c9tats ont \u00abdes obligations strictes de prot\u00e9ger le syst\u00e8me climatique\u00bb, y compris \u00e0 l\u2019\u00e9gard des g\u00e9n\u00e9rations futures,&hellip;\n","protected":false},"author":2,"featured_media":268523,"comment_status":"","ping_status":"","sticky":false,"template":"","format":"standard","meta":{"footnotes":""},"categories":[5],"tags":[11,1011,27,14,303,12,5140,28],"class_list":{"0":"post-268522","1":"post","2":"type-post","3":"status-publish","4":"format-standard","5":"has-post-thumbnail","7":"category-international","8":"tag-actualites","9":"tag-fr","10":"tag-france","11":"tag-international","12":"tag-justice","13":"tag-news","14":"tag-rechauffement-climatique","15":"tag-world"},"share_on_mastodon":{"url":"https:\/\/pubeurope.com\/@fr\/114903708025280881","error":""},"_links":{"self":[{"href":"https:\/\/www.europesays.com\/fr\/wp-json\/wp\/v2\/posts\/268522","targetHints":{"allow":["GET"]}}],"collection":[{"href":"https:\/\/www.europesays.com\/fr\/wp-json\/wp\/v2\/posts"}],"about":[{"href":"https:\/\/www.europesays.com\/fr\/wp-json\/wp\/v2\/types\/post"}],"author":[{"embeddable":true,"href":"https:\/\/www.europesays.com\/fr\/wp-json\/wp\/v2\/users\/2"}],"replies":[{"embeddable":true,"href":"https:\/\/www.europesays.com\/fr\/wp-json\/wp\/v2\/comments?post=268522"}],"version-history":[{"count":0,"href":"https:\/\/www.europesays.com\/fr\/wp-json\/wp\/v2\/posts\/268522\/revisions"}],"wp:featuredmedia":[{"embeddable":true,"href":"https:\/\/www.europesays.com\/fr\/wp-json\/wp\/v2\/media\/268523"}],"wp:attachment":[{"href":"https:\/\/www.europesays.com\/fr\/wp-json\/wp\/v2\/media?parent=268522"}],"wp:term":[{"taxonomy":"category","embeddable":true,"href":"https:\/\/www.europesays.com\/fr\/wp-json\/wp\/v2\/categories?post=268522"},{"taxonomy":"post_tag","embeddable":true,"href":"https:\/\/www.europesays.com\/fr\/wp-json\/wp\/v2\/tags?post=268522"}],"curies":[{"name":"wp","href":"https:\/\/api.w.org\/{rel}","templated":true}]}}